{"id":1096,"date":"2022-02-14T08:51:28","date_gmt":"2022-02-14T07:51:28","guid":{"rendered":"https:\/\/www.ewigerbund.org\/volk\/?p=1096"},"modified":"2022-02-19T19:53:06","modified_gmt":"2022-02-19T18:53:06","slug":"mario","status":"publish","type":"post","link":"https:\/\/www.ewigerbund.org\/volk\/mario\/","title":{"rendered":"Mario."},"content":{"rendered":"\n<h2 class=\"wp-block-heading\" id=\"mario-aus-dem-deutschen-bundesstaat-preussen\">Mario aus dem Deutschen Bundesstaat Preu\u00dfen.<\/h2>\n\n\n\n<figure class=\"wp-block-embed is-type-video is-provider-vimeo wp-block-embed-vimeo wp-embed-aspect-16-9 wp-has-aspect-ratio\"><div class=\"wp-block-embed__wrapper\">\n<iframe loading=\"lazy\" src=\"https:\/\/player.vimeo.com\/video\/676608352?h=d0cdbf61e9&amp;dnt=1&amp;app_id=122963\" width=\"1200\" height=\"675\" frameborder=\"0\" allow=\"autoplay; fullscreen; picture-in-picture\" allowfullscreen><\/iframe>\n<\/div><\/figure>\n\n\n\n<blockquote class=\"wp-block-quote is-layout-flow wp-block-quote-is-layout-flow\"><p>\u201eMan nennt mich Mario. Ich geh\u00f6re dem Deutschen Bundesstaat Preu\u00dfen an, seit 2021 auch dem Ewigen Bund. Ich bin im Ewigen Bund, weil alles im Ewigen Bund auf Basis g\u00fcltiger Deutscher Gesetze geschieht, s\u00e4mtliche Inhalte von mir gepr\u00fcft und f\u00fcr richtig befunden wurden. Der Ewige Bund ist der einzige gesetzlich legitime Weg zu Frieden und Freiheit.\u201c<\/p><cite>Mario<\/cite><\/blockquote>\n\n\n\n<hr class=\"wp-block-separator has-text-color has-background has-base-background-color has-base-color is-style-wide\"\/>\n\n\n\n<h3 class=\"has-text-align-center wp-block-heading\" id=\"auch-du-kannst-dabei-sein\">Auch Du kannst dabei sein.<\/h3>\n\n\n<div class=\"gb-button-wrapper gb-button-wrapper-627256c8\">\n\n<a class=\"gb-button gb-button-b5d8f0b6 gb-button-text\" href=\"https:\/\/www.ewigerbund.org\/volk\/\">Jetzt melden!<\/a>\n\n<\/div>\n\n\n<hr class=\"wp-block-separator has-text-color has-background has-base-background-color has-base-color is-style-wide\"\/>\n\n\n\n<figure class=\"wp-block-image size-full\"><a href=\"https:\/\/vhd1.hilfsdienst.net\/wp-content\/uploads\/flugblatt\/gesicht\/gesichter.pdf\" target=\"_blank\" rel=\"noopener\"><img loading=\"lazy\" decoding=\"async\" width=\"877\" height=\"620\" src=\"https:\/\/www.ewigerbund.org\/volk\/wp-content\/uploads\/sites\/9\/2022\/02\/FB-EB-DerWegZurLoesung2.png\" alt=\"\" class=\"wp-image-998\" srcset=\"https:\/\/www.ewigerbund.org\/volk\/wp-content\/uploads\/sites\/9\/2022\/02\/FB-EB-DerWegZurLoesung2.png 877w, https:\/\/www.ewigerbund.org\/volk\/wp-content\/uploads\/sites\/9\/2022\/02\/FB-EB-DerWegZurLoesung2-300x212.png 300w, https:\/\/www.ewigerbund.org\/volk\/wp-content\/uploads\/sites\/9\/2022\/02\/FB-EB-DerWegZurLoesung2-768x543.png 768w\" sizes=\"auto, (max-width: 877px) 100vw, 877px\" \/><\/a><\/figure>\n","protected":false},"excerpt":{"rendered":"<p>Mario aus dem Deutschen Bundesstaat Preu\u00dfen. \u201eMan nennt mich Mario. Ich geh\u00f6re dem Deutschen Bundesstaat Preu\u00dfen an, seit 2021 auch dem Ewigen Bund. Ich bin im Ewigen Bund, weil alles im Ewigen Bund auf Basis g\u00fcltiger Deutscher Gesetze geschieht, s\u00e4mtliche Inhalte von mir gepr\u00fcft und f\u00fcr richtig befunden wurden. Der Ewige Bund ist der einzige &#8230; <\/p>\n<p class=\"read-more-container\"><a title=\"Mario.\" class=\"read-more button\" href=\"https:\/\/www.ewigerbund.org\/volk\/mario\/#more-1096\" aria-label=\"Mehr zu Mario.\">Weiterlesen &#8230;<\/a><\/p>\n","protected":false},"author":1,"featured_media":1151,"comment_status":"closed","ping_status":"closed","sticky":false,"template":"","format":"standard","meta":{"footnotes":""},"categories":[1],"tags":[32,29],"class_list":["post-1096","post","type-post","status-publish","format-standard","has-post-thumbnail","hentry","category-allgemein","tag-preussen","tag-wer-sind-wir"],"yoast_head":"<!-- This site is optimized with the Yoast SEO plugin v23.1 - https:\/\/yoast.com\/wordpress\/plugins\/seo\/ -->\n<title>Mario. - Volkswohlfahrt<\/title>\n<meta name=\"description\" content=\"Ich bin im Ewigen Bund, weil alles im EB auf Basis g\u00fcltiger Deutscher Gesetze geschieht, s\u00e4mtliche Inhalte von mir gepr\u00fcft und f\u00fcr richtig befunden wurden.\" \/>\n<meta name=\"robots\" content=\"index, follow, max-snippet:-1, max-image-preview:large, max-video-preview:-1\" \/>\n<link rel=\"canonical\" href=\"https:\/\/www.ewigerbund.org\/volk\/mario\/\" \/>\n<meta property=\"og:locale\" content=\"de_DE\" \/>\n<meta property=\"og:type\" content=\"article\" \/>\n<meta property=\"og:title\" content=\"Mario. - Volkswohlfahrt\" \/>\n<meta property=\"og:description\" content=\"Ich bin im Ewigen Bund, weil alles im EB auf Basis g\u00fcltiger Deutscher Gesetze geschieht, s\u00e4mtliche Inhalte von mir gepr\u00fcft und f\u00fcr richtig befunden wurden.\" \/>\n<meta property=\"og:url\" content=\"https:\/\/www.ewigerbund.org\/volk\/mario\/\" \/>\n<meta property=\"og:site_name\" content=\"Volkswohlfahrt\" \/>\n<meta property=\"article:published_time\" content=\"2022-02-14T07:51:28+00:00\" \/>\n<meta property=\"article:modified_time\" content=\"2022-02-19T18:53:06+00:00\" \/>\n<meta property=\"og:image\" content=\"https:\/\/www.ewigerbund.org\/volk\/wp-content\/uploads\/sites\/9\/2022\/02\/K800_Mario-1024x574-1.jpg\" \/>\n\t<meta property=\"og:image:width\" content=\"1024\" \/>\n\t<meta property=\"og:image:height\" content=\"574\" \/>\n\t<meta property=\"og:image:type\" content=\"image\/jpeg\" \/>\n<meta name=\"author\" content=\"Ewiger Bund (Offiziell)\" \/>\n<meta name=\"twitter:card\" content=\"summary_large_image\" \/>\n<meta name=\"twitter:label1\" content=\"Verfasst von\" \/>\n\t<meta name=\"twitter:data1\" content=\"Ewiger Bund (Offiziell)\" \/>\n\t<meta name=\"twitter:label2\" content=\"Gesch\u00e4tzte Lesezeit\" \/>\n\t<meta name=\"twitter:data2\" content=\"1\u00a0Minute\" \/>\n<script type=\"application\/ld+json\" class=\"yoast-schema-graph\">{\"@context\":\"https:\/\/schema.org\",\"@graph\":[{\"@type\":\"Article\",\"@id\":\"https:\/\/www.ewigerbund.org\/volk\/mario\/#article\",\"isPartOf\":{\"@id\":\"https:\/\/www.ewigerbund.org\/volk\/mario\/\"},\"author\":{\"name\":\"Ewiger Bund (Offiziell)\",\"@id\":\"https:\/\/www.ewigerbund.org\/volk\/#\/schema\/person\/0362e92185f3785946d79eb35c5d3b96\"},\"headline\":\"Mario.\",\"datePublished\":\"2022-02-14T07:51:28+00:00\",\"dateModified\":\"2022-02-19T18:53:06+00:00\",\"mainEntityOfPage\":{\"@id\":\"https:\/\/www.ewigerbund.org\/volk\/mario\/\"},\"wordCount\":83,\"publisher\":{\"@id\":\"https:\/\/www.ewigerbund.org\/volk\/#organization\"},\"image\":{\"@id\":\"https:\/\/www.ewigerbund.org\/volk\/mario\/#primaryimage\"},\"thumbnailUrl\":\"https:\/\/www.ewigerbund.org\/volk\/wp-content\/uploads\/sites\/9\/2022\/02\/K800_Mario-1024x574-1.jpg\",\"keywords\":[\"Preu\u00dfen\",\"Wer sind Wir?\"],\"inLanguage\":\"de\"},{\"@type\":\"WebPage\",\"@id\":\"https:\/\/www.ewigerbund.org\/volk\/mario\/\",\"url\":\"https:\/\/www.ewigerbund.org\/volk\/mario\/\",\"name\":\"Mario. - Volkswohlfahrt\",\"isPartOf\":{\"@id\":\"https:\/\/www.ewigerbund.org\/volk\/#website\"},\"primaryImageOfPage\":{\"@id\":\"https:\/\/www.ewigerbund.org\/volk\/mario\/#primaryimage\"},\"image\":{\"@id\":\"https:\/\/www.ewigerbund.org\/volk\/mario\/#primaryimage\"},\"thumbnailUrl\":\"https:\/\/www.ewigerbund.org\/volk\/wp-content\/uploads\/sites\/9\/2022\/02\/K800_Mario-1024x574-1.jpg\",\"datePublished\":\"2022-02-14T07:51:28+00:00\",\"dateModified\":\"2022-02-19T18:53:06+00:00\",\"description\":\"Ich bin im Ewigen Bund, weil alles im EB auf Basis g\u00fcltiger Deutscher Gesetze geschieht, s\u00e4mtliche Inhalte von mir gepr\u00fcft und f\u00fcr richtig befunden wurden.\",\"breadcrumb\":{\"@id\":\"https:\/\/www.ewigerbund.org\/volk\/mario\/#breadcrumb\"},\"inLanguage\":\"de\",\"potentialAction\":[{\"@type\":\"ReadAction\",\"target\":[\"https:\/\/www.ewigerbund.org\/volk\/mario\/\"]}]},{\"@type\":\"ImageObject\",\"inLanguage\":\"de\",\"@id\":\"https:\/\/www.ewigerbund.org\/volk\/mario\/#primaryimage\",\"url\":\"https:\/\/www.ewigerbund.org\/volk\/wp-content\/uploads\/sites\/9\/2022\/02\/K800_Mario-1024x574-1.jpg\",\"contentUrl\":\"https:\/\/www.ewigerbund.org\/volk\/wp-content\/uploads\/sites\/9\/2022\/02\/K800_Mario-1024x574-1.jpg\",\"width\":1024,\"height\":574},{\"@type\":\"BreadcrumbList\",\"@id\":\"https:\/\/www.ewigerbund.org\/volk\/mario\/#breadcrumb\",\"itemListElement\":[{\"@type\":\"ListItem\",\"position\":1,\"name\":\"Startseite\",\"item\":\"https:\/\/www.ewigerbund.org\/volk\/\"},{\"@type\":\"ListItem\",\"position\":2,\"name\":\"Mario.\"}]},{\"@type\":\"WebSite\",\"@id\":\"https:\/\/www.ewigerbund.org\/volk\/#website\",\"url\":\"https:\/\/www.ewigerbund.org\/volk\/\",\"name\":\"Volkswohlfahrt\",\"description\":\"was ist zu tun?\",\"publisher\":{\"@id\":\"https:\/\/www.ewigerbund.org\/volk\/#organization\"},\"potentialAction\":[{\"@type\":\"SearchAction\",\"target\":{\"@type\":\"EntryPoint\",\"urlTemplate\":\"https:\/\/www.ewigerbund.org\/volk\/?s={search_term_string}\"},\"query-input\":\"required name=search_term_string\"}],\"inLanguage\":\"de\"},{\"@type\":\"Organization\",\"@id\":\"https:\/\/www.ewigerbund.org\/volk\/#organization\",\"name\":\"Volkswohlfahrt\",\"url\":\"https:\/\/www.ewigerbund.org\/volk\/\",\"logo\":{\"@type\":\"ImageObject\",\"inLanguage\":\"de\",\"@id\":\"https:\/\/www.ewigerbund.org\/volk\/#\/schema\/logo\/image\/\",\"url\":\"https:\/\/www.ewigerbund.org\/volk\/wp-content\/uploads\/sites\/9\/2021\/07\/cropped-Logo_EB-e1626859886720.png\",\"contentUrl\":\"https:\/\/www.ewigerbund.org\/volk\/wp-content\/uploads\/sites\/9\/2021\/07\/cropped-Logo_EB-e1626859886720.png\",\"width\":200,\"height\":200,\"caption\":\"Volkswohlfahrt\"},\"image\":{\"@id\":\"https:\/\/www.ewigerbund.org\/volk\/#\/schema\/logo\/image\/\"}},{\"@type\":\"Person\",\"@id\":\"https:\/\/www.ewigerbund.org\/volk\/#\/schema\/person\/0362e92185f3785946d79eb35c5d3b96\",\"name\":\"Ewiger Bund (Offiziell)\",\"image\":{\"@type\":\"ImageObject\",\"inLanguage\":\"de\",\"@id\":\"https:\/\/www.ewigerbund.org\/volk\/#\/schema\/person\/image\/\",\"url\":\"https:\/\/secure.gravatar.com\/avatar\/1e3f022cd8f681d14f459ffaa89a6798?s=96&d=mm&r=g\",\"contentUrl\":\"https:\/\/secure.gravatar.com\/avatar\/1e3f022cd8f681d14f459ffaa89a6798?s=96&d=mm&r=g\",\"caption\":\"Ewiger Bund (Offiziell)\"},\"url\":\"https:\/\/www.ewigerbund.org\/volk\/author\/deutscher\/\"}]}<\/script>\n<!-- \/ Yoast SEO plugin. -->","yoast_head_json":{"title":"Mario. - Volkswohlfahrt","description":"Ich bin im Ewigen Bund, weil alles im EB auf Basis g\u00fcltiger Deutscher Gesetze geschieht, s\u00e4mtliche Inhalte von mir gepr\u00fcft und f\u00fcr richtig befunden wurden.","robots":{"index":"index","follow":"follow","max-snippet":"max-snippet:-1","max-image-preview":"max-image-preview:large","max-video-preview":"max-video-preview:-1"},"canonical":"https:\/\/www.ewigerbund.org\/volk\/mario\/","og_locale":"de_DE","og_type":"article","og_title":"Mario. - Volkswohlfahrt","og_description":"Ich bin im Ewigen Bund, weil alles im EB auf Basis g\u00fcltiger Deutscher Gesetze geschieht, s\u00e4mtliche Inhalte von mir gepr\u00fcft und f\u00fcr richtig befunden wurden.","og_url":"https:\/\/www.ewigerbund.org\/volk\/mario\/","og_site_name":"Volkswohlfahrt","article_published_time":"2022-02-14T07:51:28+00:00","article_modified_time":"2022-02-19T18:53:06+00:00","og_image":[{"width":1024,"height":574,"url":"https:\/\/www.ewigerbund.org\/volk\/wp-content\/uploads\/sites\/9\/2022\/02\/K800_Mario-1024x574-1.jpg","type":"image\/jpeg"}],"author":"Ewiger Bund (Offiziell)","twitter_card":"summary_large_image","twitter_misc":{"Verfasst von":"Ewiger Bund (Offiziell)","Gesch\u00e4tzte Lesezeit":"1\u00a0Minute"},"schema":{"@context":"https:\/\/schema.org","@graph":[{"@type":"Article","@id":"https:\/\/www.ewigerbund.org\/volk\/mario\/#article","isPartOf":{"@id":"https:\/\/www.ewigerbund.org\/volk\/mario\/"},"author":{"name":"Ewiger Bund (Offiziell)","@id":"https:\/\/www.ewigerbund.org\/volk\/#\/schema\/person\/0362e92185f3785946d79eb35c5d3b96"},"headline":"Mario.","datePublished":"2022-02-14T07:51:28+00:00","dateModified":"2022-02-19T18:53:06+00:00","mainEntityOfPage":{"@id":"https:\/\/www.ewigerbund.org\/volk\/mario\/"},"wordCount":83,"publisher":{"@id":"https:\/\/www.ewigerbund.org\/volk\/#organization"},"image":{"@id":"https:\/\/www.ewigerbund.org\/volk\/mario\/#primaryimage"},"thumbnailUrl":"https:\/\/www.ewigerbund.org\/volk\/wp-content\/uploads\/sites\/9\/2022\/02\/K800_Mario-1024x574-1.jpg","keywords":["Preu\u00dfen","Wer sind Wir?"],"inLanguage":"de"},{"@type":"WebPage","@id":"https:\/\/www.ewigerbund.org\/volk\/mario\/","url":"https:\/\/www.ewigerbund.org\/volk\/mario\/","name":"Mario. - Volkswohlfahrt","isPartOf":{"@id":"https:\/\/www.ewigerbund.org\/volk\/#website"},"primaryImageOfPage":{"@id":"https:\/\/www.ewigerbund.org\/volk\/mario\/#primaryimage"},"image":{"@id":"https:\/\/www.ewigerbund.org\/volk\/mario\/#primaryimage"},"thumbnailUrl":"https:\/\/www.ewigerbund.org\/volk\/wp-content\/uploads\/sites\/9\/2022\/02\/K800_Mario-1024x574-1.jpg","datePublished":"2022-02-14T07:51:28+00:00","dateModified":"2022-02-19T18:53:06+00:00","description":"Ich bin im Ewigen Bund, weil alles im EB auf Basis g\u00fcltiger Deutscher Gesetze geschieht, s\u00e4mtliche Inhalte von mir gepr\u00fcft und f\u00fcr richtig befunden wurden.","breadcrumb":{"@id":"https:\/\/www.ewigerbund.org\/volk\/mario\/#breadcrumb"},"inLanguage":"de","potentialAction":[{"@type":"ReadAction","target":["https:\/\/www.ewigerbund.org\/volk\/mario\/"]}]},{"@type":"ImageObject","inLanguage":"de","@id":"https:\/\/www.ewigerbund.org\/volk\/mario\/#primaryimage","url":"https:\/\/www.ewigerbund.org\/volk\/wp-content\/uploads\/sites\/9\/2022\/02\/K800_Mario-1024x574-1.jpg","contentUrl":"https:\/\/www.ewigerbund.org\/volk\/wp-content\/uploads\/sites\/9\/2022\/02\/K800_Mario-1024x574-1.jpg","width":1024,"height":574},{"@type":"BreadcrumbList","@id":"https:\/\/www.ewigerbund.org\/volk\/mario\/#breadcrumb","itemListElement":[{"@type":"ListItem","position":1,"name":"Startseite","item":"https:\/\/www.ewigerbund.org\/volk\/"},{"@type":"ListItem","position":2,"name":"Mario."}]},{"@type":"WebSite","@id":"https:\/\/www.ewigerbund.org\/volk\/#website","url":"https:\/\/www.ewigerbund.org\/volk\/","name":"Volkswohlfahrt","description":"was ist zu tun?","publisher":{"@id":"https:\/\/www.ewigerbund.org\/volk\/#organization"},"potentialAction":[{"@type":"SearchAction","target":{"@type":"EntryPoint","urlTemplate":"https:\/\/www.ewigerbund.org\/volk\/?s={search_term_string}"},"query-input":"required name=search_term_string"}],"inLanguage":"de"},{"@type":"Organization","@id":"https:\/\/www.ewigerbund.org\/volk\/#organization","name":"Volkswohlfahrt","url":"https:\/\/www.ewigerbund.org\/volk\/","logo":{"@type":"ImageObject","inLanguage":"de","@id":"https:\/\/www.ewigerbund.org\/volk\/#\/schema\/logo\/image\/","url":"https:\/\/www.ewigerbund.org\/volk\/wp-content\/uploads\/sites\/9\/2021\/07\/cropped-Logo_EB-e1626859886720.png","contentUrl":"https:\/\/www.ewigerbund.org\/volk\/wp-content\/uploads\/sites\/9\/2021\/07\/cropped-Logo_EB-e1626859886720.png","width":200,"height":200,"caption":"Volkswohlfahrt"},"image":{"@id":"https:\/\/www.ewigerbund.org\/volk\/#\/schema\/logo\/image\/"}},{"@type":"Person","@id":"https:\/\/www.ewigerbund.org\/volk\/#\/schema\/person\/0362e92185f3785946d79eb35c5d3b96","name":"Ewiger Bund (Offiziell)","image":{"@type":"ImageObject","inLanguage":"de","@id":"https:\/\/www.ewigerbund.org\/volk\/#\/schema\/person\/image\/","url":"https:\/\/secure.gravatar.com\/avatar\/1e3f022cd8f681d14f459ffaa89a6798?s=96&d=mm&r=g","contentUrl":"https:\/\/secure.gravatar.com\/avatar\/1e3f022cd8f681d14f459ffaa89a6798?s=96&d=mm&r=g","caption":"Ewiger Bund (Offiziell)"},"url":"https:\/\/www.ewigerbund.org\/volk\/author\/deutscher\/"}]}},"_links":{"self":[{"href":"https:\/\/www.ewigerbund.org\/volk\/wp-json\/wp\/v2\/posts\/1096","targetHints":{"allow":["GET"]}}],"collection":[{"href":"https:\/\/www.ewigerbund.org\/volk\/wp-json\/wp\/v2\/posts"}],"about":[{"href":"https:\/\/www.ewigerbund.org\/volk\/wp-json\/wp\/v2\/types\/post"}],"author":[{"embeddable":true,"href":"https:\/\/www.ewigerbund.org\/volk\/wp-json\/wp\/v2\/users\/1"}],"replies":[{"embeddable":true,"href":"https:\/\/www.ewigerbund.org\/volk\/wp-json\/wp\/v2\/comments?post=1096"}],"version-history":[{"count":6,"href":"https:\/\/www.ewigerbund.org\/volk\/wp-json\/wp\/v2\/posts\/1096\/revisions"}],"predecessor-version":[{"id":1394,"href":"https:\/\/www.ewigerbund.org\/volk\/wp-json\/wp\/v2\/posts\/1096\/revisions\/1394"}],"wp:featuredmedia":[{"embeddable":true,"href":"https:\/\/www.ewigerbund.org\/volk\/wp-json\/wp\/v2\/media\/1151"}],"wp:attachment":[{"href":"https:\/\/www.ewigerbund.org\/volk\/wp-json\/wp\/v2\/media?parent=1096"}],"wp:term":[{"taxonomy":"category","embeddable":true,"href":"https:\/\/www.ewigerbund.org\/volk\/wp-json\/wp\/v2\/categories?post=1096"},{"taxonomy":"post_tag","embeddable":true,"href":"https:\/\/www.ewigerbund.org\/volk\/wp-json\/wp\/v2\/tags?post=1096"}],"curies":[{"name":"wp","href":"https:\/\/api.w.org\/{rel}","templated":true}]}}