{"id":2619,"date":"2024-09-21T12:14:32","date_gmt":"2024-09-21T10:14:32","guid":{"rendered":"https:\/\/www.ewigerbund.org\/sachsen\/?p=2619"},"modified":"2025-02-09T20:29:55","modified_gmt":"2025-02-09T19:29:55","slug":"die-zukunft-der-koenigin-carola-bruecke","status":"publish","type":"post","link":"https:\/\/www.ewigerbund.org\/sachsen\/die-zukunft-der-koenigin-carola-bruecke\/","title":{"rendered":"Die Zukunft der K\u00f6nigin-Carola-Br\u00fccke."},"content":{"rendered":"\n<p>Blickt man auf die Geschehnisse der aktuellen Zeit, so kommt man nicht umhin sich die Frage zu stellen, was passiert hier eigentlich wirklich? Sei es die Garnisonskirche in Berlin, die wieder aufgebaut wurde und medial in ein negatives Bild ger\u00fcckt werden soll, oder aber die K\u00f6nigin-Carola-Br\u00fccke in Dresden, die im September 2024 zum Teil eingest\u00fcrzt ist und nachtr\u00e4glich teilweise kontrolliert zum Einsturz gebracht wurde. Schauen wir doch einmal zur\u00fcck, was die s\u00e4chsische Geschichte zu dieser Br\u00fccke zu erz\u00e4hlen hat.<\/p>\n\n\n\n<p>Der Name <strong>K\u00f6nigin-Carola-Br\u00fccke<\/strong> ist den meisten sehr fremd. Dresdner, die sich f\u00fcr ihre Stadt interessieren, kennen den Namen hingegen sehr gut und nennen sie, selbst nach ihrer Umbenennung in Dr.-Rudolf-Friedrichs-Br\u00fccke, weiterhin liebevoll Carolabr\u00fccke. Wobei lediglich der Standort auf die urspr\u00fcngliche Br\u00fccke deutet. \u00dcber die Stadtgrenzen hinaus sieht das schon wieder anders aus.<\/p>\n\n\n\n<h2 class=\"wp-block-heading\">Br\u00fccken verbinden.<\/h2>\n\n\n\n<p>Im Jahre 1877 wurde die Albertbr\u00fccke in Dresden fertiggestellt, welche die Antonstadt mit der Johannstadt verbindet. Ihr folgte als vierte Elbbr\u00fccke der Stadt im Jahre 1895, die Carolabr\u00fccke, welche das alte Kasernenareal in der Neustadt erschloss und von hier aus einen direkten Zugang nach der Pirnaischen Vorstadt schuf. <\/p>\n\n\n\n<figure class=\"wp-block-image size-large\"><img loading=\"lazy\" decoding=\"async\" width=\"1024\" height=\"580\" src=\"https:\/\/www.ewigerbund.org\/sachsen\/wp-content\/uploads\/sites\/14\/2024\/09\/2024-09-21-koenigin-carola-bruecke-0-neustadt-ticker-1024x580.jpg\" alt=\"Einweihung Bau der K\u00f6nigin-Carola-Br\u00fccke\" class=\"wp-image-2620\" srcset=\"https:\/\/www.ewigerbund.org\/sachsen\/wp-content\/uploads\/sites\/14\/2024\/09\/2024-09-21-koenigin-carola-bruecke-0-neustadt-ticker-1024x580.jpg 1024w, https:\/\/www.ewigerbund.org\/sachsen\/wp-content\/uploads\/sites\/14\/2024\/09\/2024-09-21-koenigin-carola-bruecke-0-neustadt-ticker-300x170.jpg 300w, https:\/\/www.ewigerbund.org\/sachsen\/wp-content\/uploads\/sites\/14\/2024\/09\/2024-09-21-koenigin-carola-bruecke-0-neustadt-ticker-768x435.jpg 768w, https:\/\/www.ewigerbund.org\/sachsen\/wp-content\/uploads\/sites\/14\/2024\/09\/2024-09-21-koenigin-carola-bruecke-0-neustadt-ticker.jpg 1200w\" sizes=\"auto, (max-width: 1024px) 100vw, 1024px\" \/><figcaption class=\"wp-element-caption\">Quelle: neustadt-ticker.de<\/figcaption><\/figure>\n\n\n\n<div class=\"wp-block-columns is-layout-flex wp-container-core-columns-is-layout-1 wp-block-columns-is-layout-flex\">\n<div class=\"wp-block-column is-vertically-aligned-top is-layout-flow wp-block-column-is-layout-flow\" style=\"flex-basis:33.33%\">\n<figure class=\"wp-block-image size-full\"><img loading=\"lazy\" decoding=\"async\" width=\"600\" height=\"600\" src=\"https:\/\/www.ewigerbund.org\/sachsen\/wp-content\/uploads\/sites\/14\/2024\/09\/koenig-albert-koenigin-carola.jpg\" alt=\"K\u00f6nig Albert und K\u00f6nigin Carola\" class=\"wp-image-2627\" srcset=\"https:\/\/www.ewigerbund.org\/sachsen\/wp-content\/uploads\/sites\/14\/2024\/09\/koenig-albert-koenigin-carola.jpg 600w, https:\/\/www.ewigerbund.org\/sachsen\/wp-content\/uploads\/sites\/14\/2024\/09\/koenig-albert-koenigin-carola-300x300.jpg 300w, https:\/\/www.ewigerbund.org\/sachsen\/wp-content\/uploads\/sites\/14\/2024\/09\/koenig-albert-koenigin-carola-150x150.jpg 150w\" sizes=\"auto, (max-width: 600px) 100vw, 600px\" \/><\/figure>\n<\/div>\n\n\n\n<div class=\"wp-block-column is-vertically-aligned-center is-layout-flow wp-block-column-is-layout-flow\" style=\"flex-basis:66.66%\">\n<p>Am 6. Juli 1895 wurde die Br\u00fccke unter Anwesenheit der <a href=\"https:\/\/www.ewigerbund.org\/sachsen\/das-koenigshaus\/sachsen-koenige\/familie-georg\/\">k\u00f6niglichen Familie<\/a> feierlich eingeweiht. Geleitet vom Oberb\u00fcrgermeister waren K\u00f6nig Albert und K\u00f6nigin Carola die ersten Passanten der stattlichen neuen, nach der K\u00f6nigin benannten Br\u00fccke. Als die Feierlichkeit beendet war, wandte sich der K\u00f6nig mit folgenden Worten an seine Gemahlin:<\/p>\n\n\n\n<blockquote class=\"wp-block-quote is-layout-flow wp-block-quote-is-layout-flow\">\n<p>\u201eJetzt sind wir \u00fcber Deine Br\u00fccke gegangen, und nun werden wir \u00fcber meine Br\u00fccke zur\u00fcckkehren!\u201c<a href=\"#sdfootnote1sym\" id=\"sdfootnote1anc\"><sup>1<\/sup><\/a><\/p>\n<\/blockquote>\n<\/div>\n<\/div>\n\n\n\n<p>1892 begann der Bau der K\u00f6nigin-Carola-Br\u00fccke in Dresden, einer der sch\u00f6nsten und beeindruckendsten Br\u00fccken ihrer Zeit. Zwei Sandsteinplastiken, geschaffen vom Dresdner Bildhauer Friedrich Offermann, zierten die Br\u00fccke. Sie symbolisierten die \u201eRuhende\u201c und die \u201eBewegte\u201c Elbe. Triton, der griechische Meeresgott, wurde bei der Jagd \u00fcber die Wellen dargestellt, w\u00e4hrend die Nymphe Nereide \u00fcber ruhiges Wasser ritt.<\/p>\n\n\n\n<figure class=\"wp-block-image size-large\"><img loading=\"lazy\" decoding=\"async\" width=\"1024\" height=\"580\" src=\"https:\/\/www.ewigerbund.org\/sachsen\/wp-content\/uploads\/sites\/14\/2024\/09\/2024-09-21-koenigin-carola-bruecke-1-1024x580.jpg\" alt=\"K\u00f6nigin-Carola-Br\u00fccke mit Meeresgott Triton und Nymphe Nereide \" class=\"wp-image-2621\" style=\"aspect-ratio:16\/9;object-fit:cover\" srcset=\"https:\/\/www.ewigerbund.org\/sachsen\/wp-content\/uploads\/sites\/14\/2024\/09\/2024-09-21-koenigin-carola-bruecke-1-1024x580.jpg 1024w, https:\/\/www.ewigerbund.org\/sachsen\/wp-content\/uploads\/sites\/14\/2024\/09\/2024-09-21-koenigin-carola-bruecke-1-300x170.jpg 300w, https:\/\/www.ewigerbund.org\/sachsen\/wp-content\/uploads\/sites\/14\/2024\/09\/2024-09-21-koenigin-carola-bruecke-1-768x435.jpg 768w, https:\/\/www.ewigerbund.org\/sachsen\/wp-content\/uploads\/sites\/14\/2024\/09\/2024-09-21-koenigin-carola-bruecke-1.jpg 1200w\" sizes=\"auto, (max-width: 1024px) 100vw, 1024px\" \/><\/figure>\n\n\n\n<p>Die Br\u00fccke verband die moderne Technik dieser Zeit mit klassischer Baukunst, geplant vom Stadtbaurat Hermann Klette und dem Ingenieur Claus K\u00f6pcke, der auch das \u201eBlaue Wunder\u201c entworfen hatte. Die schlanke jedoch stilvolle Konstruktion aus Sandstein und Stahl f\u00fcgte sich harmonisch in das Stadtbild ein und h\u00e4tte wie die Augustus-, Marien- und Albertbr\u00fccke Jahrtausende \u00fcberdauert, wenn sie nicht der mutwilligen Zerst\u00f6rung durch die Nazis preisgegeben worden w\u00e4re.<\/p>\n\n\n\n<p>Die K\u00f6nigin-Carola-Br\u00fccke \u00fcberspannte die Elbe und trug sowohl Stra\u00dfenbahngleise als auch Fahrbahnen und Gehwege. Sie war ein architektonisches Schmuckst\u00fcck, das nicht nur den wachsenden Verkehrsbed\u00fcrfnissen im Dresden des 19. Jahrhunderts, sondern auch dem \u00e4sthetischen Anspruch der Stadt gerecht wurde.<\/p>\n\n\n\n<p>Mit nur zwei Strompfeilern, drei Strom\u00f6ffnungen, drei vollwandigen, eisernen und sechs steinernen B\u00f6gen, die besonders flach und mit einer Spannweite von 61 Meter \u00fcber den Flu\u00df gebaut waren, erm\u00f6glichte sie den ungehinderten Schiffsverkehr auf der Elbe und bildete die direkte Verbindung der Alt- und Neustadt Dresdens, ohne den Blick auf die wundervolle Altstadt zu st\u00f6ren.<\/p>\n\n\n\n<p>Trotz ihrer Gr\u00f6\u00dfe und Komplexit\u00e4t wurde die Br\u00fccke in weniger als drei Jahren fertiggestellt und war mit einer L\u00e4nge von 340 Metern und einer Breite von 13 Metern eine h\u00f6chst stabile Konstruktion. Ihre pr\u00e4zise Bauweise erlaubte es, dem zunehmenden Verkehr sowie den Belastungen \u00fcber Jahrzehnte hinweg standzuhalten.<\/p>\n\n\n\n<figure class=\"wp-block-image size-full\"><img loading=\"lazy\" decoding=\"async\" width=\"1200\" height=\"680\" src=\"https:\/\/www.ewigerbund.org\/sachsen\/wp-content\/uploads\/sites\/14\/2024\/09\/2024-09-21-koenigin-carola-bruecke-3.jpg\" alt=\"K\u00f6nigin-Carola-Br\u00fccke um 1902\" class=\"wp-image-2623\" style=\"aspect-ratio:16\/9;object-fit:cover\" srcset=\"https:\/\/www.ewigerbund.org\/sachsen\/wp-content\/uploads\/sites\/14\/2024\/09\/2024-09-21-koenigin-carola-bruecke-3.jpg 1200w, https:\/\/www.ewigerbund.org\/sachsen\/wp-content\/uploads\/sites\/14\/2024\/09\/2024-09-21-koenigin-carola-bruecke-3-300x170.jpg 300w, https:\/\/www.ewigerbund.org\/sachsen\/wp-content\/uploads\/sites\/14\/2024\/09\/2024-09-21-koenigin-carola-bruecke-3-1024x580.jpg 1024w, https:\/\/www.ewigerbund.org\/sachsen\/wp-content\/uploads\/sites\/14\/2024\/09\/2024-09-21-koenigin-carola-bruecke-3-768x435.jpg 768w\" sizes=\"auto, (max-width: 1200px) 100vw, 1200px\" \/><\/figure>\n\n\n\n<h2 class=\"wp-block-heading\"><br>Die pure Zerst\u00f6rung.<\/h2>\n\n\n\n<p>Am Abend des 7. Mai 1945 zerst\u00f6rte die Waffen-SS vier der B\u00f6gen, und ein Wiederaufbau wurde zun\u00e4chst nicht in Erw\u00e4gung gezogen. Die Br\u00fccke h\u00e4tte aus dem angeschlagenen Zustand heraus wieder aufgebaut werden k\u00f6nnen, wurde aber, wie die Sophienkirche, weit nach dem zweiten Waffengang vollkommen zerst\u00f6rt. Erst 1967 begann der Bau einer neuen Br\u00fccke, die nach Fertigstellung auf Dr.-Rudolf-Friedrichs-Br\u00fccke umbenannt und 1990 dann wieder in Carolabr\u00fccke umgetauft wurde. Eigentlich ist es nicht traurig, dass der triste Neubau einen anderen Namen erhielt, dennoch kann man sich fragen, weshalb man den majest\u00e4tischen Namen der s\u00e4chsischen Geschichte einfach l\u00f6scht.<\/p>\n\n\n\n<figure class=\"wp-block-image size-full\"><img loading=\"lazy\" decoding=\"async\" width=\"1200\" height=\"680\" src=\"https:\/\/www.ewigerbund.org\/sachsen\/wp-content\/uploads\/sites\/14\/2024\/09\/2024-09-21-koenigin-carola-bruecke-krieg.jpg\" alt=\"Dresden 1945\" class=\"wp-image-2625\" style=\"aspect-ratio:16\/9;object-fit:cover\" srcset=\"https:\/\/www.ewigerbund.org\/sachsen\/wp-content\/uploads\/sites\/14\/2024\/09\/2024-09-21-koenigin-carola-bruecke-krieg.jpg 1200w, https:\/\/www.ewigerbund.org\/sachsen\/wp-content\/uploads\/sites\/14\/2024\/09\/2024-09-21-koenigin-carola-bruecke-krieg-300x170.jpg 300w, https:\/\/www.ewigerbund.org\/sachsen\/wp-content\/uploads\/sites\/14\/2024\/09\/2024-09-21-koenigin-carola-bruecke-krieg-1024x580.jpg 1024w, https:\/\/www.ewigerbund.org\/sachsen\/wp-content\/uploads\/sites\/14\/2024\/09\/2024-09-21-koenigin-carola-bruecke-krieg-768x435.jpg 768w\" sizes=\"auto, (max-width: 1200px) 100vw, 1200px\" \/><\/figure>\n\n\n\n<p>Doch nicht nur das ist ein wesentliches Merkmal f\u00fcr bewusst herbeigef\u00fchrte \u00c4nderung. Die Bauweise unterschied sich fundamental von der originalen Konstruktion. Der Einsatz von Spannbeton erm\u00f6glichte zwar eine schnelle Fertigstellung im Jahr 1971, doch die Br\u00fccke erwies sich als weniger stabil und wurde \u00fcber die Jahre mehrfach saniert. Die strukturellen Schw\u00e4chen wurden schlie\u00dflich 2023 so gravierend, da\u00df umfassende Sanierungsarbeiten notwendig wurden. Letztendlich st\u00fcrzte das Bauwerk am 11. September 2024 um 3 Uhr nachts unerwartet ein.<\/p>\n\n\n\n<figure class=\"wp-block-gallery has-nested-images columns-default is-cropped wp-block-gallery-1 is-layout-flex wp-block-gallery-is-layout-flex\">\n<figure class=\"wp-block-image size-large\"><img loading=\"lazy\" decoding=\"async\" width=\"1024\" height=\"580\" data-id=\"2626\" src=\"https:\/\/www.ewigerbund.org\/sachsen\/wp-content\/uploads\/sites\/14\/2024\/09\/2024-09-21-koenigin-carola-bruecke-neubau-1024x580.jpg\" alt=\"Carolabr\u00fccke um 1998\" class=\"wp-image-2626\" srcset=\"https:\/\/www.ewigerbund.org\/sachsen\/wp-content\/uploads\/sites\/14\/2024\/09\/2024-09-21-koenigin-carola-bruecke-neubau-1024x580.jpg 1024w, https:\/\/www.ewigerbund.org\/sachsen\/wp-content\/uploads\/sites\/14\/2024\/09\/2024-09-21-koenigin-carola-bruecke-neubau-300x170.jpg 300w, https:\/\/www.ewigerbund.org\/sachsen\/wp-content\/uploads\/sites\/14\/2024\/09\/2024-09-21-koenigin-carola-bruecke-neubau-768x435.jpg 768w, https:\/\/www.ewigerbund.org\/sachsen\/wp-content\/uploads\/sites\/14\/2024\/09\/2024-09-21-koenigin-carola-bruecke-neubau.jpg 1200w\" sizes=\"auto, (max-width: 1024px) 100vw, 1024px\" \/><\/figure>\n\n\n\n<figure class=\"wp-block-image size-large\"><img loading=\"lazy\" decoding=\"async\" width=\"1024\" height=\"580\" data-id=\"2624\" src=\"https:\/\/www.ewigerbund.org\/sachsen\/wp-content\/uploads\/sites\/14\/2024\/09\/2024-09-21-koenigin-carola-bruecke-4-1024x580.jpg\" alt=\"Carolabr\u00fccke September 2024\" class=\"wp-image-2624\" srcset=\"https:\/\/www.ewigerbund.org\/sachsen\/wp-content\/uploads\/sites\/14\/2024\/09\/2024-09-21-koenigin-carola-bruecke-4-1024x580.jpg 1024w, https:\/\/www.ewigerbund.org\/sachsen\/wp-content\/uploads\/sites\/14\/2024\/09\/2024-09-21-koenigin-carola-bruecke-4-300x170.jpg 300w, https:\/\/www.ewigerbund.org\/sachsen\/wp-content\/uploads\/sites\/14\/2024\/09\/2024-09-21-koenigin-carola-bruecke-4-768x435.jpg 768w, https:\/\/www.ewigerbund.org\/sachsen\/wp-content\/uploads\/sites\/14\/2024\/09\/2024-09-21-koenigin-carola-bruecke-4.jpg 1200w\" sizes=\"auto, (max-width: 1024px) 100vw, 1024px\" \/><\/figure>\n<\/figure>\n\n\n\n<h2 class=\"wp-block-heading\"><br>Geschichtsrevisionismus?<\/h2>\n\n\n\n<p>Viele Dresdner erkennen die Sch\u00f6nheit und den kulturellen Wert dieser historischen Br\u00fccke und w\u00fcnschen sich eine R\u00fcckkehr zu dieser pr\u00e4chtigen Architektur. Die Br\u00fccke war nicht nur ein funktionales Bauwerk, sondern auch ein Symbol der Verbundenheit zwischen dem K\u00f6nig und seinen Dresdnern. Um die Br\u00fccke herum waren bereits weitl\u00e4ufige Parks und Gr\u00fcnanlagen aber eben auch Badeanstalten direkt an der Elbe, sowie Promenaden zum Verweilen entstanden, welche jeder Dresdner nutzen konnte. So flanierten und begegneten sich die Menschen nicht \u00fcber den Verkehr auf der Br\u00fccke, sondern auch in den sch\u00f6nen Nebenanlagen. In einem Buch wird es wie folgt beschrieben.<\/p>\n\n\n\n<blockquote class=\"wp-block-quote is-layout-flow wp-block-quote-is-layout-flow\">\n<p>\u201eDas ganze Stadtbild erscheint wie ein Kristall, um dessen Kern sich mehrere Schalen legen. Der Kern wird von der Innenstadt gebildet, deren H\u00e4user sich in engen Stra\u00dfen dicht zusammendr\u00e4ngen. Die Stromrinne der Elbe spaltet ihn in Alt- und Neustadt-Dresden, von denen jenes links und dieses rechts am Elbgestade liegt. F\u00fcnf Riesenbr\u00fccken suchen zu verbinden, was der Strom getrennt. Leicht pr\u00e4gt ihr euch von ihnen die Namen Augustus-, Marien-, Albert- und Carolabr\u00fccke ein, da sie uns an Glieder unseres F\u00fcrstenhauses erinnern. Ein Promenadenkranz, der wie anderw\u00e4rts so auch hier an die Stelle von Wall und Graben getreten ist, umschlie\u00dft den Stadtkern mit gr\u00fcnem Gehege. [\u2026] Wiesenpl\u00e4tze und Waldgehege, vor allem der sch\u00f6ne Gro\u00dfe Garten mit seinen m\u00e4chtigen Eichen und Linden, mit den Singv\u00f6geln in den Zweigen und den ausl\u00e4ndischen Tieren in den K\u00e4figen (Zoologischer Garten) h\u00fcllen Dresden im \u00e4u\u00dferen Umkreise ein. Freie Pl\u00e4tze durchsetzen auch die geschlossenen Massen der H\u00e4user. Unter ihnen suchen wir den Altmarkt auf, der auf hohem Sockel eine siegesfreudige Germania tr\u00e4gt.\u201e <a id=\"sdfootnote1anc\" href=\"#sdfootnote1sym\"><sup>2<\/sup><\/a><\/p>\n<\/blockquote>\n\n\n\n<figure class=\"wp-block-image size-full\"><img loading=\"lazy\" decoding=\"async\" width=\"1200\" height=\"680\" src=\"https:\/\/www.ewigerbund.org\/sachsen\/wp-content\/uploads\/sites\/14\/2024\/09\/2024-09-21-koenigin-carola-bruecke-2.jpg\" alt=\"K\u00f6nigin-Carola-Br\u00fccke um 1896\" class=\"wp-image-2622\" style=\"aspect-ratio:16\/9;object-fit:cover\" srcset=\"https:\/\/www.ewigerbund.org\/sachsen\/wp-content\/uploads\/sites\/14\/2024\/09\/2024-09-21-koenigin-carola-bruecke-2.jpg 1200w, https:\/\/www.ewigerbund.org\/sachsen\/wp-content\/uploads\/sites\/14\/2024\/09\/2024-09-21-koenigin-carola-bruecke-2-300x170.jpg 300w, https:\/\/www.ewigerbund.org\/sachsen\/wp-content\/uploads\/sites\/14\/2024\/09\/2024-09-21-koenigin-carola-bruecke-2-1024x580.jpg 1024w, https:\/\/www.ewigerbund.org\/sachsen\/wp-content\/uploads\/sites\/14\/2024\/09\/2024-09-21-koenigin-carola-bruecke-2-768x435.jpg 768w\" sizes=\"auto, (max-width: 1200px) 100vw, 1200px\" \/><\/figure>\n\n\n\n<p>Wenn man diese Zeilen liest, wird einem warm ums Herz. Die Sch\u00f6nheit der historischen Bauten und Br\u00fccken in Dresden, wie die K\u00f6nigin-Carola-Br\u00fccke, steht f\u00fcr mehr als nur technische Meisterleistung. Sie symbolisieren eine Zeit, in der die Monarchie lebendig war und diese im Dienste des Volkes stand. Um dieses Erbe zur\u00fcckzugewinnen, reicht es nicht, Petitionen zu unterschreiben. Denn Petitionen allein werden die Entwicklung zum Wohle der Dresdner nicht herbeif\u00fchren. Sie geben zwar den B\u00fcrgern eine vermeintliche Stimme, doch echte Ver\u00e4nderung erfordert mehr als das. Um wirklich zu den Wurzeln zur\u00fcckzukehren und die Fehlentwicklungen in der Stadtplanung zu korrigieren, muss das Volk den wahren Ursprung wiederfinden: das <a href=\"https:\/\/www.ewigerbund.org\/sachsen\/koenigreich-sachsen\/\">K\u00f6nigreich Sachsen<\/a>.<\/p>\n\n\n\n<h2 class=\"wp-block-heading\">Zur\u00fcck in die Zukunft.<\/h2>\n\n\n\n<p>Das K\u00f6nigreich ist die Grundlage f\u00fcr die Stadt Dresden und viele der heutigen Probleme k\u00f6nnten gel\u00f6st werden, wenn man sich auf die Werte besinnt. Es gibt historische Belege, die zeigen, da\u00df das K\u00f6nigreich Sachsen formal nie untergegangen ist. Die <a href=\"https:\/\/staatsbibliothek.ewigerbund.org\/viewer\/image\/binding_staatsgrundgesetze_heft_6\/20\/\">Verfassungsurkunde des K\u00f6nigreichs Sachsen<\/a> von 1831, besitzt noch immer G\u00fcltigkeit und wurde nie au\u00dfer Kraft gesetzt. Soldatenr\u00e4te riefen einfach im November 1918 die Republik aus, verjagten den K\u00f6nig und \u00fcbernahmen die Verwaltungsgesch\u00e4fte, die wir heute immer sch\u00e4rfer zu sp\u00fcren bekommen. Es gibt bis heute keinen Nachweis in Form einer Abdankungsurkunde des s\u00e4chsischen K\u00f6nigs. Es ist in keinem Gesetz- und Verordnungsblatt f\u00fcr das K\u00f6nigreich Sachsen ein solcher Vorgang dokumentiert und auch kein Eintrag zum Regierungsverweser zu finden. Das bedeutet, da\u00df das K\u00f6nigreich Sachsen rechtlich fortbesteht.<\/p>\n\n\n\n<p>Wenn sich das s\u00e4chsische Volk an diese g\u00fcltigen Gesetze erinnert und sie wieder anerkennt, kann es den Weg f\u00fcr eine Wiederherstellung nach Recht und Ordnung nicht nur f\u00fcr die Carolabr\u00fccke bedeuten, sondern die Beseitigung der aktuellen Fehlentwicklungen ebnen.<\/p>\n\n\n\n<p>Hand aufs Herz. Was denkst Du bei dem Wort Monarchie oder K\u00f6nig? Kommen nicht sofort die Bilder von einem m\u00e4chtigen Herrscher, der sein Volk unterdr\u00fcckt, wo alle nur Abgaben leisten mu\u00dften und er willk\u00fcrlich herrschte, in den Kopf? Das ist es, was man uns Glauben machen will. Die Monarchen lie\u00dfen eben Br\u00fccken f\u00fcr das Volk errichten. Sie sind eine Verbindung, die den Handel, die Mobilit\u00e4t und den wirtschaftlichen Aufschwung der Stadt f\u00f6rderten. Der Bau solcher Br\u00fccken war nicht nur eine Frage des technischen Fortschritts, sondern bildete unter anderem die F\u00fcrsorge f\u00fcr das Gemeinwohl.<\/p>\n\n\n\n<p>Der Wiederaufbau der K\u00f6nigin-Carola-Br\u00fccke in ihrer urspr\u00fcnglichen Form w\u00e4re nur ein Schritt in die Richtung \u2013 eine \u201eBr\u00fccke\u201c f\u00fcr das Erbe der Monarchie und der Verbundenheit zwischen Volk und Krone. Das s\u00e4chsische Volk kann sich nur wiederentdecken, wenn es sich der s\u00e4chsischen Werte bewu\u00dft wird und die Ehrung der s\u00e4chsichen K\u00f6nige, die ihren Staat formten und zu dem machten, was wir heute als Sachsen kennen, wieder zulassen und hochhalten. Ist das Nostalgie? Nein. Denn die Zukunft liegt in den H\u00e4nden der Sachsen und nicht in einer Wirtschaftsverwaltung, die den Sachsen vorschreibt, was sie tun d\u00fcrfen und beispielsweise das Stadtbild mit \u201emodernen\u201c Bauten v\u00f6llig verfremden.<\/p>\n\n\n\n<p class=\"has-small-font-size\"><a id=\"sdfootnote1sym\" href=\"#sdfootnote1anc\">1<\/a> https:\/\/staatsbibliothek.ewigerbund.org\/viewer\/!image\/schreyer_landeskunde\/168\/-\/<\/p>\n\n\n\n<p class=\"has-small-font-size\"><a id=\"sdfootnote1sym\" href=\"#sdfootnote1anc\">2<\/a> Quelle: https:\/\/staatsbibliothek.ewigerbund.org\/viewer\/image\/freytag_anekdoten_1904\/77\/LOG_0012\/<\/p>\n\n\n\n<hr class=\"wp-block-separator has-alpha-channel-opacity is-style-dots\"\/>\n\n\n\n<p>Dir hat der Artikel gefallen? <a href=\"https:\/\/www.ewigerbund.org\/info\/kontakt\">Dann schreibe uns<\/a>. <\/p>\n","protected":false},"excerpt":{"rendered":"<p>Blickt man auf die Geschehnisse der aktuellen Zeit, so kommt man nicht umhin sich die Frage zu stellen, was passiert hier eigentlich wirklich? Sei es die Garnisonskirche in Berlin, die wieder aufgebaut wurde und medial in ein negatives Bild ger\u00fcckt werden soll, oder aber die K\u00f6nigin-Carola-Br\u00fccke in Dresden, die im September 2024 zum Teil eingest\u00fcrzt &#8230; <a title=\"Die Zukunft der K\u00f6nigin-Carola-Br\u00fccke.\" class=\"read-more\" href=\"https:\/\/www.ewigerbund.org\/sachsen\/die-zukunft-der-koenigin-carola-bruecke\/\" aria-label=\"Mehr zu Die Zukunft der K\u00f6nigin-Carola-Br\u00fccke.\">Weiterlesen &#8230;<\/a><\/p>\n","protected":false},"author":1,"featured_media":2621,"comment_status":"closed","ping_status":"closed","sticky":false,"template":"","format":"standard","meta":{"footnotes":""},"categories":[1],"tags":[316],"class_list":["post-2619","post","type-post","status-publish","format-standard","has-post-thumbnail","hentry","category-allgemein","tag-aktuelles"],"yoast_head":"<!-- This site is optimized with the Yoast SEO plugin v23.1 - https:\/\/yoast.com\/wordpress\/plugins\/seo\/ -->\n<title>Die Zukunft der K\u00f6nigin-Carola-Br\u00fccke. &#8226; K\u00f6nigreich Sachsen.<\/title>\n<meta name=\"description\" content=\"Was geschieht mit der K\u00f6nigin-Carola-Br\u00fccke in Dresden? Ein Blick in Sachsens Geschichte zu der am 11. September 2024 eingest\u00fcrtzten Br\u00fccke.\" \/>\n<meta name=\"robots\" content=\"index, follow, max-snippet:-1, max-image-preview:large, max-video-preview:-1\" \/>\n<link rel=\"canonical\" href=\"https:\/\/www.ewigerbund.org\/sachsen\/die-zukunft-der-koenigin-carola-bruecke\/\" \/>\n<meta property=\"og:locale\" content=\"de_DE\" \/>\n<meta property=\"og:type\" content=\"article\" \/>\n<meta property=\"og:title\" content=\"Die Zukunft der K\u00f6nigin-Carola-Br\u00fccke. &#8226; K\u00f6nigreich Sachsen.\" \/>\n<meta property=\"og:description\" content=\"Was geschieht mit der K\u00f6nigin-Carola-Br\u00fccke in Dresden? Ein Blick in Sachsens Geschichte zu der am 11. September 2024 eingest\u00fcrtzten Br\u00fccke.\" \/>\n<meta property=\"og:url\" content=\"https:\/\/www.ewigerbund.org\/sachsen\/die-zukunft-der-koenigin-carola-bruecke\/\" \/>\n<meta property=\"og:site_name\" content=\"K\u00f6nigreich Sachsen\" \/>\n<meta property=\"article:published_time\" content=\"2024-09-21T10:14:32+00:00\" \/>\n<meta property=\"article:modified_time\" content=\"2025-02-09T19:29:55+00:00\" \/>\n<meta property=\"og:image\" content=\"https:\/\/www.ewigerbund.org\/sachsen\/wp-content\/uploads\/sites\/14\/2024\/09\/2024-09-21-koenigin-carola-bruecke-1.jpg\" \/>\n\t<meta property=\"og:image:width\" content=\"1200\" \/>\n\t<meta property=\"og:image:height\" content=\"680\" \/>\n\t<meta property=\"og:image:type\" content=\"image\/jpeg\" \/>\n<meta name=\"author\" content=\"Ewiger Bund (Offiziell)\" \/>\n<meta name=\"twitter:card\" content=\"summary_large_image\" \/>\n<meta name=\"twitter:label1\" content=\"Verfasst von\" \/>\n\t<meta name=\"twitter:data1\" content=\"Ewiger Bund (Offiziell)\" \/>\n\t<meta name=\"twitter:label2\" content=\"Gesch\u00e4tzte Lesezeit\" \/>\n\t<meta name=\"twitter:data2\" content=\"9\u00a0Minuten\" \/>\n<script type=\"application\/ld+json\" class=\"yoast-schema-graph\">{\"@context\":\"https:\/\/schema.org\",\"@graph\":[{\"@type\":\"Article\",\"@id\":\"https:\/\/www.ewigerbund.org\/sachsen\/die-zukunft-der-koenigin-carola-bruecke\/#article\",\"isPartOf\":{\"@id\":\"https:\/\/www.ewigerbund.org\/sachsen\/die-zukunft-der-koenigin-carola-bruecke\/\"},\"author\":{\"name\":\"Ewiger Bund (Offiziell)\",\"@id\":\"https:\/\/www.ewigerbund.org\/sachsen\/#\/schema\/person\/0362e92185f3785946d79eb35c5d3b96\"},\"headline\":\"Die Zukunft der K\u00f6nigin-Carola-Br\u00fccke.\",\"datePublished\":\"2024-09-21T10:14:32+00:00\",\"dateModified\":\"2025-02-09T19:29:55+00:00\",\"mainEntityOfPage\":{\"@id\":\"https:\/\/www.ewigerbund.org\/sachsen\/die-zukunft-der-koenigin-carola-bruecke\/\"},\"wordCount\":1604,\"publisher\":{\"@id\":\"https:\/\/www.ewigerbund.org\/sachsen\/#organization\"},\"image\":{\"@id\":\"https:\/\/www.ewigerbund.org\/sachsen\/die-zukunft-der-koenigin-carola-bruecke\/#primaryimage\"},\"thumbnailUrl\":\"https:\/\/www.ewigerbund.org\/sachsen\/wp-content\/uploads\/sites\/14\/2024\/09\/2024-09-21-koenigin-carola-bruecke-1.jpg\",\"keywords\":[\"Aktuelles\"],\"inLanguage\":\"de\"},{\"@type\":\"WebPage\",\"@id\":\"https:\/\/www.ewigerbund.org\/sachsen\/die-zukunft-der-koenigin-carola-bruecke\/\",\"url\":\"https:\/\/www.ewigerbund.org\/sachsen\/die-zukunft-der-koenigin-carola-bruecke\/\",\"name\":\"Die Zukunft der K\u00f6nigin-Carola-Br\u00fccke. &#8226; K\u00f6nigreich Sachsen.\",\"isPartOf\":{\"@id\":\"https:\/\/www.ewigerbund.org\/sachsen\/#website\"},\"primaryImageOfPage\":{\"@id\":\"https:\/\/www.ewigerbund.org\/sachsen\/die-zukunft-der-koenigin-carola-bruecke\/#primaryimage\"},\"image\":{\"@id\":\"https:\/\/www.ewigerbund.org\/sachsen\/die-zukunft-der-koenigin-carola-bruecke\/#primaryimage\"},\"thumbnailUrl\":\"https:\/\/www.ewigerbund.org\/sachsen\/wp-content\/uploads\/sites\/14\/2024\/09\/2024-09-21-koenigin-carola-bruecke-1.jpg\",\"datePublished\":\"2024-09-21T10:14:32+00:00\",\"dateModified\":\"2025-02-09T19:29:55+00:00\",\"description\":\"Was geschieht mit der K\u00f6nigin-Carola-Br\u00fccke in Dresden? Ein Blick in Sachsens Geschichte zu der am 11. September 2024 eingest\u00fcrtzten Br\u00fccke.\",\"breadcrumb\":{\"@id\":\"https:\/\/www.ewigerbund.org\/sachsen\/die-zukunft-der-koenigin-carola-bruecke\/#breadcrumb\"},\"inLanguage\":\"de\",\"potentialAction\":[{\"@type\":\"ReadAction\",\"target\":[\"https:\/\/www.ewigerbund.org\/sachsen\/die-zukunft-der-koenigin-carola-bruecke\/\"]}]},{\"@type\":\"ImageObject\",\"inLanguage\":\"de\",\"@id\":\"https:\/\/www.ewigerbund.org\/sachsen\/die-zukunft-der-koenigin-carola-bruecke\/#primaryimage\",\"url\":\"https:\/\/www.ewigerbund.org\/sachsen\/wp-content\/uploads\/sites\/14\/2024\/09\/2024-09-21-koenigin-carola-bruecke-1.jpg\",\"contentUrl\":\"https:\/\/www.ewigerbund.org\/sachsen\/wp-content\/uploads\/sites\/14\/2024\/09\/2024-09-21-koenigin-carola-bruecke-1.jpg\",\"width\":1200,\"height\":680},{\"@type\":\"BreadcrumbList\",\"@id\":\"https:\/\/www.ewigerbund.org\/sachsen\/die-zukunft-der-koenigin-carola-bruecke\/#breadcrumb\",\"itemListElement\":[{\"@type\":\"ListItem\",\"position\":1,\"name\":\"Startseite.\",\"item\":\"https:\/\/www.ewigerbund.org\/sachsen\/\"},{\"@type\":\"ListItem\",\"position\":2,\"name\":\"Die Zukunft der K\u00f6nigin-Carola-Br\u00fccke.\"}]},{\"@type\":\"WebSite\",\"@id\":\"https:\/\/www.ewigerbund.org\/sachsen\/#website\",\"url\":\"https:\/\/www.ewigerbund.org\/sachsen\/\",\"name\":\"K\u00f6nigreich Sachsen\",\"description\":\"im ewigen Bund.\",\"publisher\":{\"@id\":\"https:\/\/www.ewigerbund.org\/sachsen\/#organization\"},\"potentialAction\":[{\"@type\":\"SearchAction\",\"target\":{\"@type\":\"EntryPoint\",\"urlTemplate\":\"https:\/\/www.ewigerbund.org\/sachsen\/?s={search_term_string}\"},\"query-input\":\"required name=search_term_string\"}],\"inLanguage\":\"de\"},{\"@type\":\"Organization\",\"@id\":\"https:\/\/www.ewigerbund.org\/sachsen\/#organization\",\"name\":\"K\u00f6nigreich Sachsen\",\"url\":\"https:\/\/www.ewigerbund.org\/sachsen\/\",\"logo\":{\"@type\":\"ImageObject\",\"inLanguage\":\"de\",\"@id\":\"https:\/\/www.ewigerbund.org\/sachsen\/#\/schema\/logo\/image\/\",\"url\":\"https:\/\/www.ewigerbund.org\/sachsen\/wp-content\/uploads\/sites\/14\/2022\/11\/cropped-2022-09-10-Logo-EB-Sachsen-Schutzzone_Schatten-transparent-1200px-1.png\",\"contentUrl\":\"https:\/\/www.ewigerbund.org\/sachsen\/wp-content\/uploads\/sites\/14\/2022\/11\/cropped-2022-09-10-Logo-EB-Sachsen-Schutzzone_Schatten-transparent-1200px-1.png\",\"width\":1200,\"height\":1200,\"caption\":\"K\u00f6nigreich Sachsen\"},\"image\":{\"@id\":\"https:\/\/www.ewigerbund.org\/sachsen\/#\/schema\/logo\/image\/\"}},{\"@type\":\"Person\",\"@id\":\"https:\/\/www.ewigerbund.org\/sachsen\/#\/schema\/person\/0362e92185f3785946d79eb35c5d3b96\",\"name\":\"Ewiger Bund (Offiziell)\",\"image\":{\"@type\":\"ImageObject\",\"inLanguage\":\"de\",\"@id\":\"https:\/\/www.ewigerbund.org\/sachsen\/#\/schema\/person\/image\/\",\"url\":\"https:\/\/secure.gravatar.com\/avatar\/1e3f022cd8f681d14f459ffaa89a6798?s=96&d=blank&r=g\",\"contentUrl\":\"https:\/\/secure.gravatar.com\/avatar\/1e3f022cd8f681d14f459ffaa89a6798?s=96&d=blank&r=g\",\"caption\":\"Ewiger Bund (Offiziell)\"},\"url\":\"https:\/\/www.ewigerbund.org\/sachsen\/author\/deutscher\/\"}]}<\/script>\n<!-- \/ Yoast SEO plugin. -->","yoast_head_json":{"title":"Die Zukunft der K\u00f6nigin-Carola-Br\u00fccke. &#8226; K\u00f6nigreich Sachsen.","description":"Was geschieht mit der K\u00f6nigin-Carola-Br\u00fccke in Dresden? Ein Blick in Sachsens Geschichte zu der am 11. September 2024 eingest\u00fcrtzten Br\u00fccke.","robots":{"index":"index","follow":"follow","max-snippet":"max-snippet:-1","max-image-preview":"max-image-preview:large","max-video-preview":"max-video-preview:-1"},"canonical":"https:\/\/www.ewigerbund.org\/sachsen\/die-zukunft-der-koenigin-carola-bruecke\/","og_locale":"de_DE","og_type":"article","og_title":"Die Zukunft der K\u00f6nigin-Carola-Br\u00fccke. &#8226; K\u00f6nigreich Sachsen.","og_description":"Was geschieht mit der K\u00f6nigin-Carola-Br\u00fccke in Dresden? Ein Blick in Sachsens Geschichte zu der am 11. September 2024 eingest\u00fcrtzten Br\u00fccke.","og_url":"https:\/\/www.ewigerbund.org\/sachsen\/die-zukunft-der-koenigin-carola-bruecke\/","og_site_name":"K\u00f6nigreich Sachsen","article_published_time":"2024-09-21T10:14:32+00:00","article_modified_time":"2025-02-09T19:29:55+00:00","og_image":[{"width":1200,"height":680,"url":"https:\/\/www.ewigerbund.org\/sachsen\/wp-content\/uploads\/sites\/14\/2024\/09\/2024-09-21-koenigin-carola-bruecke-1.jpg","type":"image\/jpeg"}],"author":"Ewiger Bund (Offiziell)","twitter_card":"summary_large_image","twitter_misc":{"Verfasst von":"Ewiger Bund (Offiziell)","Gesch\u00e4tzte Lesezeit":"9\u00a0Minuten"},"schema":{"@context":"https:\/\/schema.org","@graph":[{"@type":"Article","@id":"https:\/\/www.ewigerbund.org\/sachsen\/die-zukunft-der-koenigin-carola-bruecke\/#article","isPartOf":{"@id":"https:\/\/www.ewigerbund.org\/sachsen\/die-zukunft-der-koenigin-carola-bruecke\/"},"author":{"name":"Ewiger Bund (Offiziell)","@id":"https:\/\/www.ewigerbund.org\/sachsen\/#\/schema\/person\/0362e92185f3785946d79eb35c5d3b96"},"headline":"Die Zukunft der K\u00f6nigin-Carola-Br\u00fccke.","datePublished":"2024-09-21T10:14:32+00:00","dateModified":"2025-02-09T19:29:55+00:00","mainEntityOfPage":{"@id":"https:\/\/www.ewigerbund.org\/sachsen\/die-zukunft-der-koenigin-carola-bruecke\/"},"wordCount":1604,"publisher":{"@id":"https:\/\/www.ewigerbund.org\/sachsen\/#organization"},"image":{"@id":"https:\/\/www.ewigerbund.org\/sachsen\/die-zukunft-der-koenigin-carola-bruecke\/#primaryimage"},"thumbnailUrl":"https:\/\/www.ewigerbund.org\/sachsen\/wp-content\/uploads\/sites\/14\/2024\/09\/2024-09-21-koenigin-carola-bruecke-1.jpg","keywords":["Aktuelles"],"inLanguage":"de"},{"@type":"WebPage","@id":"https:\/\/www.ewigerbund.org\/sachsen\/die-zukunft-der-koenigin-carola-bruecke\/","url":"https:\/\/www.ewigerbund.org\/sachsen\/die-zukunft-der-koenigin-carola-bruecke\/","name":"Die Zukunft der K\u00f6nigin-Carola-Br\u00fccke. &#8226; K\u00f6nigreich Sachsen.","isPartOf":{"@id":"https:\/\/www.ewigerbund.org\/sachsen\/#website"},"primaryImageOfPage":{"@id":"https:\/\/www.ewigerbund.org\/sachsen\/die-zukunft-der-koenigin-carola-bruecke\/#primaryimage"},"image":{"@id":"https:\/\/www.ewigerbund.org\/sachsen\/die-zukunft-der-koenigin-carola-bruecke\/#primaryimage"},"thumbnailUrl":"https:\/\/www.ewigerbund.org\/sachsen\/wp-content\/uploads\/sites\/14\/2024\/09\/2024-09-21-koenigin-carola-bruecke-1.jpg","datePublished":"2024-09-21T10:14:32+00:00","dateModified":"2025-02-09T19:29:55+00:00","description":"Was geschieht mit der K\u00f6nigin-Carola-Br\u00fccke in Dresden? Ein Blick in Sachsens Geschichte zu der am 11. September 2024 eingest\u00fcrtzten Br\u00fccke.","breadcrumb":{"@id":"https:\/\/www.ewigerbund.org\/sachsen\/die-zukunft-der-koenigin-carola-bruecke\/#breadcrumb"},"inLanguage":"de","potentialAction":[{"@type":"ReadAction","target":["https:\/\/www.ewigerbund.org\/sachsen\/die-zukunft-der-koenigin-carola-bruecke\/"]}]},{"@type":"ImageObject","inLanguage":"de","@id":"https:\/\/www.ewigerbund.org\/sachsen\/die-zukunft-der-koenigin-carola-bruecke\/#primaryimage","url":"https:\/\/www.ewigerbund.org\/sachsen\/wp-content\/uploads\/sites\/14\/2024\/09\/2024-09-21-koenigin-carola-bruecke-1.jpg","contentUrl":"https:\/\/www.ewigerbund.org\/sachsen\/wp-content\/uploads\/sites\/14\/2024\/09\/2024-09-21-koenigin-carola-bruecke-1.jpg","width":1200,"height":680},{"@type":"BreadcrumbList","@id":"https:\/\/www.ewigerbund.org\/sachsen\/die-zukunft-der-koenigin-carola-bruecke\/#breadcrumb","itemListElement":[{"@type":"ListItem","position":1,"name":"Startseite.","item":"https:\/\/www.ewigerbund.org\/sachsen\/"},{"@type":"ListItem","position":2,"name":"Die Zukunft der K\u00f6nigin-Carola-Br\u00fccke."}]},{"@type":"WebSite","@id":"https:\/\/www.ewigerbund.org\/sachsen\/#website","url":"https:\/\/www.ewigerbund.org\/sachsen\/","name":"K\u00f6nigreich Sachsen","description":"im ewigen Bund.","publisher":{"@id":"https:\/\/www.ewigerbund.org\/sachsen\/#organization"},"potentialAction":[{"@type":"SearchAction","target":{"@type":"EntryPoint","urlTemplate":"https:\/\/www.ewigerbund.org\/sachsen\/?s={search_term_string}"},"query-input":"required name=search_term_string"}],"inLanguage":"de"},{"@type":"Organization","@id":"https:\/\/www.ewigerbund.org\/sachsen\/#organization","name":"K\u00f6nigreich Sachsen","url":"https:\/\/www.ewigerbund.org\/sachsen\/","logo":{"@type":"ImageObject","inLanguage":"de","@id":"https:\/\/www.ewigerbund.org\/sachsen\/#\/schema\/logo\/image\/","url":"https:\/\/www.ewigerbund.org\/sachsen\/wp-content\/uploads\/sites\/14\/2022\/11\/cropped-2022-09-10-Logo-EB-Sachsen-Schutzzone_Schatten-transparent-1200px-1.png","contentUrl":"https:\/\/www.ewigerbund.org\/sachsen\/wp-content\/uploads\/sites\/14\/2022\/11\/cropped-2022-09-10-Logo-EB-Sachsen-Schutzzone_Schatten-transparent-1200px-1.png","width":1200,"height":1200,"caption":"K\u00f6nigreich Sachsen"},"image":{"@id":"https:\/\/www.ewigerbund.org\/sachsen\/#\/schema\/logo\/image\/"}},{"@type":"Person","@id":"https:\/\/www.ewigerbund.org\/sachsen\/#\/schema\/person\/0362e92185f3785946d79eb35c5d3b96","name":"Ewiger Bund (Offiziell)","image":{"@type":"ImageObject","inLanguage":"de","@id":"https:\/\/www.ewigerbund.org\/sachsen\/#\/schema\/person\/image\/","url":"https:\/\/secure.gravatar.com\/avatar\/1e3f022cd8f681d14f459ffaa89a6798?s=96&d=blank&r=g","contentUrl":"https:\/\/secure.gravatar.com\/avatar\/1e3f022cd8f681d14f459ffaa89a6798?s=96&d=blank&r=g","caption":"Ewiger Bund (Offiziell)"},"url":"https:\/\/www.ewigerbund.org\/sachsen\/author\/deutscher\/"}]}},"_links":{"self":[{"href":"https:\/\/www.ewigerbund.org\/sachsen\/wp-json\/wp\/v2\/posts\/2619","targetHints":{"allow":["GET"]}}],"collection":[{"href":"https:\/\/www.ewigerbund.org\/sachsen\/wp-json\/wp\/v2\/posts"}],"about":[{"href":"https:\/\/www.ewigerbund.org\/sachsen\/wp-json\/wp\/v2\/types\/post"}],"author":[{"embeddable":true,"href":"https:\/\/www.ewigerbund.org\/sachsen\/wp-json\/wp\/v2\/users\/1"}],"replies":[{"embeddable":true,"href":"https:\/\/www.ewigerbund.org\/sachsen\/wp-json\/wp\/v2\/comments?post=2619"}],"version-history":[{"count":18,"href":"https:\/\/www.ewigerbund.org\/sachsen\/wp-json\/wp\/v2\/posts\/2619\/revisions"}],"predecessor-version":[{"id":2685,"href":"https:\/\/www.ewigerbund.org\/sachsen\/wp-json\/wp\/v2\/posts\/2619\/revisions\/2685"}],"wp:featuredmedia":[{"embeddable":true,"href":"https:\/\/www.ewigerbund.org\/sachsen\/wp-json\/wp\/v2\/media\/2621"}],"wp:attachment":[{"href":"https:\/\/www.ewigerbund.org\/sachsen\/wp-json\/wp\/v2\/media?parent=2619"}],"wp:term":[{"taxonomy":"category","embeddable":true,"href":"https:\/\/www.ewigerbund.org\/sachsen\/wp-json\/wp\/v2\/categories?post=2619"},{"taxonomy":"post_tag","embeddable":true,"href":"https:\/\/www.ewigerbund.org\/sachsen\/wp-json\/wp\/v2\/tags?post=2619"}],"curies":[{"name":"wp","href":"https:\/\/api.w.org\/{rel}","templated":true}]}}