{"id":921,"date":"2022-05-18T11:52:25","date_gmt":"2022-05-18T09:52:25","guid":{"rendered":"https:\/\/www.ewigerbund.org\/video\/?p=921"},"modified":"2023-02-08T21:15:35","modified_gmt":"2023-02-08T20:15:35","slug":"29-wofuer-steht-die-flagge-des-deutschen-reiches-1871","status":"publish","type":"post","link":"https:\/\/www.ewigerbund.org\/film\/29-wofuer-steht-die-flagge-des-deutschen-reiches-1871\/","title":{"rendered":"#29 Wof\u00fcr steht die Flagge?"},"content":{"rendered":"\n<figure class=\"wp-block-embed is-type-video is-provider-vimeo wp-block-embed-vimeo wp-embed-aspect-16-9 wp-has-aspect-ratio\"><div class=\"wp-block-embed__wrapper\">\n<iframe loading=\"lazy\" src=\"https:\/\/player.vimeo.com\/video\/482003514?h=b862e0cecb&amp;dnt=1&amp;app_id=122963\" width=\"500\" height=\"281\" frameborder=\"0\" allow=\"autoplay; fullscreen; picture-in-picture; clipboard-write\"><\/iframe>\n<\/div><\/figure>\n\n\n\n<div style=\"height:40px\" aria-hidden=\"true\" class=\"wp-block-spacer\"><\/div>\n\n\n\n<h2 class=\"wp-block-heading\">Wof\u00fcr steht die Flagge des Deutschen Reiches (1871).<\/h2>\n\n\n\n<p class=\"has-text-color\" style=\"color:#950003\"><strong>Wissen ist eine Holschuld 29.<\/strong><\/p>\n\n\n\n<p>So wenig wir es als unsere Hauptaufgabe betrachten, vermeintlich Wissen vermittelnde Sendungen der Systemmedien immer wieder zu korrigieren, so wenig k\u00f6nnen wir die gerade aktuell vermehrt auftauchenden Falschinformationen unwidersprochen im Raum stehen lassen.<\/p>\n\n\n\n<p>Aufgrund der in diesen Tagen massiv gestreuten Fehlinformationen hielten wir es daher f\u00fcr dringend not-wendig, der Frage nachzugehen: \u201eWof\u00fcr steht die Flagge des deutschen Reiches von 1871?\u201c<\/p>\n\n\n\n<p>Worum geht es nun genau? Im Zuge der Ereignisse vom 29. August vor dem Reichstag in Berlin hat sich bei so manchem selbst- und klardenkenden Deutschen der Eindruck gefestigt, da\u00df es sich dabei um eine Inszenierung seitens des Systems gehandelt hat.<\/p>\n\n\n\n<p>Immer mehr Deutsche beweisen inzwischen wieder den Mut, mit den wahren deutschen Farben schwarz-wei\u00df-rot unterwegs zu sein. Farben, die leider immer noch von zu vielen Deutschen mit dem Nationalsozialismus assoziiert werden. Warum ist das wohl so? Und ist das vielleicht am Ende genauso gewollt?<\/p>\n\n\n\n<p>Nun, wieder einmal ist es das Format \u201eWissen2go\u201c der Systemmedien, das hierzu vermeintliche Antworten bereith\u00e4lt. Allerdings bed\u00fcrfen auch diese vermeintlichen Antworten wieder dringend der einen oder anderen Korrektur.<\/p>\n\n\n\n<p>Na, dann wollen wir mal.<\/p>\n\n\n\n<p><strong>00:26<\/strong> <strong>Steinmeier meint Reichsflaggen an diesem Ort seien unertr\u00e4glich<\/strong>.<\/p>\n\n\n\n<p>Die Fahnen des Deutschen Reiches (Kaiserreich 1871) vor dem Reichstag sind unertr\u00e4glich? Nun, als Mitglied der am Putsch von 1918 ma\u00dfgeblich beteiligten Partei, der SPD, ist diese Aussage des Herrn Steinmeier absolut nachvollziehbar. F\u00fcr aufrechte und gesetzliche Deutsche hingegen sind die Farben unseres legitimen Staates und der Reichstag untrennbar miteinander verbunden. Und das sagen eigentlich auch schon die Begriffe <strong>Reichsflagge<\/strong> und Reichstag selbst aus.<\/p>\n\n\n\n<p><strong>00:38 Diese Fahne ist ein Symbol.<\/strong><\/p>\n\n\n\n<p>Nun, sie ist als offizielle National- und Handelsflagge das Symbol des ewigen Bundes der deutschen V\u00f6lker, genannt Deutsches Reich (1871).<\/p>\n\n\n\n<p><strong>00:55<\/strong> <strong>Was hat das mit Nationalsozialisten zu tun?<\/strong><\/p>\n\n\n\n<p>Diese Frage ist hochinteressant, und wir sind auf die Antwort sehr gespannt.<\/p>\n\n\n\n<p><strong>02:20 Der Norddeutsche Bund entsteht als Bundesstaat.<\/strong><\/p>\n\n\n\n<p>Genauso ist es, der Norddeutsche Bund war ein Bundesstaat. Und genau so verh\u00e4lt es sich mit dem aus ihm hervorgegangene Deutsche Reich von 1871 bis heute.<\/p>\n\n\n\n<p><strong>03:43 Die Farben resultieren aus dem gr\u00f6\u00dften Staat, Preu\u00dfen, und den beiden kleinsten Staaten. \u2013 Ein Symbol der Einheit.<\/strong><\/p>\n\n\n\n<p>Jawohl, vollkommen richtig. Es ging und geht beim Reichsgedanken um die Einheit der deutschen V\u00f6lker.<\/p>\n\n\n\n<p><strong>03:48 Und ihr merkt, anfangs hat die Fahne keinen explizit radikalen Hintergrund.<\/strong><\/p>\n\n\n\n<p>Doch, den hat sie. Zumindest, wenn man sich dar\u00fcber im klaren ist, was das Wort <em>radikal<\/em> wirklich bedeutet. Es stammt vom lateinischen Wort radix f\u00fcr Wurzel, Ursprung. Mit dieser <em>eigentlichen<\/em> Bedeutung des Wortes im Hinterkopf ist diese Fahne also durchaus radikal, denn sie steht f\u00fcr unsere deutschen Wurzeln.<\/p>\n\n\n\n<p><strong>03:51 Das wird sich sp\u00e4ter noch ein bi\u00dfchen \u00e4ndern.<\/strong><\/p>\n\n\n\n<p>Nein. Das hat sich bis heute nicht ge\u00e4ndert!<\/p>\n\n\n\n<p><strong>04:25 Das Kaiserreich war ein preu\u00dfisch dominierter Obrigkeitsstaat.<\/strong><\/p>\n\n\n\n<p>Der Begriff Obrigkeitsstaat wird hier gezielt manipulativ genutzt. Damit soll vermittelt werden, das Volk h\u00e4tte im Kaiserreich kein Mitspracherecht gehabt. Und das, obwohl auch diese Systemjournalisten eigentlich ganz genau wissen sollten, da\u00df das Volk per direkt gew\u00e4hltem Reichstag sehr wohl an der Gesetzgebung beteiligt ist. Siehe dazu auch das Video \u201eWissen ist eine Holschuld Nr. 9 \u2013 Recht und Kaiser\u201c.<\/p>\n\n\n\n<p><strong>04:42 Und es war ein Milit\u00e4rstaat, in dem der Kaiser als oberster Kriegsherr der politischen Kultur und dem zivilen Leben seinen milit\u00e4rischen Stempel aufgedr\u00fcckt hat.<\/strong><\/p>\n\n\n\n<p>An dieser Stelle gilt es, gleich mehrere Aussagen richtig zu stellen. Das Deutsche Reich war also ein Milit\u00e4rstaat? Woran wird das festgemacht? Daran, da\u00df ein Staat \u00fcber Milit\u00e4r verf\u00fcgt? Nun, dann ist wohl jeder Staat ein Milit\u00e4rstaat. Oder handelt es sich um einen Milit\u00e4rstaat, wenn der Staat Kriege f\u00fchrt? Letzteres greift nicht f\u00fcr das deutsche Reich. Ein jeder m\u00f6ge schauen, welche Kriege das Kaiserreich seit seiner Gr\u00fcndung 1871 gef\u00fchrt hat. Erst 1914 wurde das Deutsche Reich (1871) in den bis heute andauernden Weltkrieg gezogen. Und vom wem? Ganz offensichtlich von wirklichen Milit\u00e4rstaaten.<\/p>\n\n\n\n<p>Das Wort Kriegsherr wird erneut nicht zuf\u00e4llig von diesen \u201eWissensvermittlern\u201c genutzt. Zumindest klingt dieser Begriff bedrohlicher als die richtige Bezeichnung, denn gem\u00e4\u00df Verfassung steht die gesamte Landmacht unter dem milit\u00e4rischen <em>Oberbefehl<\/em> des Kaisers \u2013 und das im Krieg wie im Frieden. Klingt schon etwas anders als <em>oberster Kriegsherr<\/em>. Oder?<\/p>\n\n\n\n<p>Und da\u00df der Kaiser der politischen Kultur und dem zivilen Leben seinen milit\u00e4rischen Stempel aufgedr\u00fcckt haben soll, ist eine jener so gern gebrauchten haltlosen Behauptungen, welche einfach mal so in den Raum gestellt wird. \u2013 Nat\u00fcrlich ohne jeglichen Beleg.<\/p>\n\n\n\n<p><strong>04:55 verbunden mit aggressiver kolonialer Expansionspolitik.<\/strong><\/p>\n\n\n\n<p>So so, aggressive koloniale Expansionspolitik. Angesichts anderer Gro\u00dfm\u00e4chte jener Zeit und deren Politik der Unterjochung fremder V\u00f6lker durch Feuer und Schwert, lohnt sich durchaus ein Blick auf die deutsche Kolonial-Politik und die daraus resultierenden deutschen Schutzgebiete. Da dieses Thema den Rahmen dieses Videos sprengen w\u00fcrde, darf sich ein jeder selbst auf die Suche nach der Art und Weise, in welcher das deutsche Reich seine Beziehungen zu den Schutzgebieten gestaltete, begeben. Von Feuer und Schwert ist da nichts zu finden, allerdings von beiderseitigem Nutzen der Beziehungen. Etwa ein deutsches Eisenbahnnetz und die deutsche Verwaltung und im Gegenzug nur das Recht, miteinander Handel treiben zu d\u00fcrfen, siehe z.B Namibia. Das klingt nach allem, aber nicht nach aggressiver kolonialer Expansionspolitik. Aber wie gesagt, dazu m\u00f6ge jeder selbst recherchieren.<\/p>\n\n\n\n<p><strong>05:18 Sie ist die Flagge der Streitkr\u00e4fte des deutschen Reiches noch bis 1921, also noch bis nach dem ersten Weltkrieg.<\/strong><\/p>\n\n\n\n<p>An dieser Stelle sind zwei Punkte anzumerken. Zum einen wird vom Ende des 1. Weltkrieges gesprochen. Wann und wie endete er denn? Wo ist der v\u00f6lkerrechtliche Abschlu\u00df, also der von den Kriegsparteien unterzeichnete Friedensvertrag? Und Punkt zwei, diese Reichskriegsflagge darf nach unserem g\u00fcltigen deutschen Recht nur und ausschlie\u00dflich von Angeh\u00f6rigen der Streitkr\u00e4fte des deutschen Reiches genutzt werden, denn es handelt sich um ein milit\u00e4risches Hoheitszeichen. Insofern sollte sich jeder Deutsche ganz genau \u00fcberlegen, ob er diese Flagge in der \u00d6ffentlichkeit nutzt. Wenn er dies tut, dann verst\u00f6\u00dft er gegen g\u00fcltiges deutsches Recht. Und gegen g\u00fcltiges deutsches Recht zu versto\u00dfen, genau das hat uns Deutsche dahin gebracht, wo wir heute stehen.<\/p>\n\n\n\n<p><strong>05:43 Es ist die Flagge, die auch im ersten Weltkrieg gehi\u00dft wird und mit denen die Streitkr\u00e4fte in den Krieg ziehen.<\/strong><\/p>\n\n\n\n<p>Es wurde also die Kriegsflagge des deutschen Reiches gehi\u00dft, nachdem das deutsche Reich in diesen uns\u00e4glichen Krieg gezogen wurde. \u2013 Wirklich eine bahnbrechende und aufschlu\u00dfreiche Erkenntnis.<\/p>\n\n\n\n<p><strong>05:50 Nach dem verlorenen 1. Weltkrieg&#8230;<\/strong><\/p>\n\n\n\n<p>Nach dem verlorenen 1. Weltkrieg? Ein bis heute andauernder Krieg und verloren? Hmmm. Nun gut, einfach mal sacken lassen.<\/p>\n\n\n\n<p><strong>06:02 Das Land mu\u00df eine neue Identit\u00e4t finden und auch eine neue Symbolik.<\/strong><\/p>\n\n\n\n<p>Eine Aussage, der man nicht genug Bedeutung beimessen kann. \u201eDas Land mu\u00df eine neue Identit\u00e4t finden.\u201c Genau darum geht es seit dem gewaltsamen Staatsstreich von 1918: den Deutschen mu\u00df ihre wahre Identit\u00e4t genommen werden. Und wie wir gerade erleben, ist das bis heute das Ziel dieser zerst\u00f6rerischen Kr\u00e4fte. Die gute Nachricht an dieser Stelle ist, da\u00df dieses Ziel selbst \u00fcber 100 Jahre sp\u00e4ter noch immer nicht erreicht wurde. Tagt\u00e4glich erkennen immer mehr Deutsche, wer sie wirklich sind und was zu tun ist, um dieses Unrecht endlich zu beenden. Der deutsche Geist lebt noch immer, und er manifestiert sich jeden Tag st\u00e4rker.<\/p>\n\n\n\n<p><strong>06:03 Die Gesellschaft ist oft gespalten.<\/strong><\/p>\n\n\n\n<p>Eines der erkl\u00e4rten Hauptziele dieser Kr\u00e4fte ist es bis heute, die deutsche Gesellschaft zu spalten: teile und herrsche. Und wenn wir uns aktuell umschauen, dann sind sie leider noch immer sehr erfolgreich damit. Und das \u00fcbrigens auch dank solch vermeintlicher \u201eWissensvermittlung\u201c wie im hier zitierten Video.<\/p>\n\n\n\n<p><strong>06:12 \u00dcber die neue oder nicht neue Flagge wird heftig gestritten&#8230;<\/strong><\/p>\n\n\n\n<p>Die neue oder nicht neue Flagge? Na, was denn nun? Zu eben dieser Frage, \u201eneu oder nicht neu\u201c, scheint es f\u00fcr die Macher dieses Videos ganz offensichtlich keinen Kl\u00e4rungsbedarf zu geben. Fast wie nebenbei wird von neu oder nicht neu gesprochen und genau in dieser vermeintlichen Belanglosigkeit liegt viel Sprengkraft, denn verschiedene Quellen belegen ganz klar, da\u00df von Anfang an die Hakenkreuzfahne die Flagge der Nationalsozialisten war. Quellen wie u.a. der Erla\u00df des Reichspr\u00e4sidenten von Hindenburg vom 12. M\u00e4rz 1933. Aus diesem geht ganz eindeutig hervor, da\u00df ab dem 13. M\u00e4rz 1933 stets die Hakenkreuzfahne neben der Reichsfahne (Kaiserreich 1871) zu hissen ist.<\/p>\n\n\n\n<p>Die Frage neue Flagge oder nicht neue Flagge stellt sich also gar nicht.<\/p>\n\n\n\n<p>Passage Gestrichen!<\/p>\n\n\n\n<p><strong>06:25 Die einen wollen den republikanischen Umbruch deutlich machen, mit den Farbe schwarz-rot-gold<\/strong><\/p>\n\n\n\n<p>An dieser Stelle ist es interessant zu erfahren, da\u00df in der zeitgen\u00f6ssischer Literatur bis 1918 nie von schwarz-rot-<em>gold <\/em>gesprochen<em> wir<\/em>d, sondern immer von schwarz-rot-<em>gelb<\/em>. Seit dem gewaltsamen Staatsstreich durch Sozialdemokraten und Kommunisten 1918 ist pl\u00f6tzlich nur noch von schwarz-rot-<em>gold<\/em> die Rede. Soll damit etwa suggeriert werden, der gewaltsame Umsturz sei f\u00fcr die Deutschen etwas Gutes gewesen?<\/p>\n\n\n\n<p><strong>06:30 Diese Farben, die im \u00fcbrigen auch nicht ganz neu sind und schon beim Hambacher Fest 1833 als Nationalfarben auf den Fahnen getragen wurden.<\/strong><\/p>\n\n\n\n<p>Farben, die auch nicht ganz neu sind. \u2013 Das ist in der Tat so, denn Schwarz, Rot und Gelb sind die Farben gleich dreier deutscher Staate: der F\u00fcrstent\u00fcmer Reu\u00df \u00c4ltere Linie, Reu\u00df J\u00fcngere Linie und des F\u00fcrstentums Waldeck und Pyrmont. Deshalb gleich von gesamtdeutschen Farben zu sprechen, ist schon mehr als gewagt. Zudem sind auf Gem\u00e4lden des Hambacher Festes nur wenige Fahnen dargestellt, und zwar die Fahnen einzelner deutscher Staaten. Es gilt also auch hier so einiges zu hinterfragen.<\/p>\n\n\n\n<p><strong>06:46 schwarz-wei\u00df-rot sind die Farben des Kaiserreichs unter preu\u00dfischer F\u00fchrung, schwarz-rot-gold dagegen symbolisiert den Wunsch alle Deutschen, in einem Nationalstaat <u>zu einen<\/u>. (&#8230;leben?)<\/strong><\/p>\n\n\n\n<p>Ist den Machern des Originalvideos entgangen, was 1871 geschehen ist? K\u00f6nnen oder wollen sie nicht sehen, da\u00df mit der Reichsgr\u00fcndung 1871 eben dieser Wunsch der deutschen V\u00f6lker bereits in Erf\u00fcllung gegangen war? Der 1871 entstandene deutsche Gesamtstaat wurde jedoch nach dem gewaltsamen Parteienputsch 1918 durch das staatsrechtlich nicht legitimierte Verwaltungskonstrukt \u201eWeimarer Republik\u201c \u00fcberlagert.<\/p>\n\n\n\n<p>Ein Umstand, der ganz offensichtlich mit vollem Kalk\u00fcl von solchen vermeintlichen Wissensvermittlern nicht benannt wird.<\/p>\n\n\n\n<p><strong>07:02 Flagge bekennen, hei\u00dft oft eben auch, sich zu seinen eigenen Werten zu bekennen.<\/strong><\/p>\n\n\n\n<p>Genauso ist es. Sich zu den deutschen Nationalfarben schwarz-wei\u00df-rot zu bekennen, bedeutet nicht mehr und nicht weniger, als sich zum Erbe seiner V\u00e4ter, zu seinem Staat zu bekennen. Zu einem Staat, dessen oberster Staatszweck die Pflege der Wohlfahrt des deutschen Volkes ist. Ein Staatszweck, mit dem allem Anschein nach sowohl die Macher des Originalvideos als auch s\u00e4mtliche Verwaltungskonstrukte auf deutschem Boden seit 1918 nichts am Hut zu haben scheinen.<\/p>\n\n\n\n<p><strong>07:10 Kampf der Systeme demokratisch und antidemokratisch spiegelt sich auch im Flaggenstreit wieder. Schwarz-rot-gold steht f\u00fcr einen demokratischen Neuanfang, f\u00fcr eine demokratische Republik und nicht f\u00fcr eine Monarchie.<\/strong><\/p>\n\n\n\n<p>Es w\u00fcrde den Rahmen unseres Videos sprengen, uns an dieser Stelle eingehend damit zu besch\u00e4ftigen, was eigentlich \u201edemokratisch\u201c bedeutet und wof\u00fcr dieser Begriff wirklich steht. Angesichts der aktuell en Ereignisse sollte ohnehin jeder selbst- und klardenkende Mensch von ganz allein erkennen, was sich wirklich hinter diesem Begriff verbirgt.<\/p>\n\n\n\n<p><strong>07:40 Bei der Reichskriegsflagge soll eigentlich gar nicht so viel ausgetauscht werden. Republikanischer statt preu\u00dfischer Adler&#8230;<\/strong><\/p>\n\n\n\n<p>Auch wieder eher beil\u00e4ufig wird hier ein sehr wesentlicher, wenn nicht sogar der wichtigste Punkt als Randnotiz verkauft. Auch die Putschisten von 1918 und alle ihre Nachfolger waren sich vollkommen im klaren dar\u00fcber, da\u00df das Schicksal des deutschen Reiches von 1871 untrennbar mit Preu\u00dfen verbunden ist. Es galt und gilt daher bis heute, den preu\u00dfischen Geist aus dem Bewu\u00dftsein der Deutschen zu tilgen.<\/p>\n\n\n\n<p><strong>08:10 Die Nationalsozialisten \u00fcbernehmen erst mal die Reichsflagge, auch wenn die Hakenkreuzfahne parallel dazu ebenfalls oft gehi\u00dft wird.<\/strong><\/p>\n\n\n\n<p>Ebenfalls oft gehi\u00dft? Wie wir ja vorhin bereits aus dem Erla\u00df des Reichspr\u00e4sidenten von Hindenburg vom 12. M\u00e4rz 1933 gelernt haben, wurde die Hakenkreuzfahne nicht nur oft gehi\u00dft, sondern sie mu\u00dfte immer neben der Reichsflagge gehi\u00dft werden. Nach dem Tod des Reichspr\u00e4sidenten von Hindenburg verschwindet die schwarz-wei\u00df-rote deutsche Nationalflagge g\u00e4nzlich aus der \u00d6ffentlichkeit. Warum wohl?<\/p>\n\n\n\n<p><strong>08:23 \u2026 und die urspr\u00fcngliche Reichsflagge wird sp\u00e4ter sogar verboten.<\/strong><\/p>\n\n\n\n<p>Ein sehr interessanter Umstand. Ganz offensichtlich hatten die Nationalsozialisten ein ebensolches Problem mit den deutschen Nationalfarben wie die derzeitige Verwaltung unseres Landes. Keine zuf\u00e4llige Parallele und auch nicht die einzige \u2013 aber das w\u00fcrde an dieser Stelle zu weit f\u00fchren.<\/p>\n\n\n\n<p><strong>08:47 Die Reichsflagge ist heute ein h\u00e4ufiges Erkennungssymbol von Anh\u00e4ngerinnen und Anh\u00e4ngern rechten Gedankenguts.<\/strong><\/p>\n\n\n\n<p>Hier w\u00e4re es \u00fcberaus interessant zu erfahren, was genau denn aus der Sicht der Macher des Originalvideos rechtes Gedankengut ist. Eine Frage, \u00fcber die jeder einmal selbst nachdenken sollte.<\/p>\n\n\n\n<p>Man scheint mancherorts gro\u00dfes Interesse daran zu haben, auf diese Weise aufrechte Deutsche, die sich zu ihren legitimen Nationalfarben bekennen, mit Anh\u00e4ngern der nationalsozialistischen Ideologie in einen Topf werfen zu k\u00f6nnen. Wie praktisch.<\/p>\n\n\n\n<p><strong>09:04 \u2026 das man in der BRD nationalsozialistische Symbolik unterbinden will.<\/strong><\/p>\n\n\n\n<p>Und das vollkommen zurecht. Nur, wie wir ja aus diesem Video schon gelernt haben sollten, hat die Flagge des deutschen Reiches von 1871 nicht das Geringste mit den Nationalsozialisten zu tun. Dennoch wird sie immer wieder mit vollem Kalk\u00fcl mit dieser uns\u00e4glichen Zeit in Verbindung gebracht. Warum ist das wohl so? M\u00f6glicherweise, um den Deutschen den Blick auf ihren legitimen Staat und damit vor allem den Weg hin zu Frieden, Freiheit, Selbstbestimmung und Souver\u00e4nit\u00e4t zu verstellen?<\/p>\n\n\n\n<p>Ein jeder m\u00f6ge seine eigene Antwort darauf finden.<\/p>\n\n\n\n<p><strong>09:30 &#8230;und man sich von der nationalsozialistischen Ideologie deutlich abgrenzt.<\/strong><\/p>\n\n\n\n<p>Nur mal eine kleine Randbemerkung an dieser Stelle. Offensichtlich geht es den Machthabenden in unserem Lande nicht darum, sich generell von der nationalsozialistischen Ideologie abzugrenzen. Schlie\u00dflich finden auch heute noch viele Gesetze aus dieser Zeit Anwendung. Deutliche Abgrenzung sieht anders aus. Aber wie gesagt, dies nur am Rande.<\/p>\n\n\n\n<p><strong>09:49 &#8230;da Hakenkreuzfahnen verboten sind, weichen die Anh\u00e4nger des Nationalsozialismus auf Alternative aus, z.B. auf die Reichsflagge oder Reichskriegsflagge.<\/strong><\/p>\n\n\n\n<p>Aha, soll das etwas bedeuten, weil auch einige Nationalsozialisten die Flagge des deutschen Reiches von 1871 tragen, da\u00df unsere deutschen Farben schwarz-wei\u00df-rot deswegen mit dem Nationalsozialismus gleichzusetzen sind? Nun, wie wir in diesem Video ja bereits gelernt haben sollten, ist dem zwar ganz und gar nicht so, aber das h\u00e4lt die Systemmedien nicht davon ab, den Deutschen immer wieder dieses Bild eintrichtern zu wollen. Warum wohl?<\/p>\n\n\n\n<p><strong>10:00 \u2026 schlie\u00dflich steht die Reichsflagge gr\u00f6\u00dftenteils f\u00fcr Obrigkeitsh\u00f6rigkeit, Antiparlamentarismus und Gro\u00dfmachtstreben und Militarismus.<\/strong><\/p>\n\n\n\n<p>Diese Aussage pa\u00dft bestens zu der von diesen vermeintlichen Wissensvermittlern praktizierten Vorgehensweise. Es werden <em>fast wie beil\u00e4ufig <\/em>negativ behaftete Begriffe in den Raum gestellt, ohne diese n\u00e4her zu beleuchten oder gar zu belegen. An dieser Stelle auf ein bestimmtes Video aus unserer Reihe \u201eWissen ist eine Holschuld\u201c hinzuweisen, ist quasi unm\u00f6glich, denn praktische in allen unseren inzwischen schon recht zahlreich gewordenen Holschuldvideos werden diese wie beil\u00e4ufig in den Raum gestellten Behauptungen an vielen Stellen hinterfragt, beleuchtet und <em>widerlegt<\/em>. Es lohnt sich also ein Blick auf alle Holschuldvideos, um wirklich ein umfassendes Bild zu bekommen.<\/p>\n\n\n\n<p><strong>10:16 \u2026 oder was auch immer sie meinen.<\/strong><\/p>\n\n\n\n<p>Leider ist nicht klar, ob dieser Kollege wirklich nicht wei\u00df, was gemeint ist, oder ob er nur seinen sicherlich gut bezahlten Auftrag erf\u00fcllt.<\/p>\n\n\n\n<p><strong>10:25 \u2026 grunds\u00e4tzlich verboten sind die schwarz-wei\u00df-roten Flaggen aber nicht.<\/strong><\/p>\n\n\n\n<p>Wie sollten sie auch? Schlie\u00dflich stehen diese Farben f\u00fcr unseren legitimen deutschen Gesamtstaat, welcher aber seit 1918 von reinen Verwaltungskonstrukten \u00fcberlagert wird, die sich au\u00dferhalb unseres deutschen Staatsrechts bewegen. Und sie stehen f\u00fcr Frieden und Freiheit der deutschen V\u00f6lker.<\/p>\n\n\n\n<p><strong>10:29 \u2026 und auch nur Reichskriegsflaggen k\u00f6nnen von der POLIZEI beschlagnahmt werden&#8230;<\/strong><\/p>\n\n\n\n<p>Und das vollkommen zurecht, denn nach g\u00fcltigem deutschen Recht sind nur Angeh\u00f6rige der legitimen deutschen Streitkr\u00e4fte befugt, diese Hoheitszeichen zu f\u00fchren. Oder anders gesagt: Man begibt sich mit dieser hoheitlichen Flagge auf das Schlachtfeld des ersten Weltkrieges.<\/p>\n\n\n\n<p><strong>11:11 \u2026 schwarz-wei\u00df-rot ist die Flagge des Kaiserreichs, das zweifellos ein Obrigkeitsstaat war mit autorit\u00e4ren Elementen.<\/strong><\/p>\n\n\n\n<p>Auch diese Behauptung ist wieder mal schnell einfach so in den Raum geworfen. Ein aufmerksamer Beobachter wird bemerken, da\u00df diese vermeintlichen Wissensvermittler nach dem Prinzip \u201esteter Tropfen h\u00f6hlt den Stein\u201c vorgehen. Durch blo\u00dfe Wiederholung wird eine Aussage zwar keineswegs wahrer, aber sie setzt sich als Suggestion im Unterbewu\u00dftsein fest. Diese Manipulationsmethode ist nicht mehr und nicht weniger als sehr raffinierte psychologische Kriegsf\u00fchrung, und wie wir inzwischen wissen, befinden sich die effektivsten Ketten im Kopf. Und eben diese Ketten gilt es zu sprengen. Grundlage daf\u00fcr ist aber immer das not-wendige Wissen.<\/p>\n\n\n\n<p>Im \u00dcbrigen sollte sich jeder einmal angesichts der aktuellen Ereignisse in unserm Land Gedanken dazu machen, welche M\u00f6glichkeiten der normale B\u00fcrger hat, um sch\u00e4dliches Tun der sogenannten Volksvertreter im Bundestag zu unterbinden. Ob es wohl n\u00fctzt, alle vier Jahre bei sogenannten \u201edemokratischen\u201c Wahlen seine Stimme abzugeben und dann zuzusehen, wie doch alles immer gleich bleibt? Der direkte Vergleich zwischen dem aktuellen System der verborgenen Machtaus\u00fcbung nicht gew\u00e4hlter Interessengruppen und den gesetzgebenden Organen im deutschen Reich von 1871 l\u00e4\u00dft deutlich erkennen, wo das Volk mehr und zudem realistische Einflu\u00dfm\u00f6glichkeiten hat. Wie so oft werden Fakten und Tatsachen einfach verdreht, ganz nach dem Motto: \u201eHaltet den Dieb \u2013 ruft der Dieb\u201c.<\/p>\n\n\n\n<p><strong>11:20 \u2026 schwarz-wei\u00df-rot war nicht per se die Naziflagge.<\/strong><\/p>\n\n\n\n<p>Vollkommen richtig.<\/p>\n\n\n\n<p><strong>11:25 \u2026 die Farben schwarz-wei\u00df-rot sind auch Farben des NS-Regimes.<\/strong><\/p>\n\n\n\n<p>Und es sind \u00fcbrigens auch die Farben der ANTIFA. So, so, die Farben der durch deutsches Steuergeld finanzierten ANTIFA und noch immer angewendete Gesetze der Nationalsozialisten? Das soll in diesem Moment mal nicht weiter kommentiert werden. Ein jeder m\u00f6ge sich diese Umst\u00e4nde genau durch den Kopf gehen lassen und seine eigenen Schl\u00fcsse daraus ziehen.<\/p>\n\n\n\n<p><strong>11:35 \u2026 noch heute gibt es ehrenwerte Organisationen die die Farben schwarz-wei\u00df-rot verwenden.<\/strong><\/p>\n\n\n\n<p>Genau so ist es. Auch wenn in diesem Fall der Begriff Organisation nicht zutrifft, sondern eher der Begriff aufrechte Deutsche, ist hier ganz klar zu sagen, da\u00df die Sehnsucht vieler Deutscher nach ihrem legitimen und f\u00fcrsorglichen deutschen Gesamtstaat mehr als nur ehrenhaft ist. Diese Sehnsucht ist fester Bestandteil des deutschen Geistes, welcher auch nach \u00fcber 100 Jahren nicht vernichtet werden konnte und welcher sich Tag f\u00fcr Tag mehr manifestiert. \u2013 Unter anderem durch das Bewu\u00dftsein um unsere wahren deutschen Farben.<\/p>\n\n\n\n<p><strong>11:44 Logo der deutschen Gesellschaft zur Rettung Schiffbr\u00fcchiger geht auf Hansefarben zur\u00fcck, und das Kreuz ist ein ausdr\u00fcckliches Zeichen des Friedens. (Balkenkreuz)<\/strong><\/p>\n\n\n\n<p>Aha, ein ausdr\u00fcckliches Zeichen des Friedens. \u00dcbrigens kein unbekanntes Zeichen im deutschen Reich von 1871.<\/p>\n\n\n\n<p><strong>11:48 Man mu\u00df also immer ganz genau hinschauen, was hinter Symbolen steckt.<\/strong><\/p>\n\n\n\n<p>Damit hat dieser Kollege einmal zu einhundert Prozent recht. Wobei es schon ein gewaltiger Unterschied ist, ob man wirklich hinschaut, also selbst recherchiert, oder ob man sich nur etwas erz\u00e4hlen l\u00e4\u00dft, ohne dies selbst zu pr\u00fcfen. Wie sagte schon Friedrich II., der Alte Fritz, so treffend? Er soll nur glauben, was er gepr\u00fcft hat. Es w\u00e4re w\u00fcnschenswert, da\u00df sich noch weit mehr Deutsche diese Worte zu eigen machen.<\/p>\n\n\n\n<p><strong>11:56 \u2026 wenn Demonstranten mit diesen Fahnen ein Symbol der deutschen Demokratie st\u00f6ren wollen&#8230;.<\/strong><\/p>\n\n\n\n<p>Hier gilt es, sich mehrere Fragen zu stellen. Macht schon das Tragen der schwarz-wei\u00df-roten Fahne jemanden auch automatisch zu einem bewu\u00dften Deutschen, der nur seinem Wunsch nach seinem legitimen und f\u00fcrsorglichen deutschen Staat Ausdruck verleihen m\u00f6chte? \u2013 Ganz klares NEIN. Auch die Feinde der deutschen V\u00f6lker k\u00f6nnen diese Fahne tragen, um so gew\u00fcnschte Bilder zu erzeugen.<\/p>\n\n\n\n<p>Weiterhin sollte man sich fragen, was mit der Formulierung \u201eSymbol der deutschen Demokratie\u201c gemeint ist. Vermutlich der Reichstag. Auch hier sollte man sich in Erinnerung rufen, da\u00df in eben dieser gesetzgebenden Kammer, dem Reichstag, von seiner Einweihung im Jahr 1888 bis 1918 direkt vom Volk gew\u00e4hlte Volksvertreter zu finden waren. Aktuell bestimmen ausschlie\u00dflich Parteien, wer im Bundestag sitzt, die obendrein nach wie vor an der inzwischen wiederholt vom Bundesverfassungsgericht f\u00fcr verfassungswidrig erkl\u00e4rten Praxis der Wahllisten festhalten. Also, wenn das diese sogenannte und von den Medien viel ger\u00fchmte Demokratie ist, dann gilt es auch hier, so einiges zu hinterfragen.<\/p>\n\n\n\n<p><strong>12:18 \u2026 man auf Demonstrationen auch mal Menschen mit solchen Flaggen ansprechen und fragen sollte, warum macht ihr das?<\/strong><\/p>\n\n\n\n<p>Ein wirklich sehr guter Tipp. Genau das sollte jeder tun. Ist man im Gespr\u00e4ch, dann kristallisiert sich recht schnell heraus, ob da jemand ganz genau wei\u00df, wof\u00fcr die schwarz-wei\u00df-rote Flagge steht oder ob es andere Gr\u00fcnde f\u00fcr sein Tun gibt.<\/p>\n\n\n\n<p><strong>12:25 \u2026 was meint ihr, sollte man Reichsflaggen verbieten um sich so entschieden gegen Rechtsextremismus zu stellen?<\/strong><\/p>\n\n\n\n<p>Und da ist es schon wieder. In einem Satz wird erneut ein Zusammenhang zwischen den deutschen Farben schwarz-wei\u00df-rot und Rechtsextremismus konstruiert. Hier sehen wir ein weiteres Mal psychologische Kriegsf\u00fchrung in Aktion. Neutraler Journalismus und neutrale Wissensvermittlung sehen anders aus. Aber woher sollen wir das wissen, schlie\u00dflich haben wir das alle noch nie erlebt.<\/p>\n\n\n\n<p><strong>13:00 \u2026 in diesem Video geht es um die Reichsgr\u00fcndung.<\/strong><\/p>\n\n\n\n<p>Dazu empfehlen wir das Wissen-ist-eine-Holschuld-Video Nr. 26 \u201eWas ist wirklich 1918 geschehen.\u201c<\/p>\n\n\n\n<p>Erschreckenderweise wird auch dieses Wissen2go-\u201eWissen\u201c f\u00fcr viele junge Menschen als Grundlage f\u00fcr ihre Klausuren verwendet. Was kann man also durch das Vermitteln einer falschen Vergangenheit f\u00fcr eine Zukunft erwarten? Das richtige Wissen um die wahre Geschichte ist Grundlage f\u00fcr die richtige Zukunft. Nur, wer die Vergangenheit kennt, kann die Gegenwart verstehen und die Zukunft gestalten. Das scheint allerdings nicht das Ziel dieser vermeintlichen Wissensvermittlung zu sein.<\/p>\n\n\n\n<p>Was ist also die Quintessenz dieses Videos? Es ist deutlich zu bemerken, da\u00df die systemische Wissensvermittlung immer klarere Zugest\u00e4ndnisse in Sachen wahrer Vergangenheit machen mu\u00df. Da immer mehr Deutsche in Ber\u00fchrung mit dem not-wendigen Wissen kommen, entwickeln diese Deutschen auch ein entsprechendes Bewu\u00dftsein.<\/p>\n\n\n\n<p>Gerade die besprochene Flaggenthematik ist daf\u00fcr ein gutes Beispiel. War bisher die schwarz-wei\u00df-rote Flagge f\u00fcr die Systemmedien generell ein Symbol f\u00fcr das nationalsozialistische Regime, so m\u00fcssen nun doch erste Zugest\u00e4ndnisse zur wahren Bedeutung dieser Farben gemacht werden.<\/p>\n\n\n\n<p>Zwar wird noch immer nicht die ganze Wahrheit benannt, dies wird wahrscheinlich auch nie der Fall sein, aber zumindest kommen sie inzwischen nicht mehr daran vorbei, doch auch wirkliche Fakten zu benennen. Selbstverst\u00e4ndlich geschieht dies noch immer sehr verklausuliert. \u2013 Aber immerhin, es geschieht. Das Ziel dieser Kr\u00e4fte ist dabei noch immer das Gleiche. Wir erinnern uns, wie hie\u00df es doch in dem Originalvideo? \u201eDas Land muss eine neue Identit\u00e4t finden und auch eine neue Symbolik.\u201c (original Aussage wird nochmal eingeblendet)<\/p>\n\n\n\n<p>Man darf sich hier gerne vor Augen f\u00fchren, da\u00df der Kampf um die Meinungs- und Deutungshoheit in seine Endphase eintritt.<\/p>\n\n\n\n<p>Da\u00df diese Art der psychologischen Kriegsf\u00fchrung bei immer mehr Deutschen keinen Erfolg mehr erzielt, ist ein gutes Zeichen daf\u00fcr, da\u00df der deutsche Geist auch nach \u00fcber 100 Jahren nicht nur noch vorhanden ist, sondern da\u00df er im Begriff ist, sich immer mehr zu erheben. Da\u00df dies nicht im Interesse derer ist, die uns schon so lange bel\u00fcgen, betr\u00fcgen und manipulieren, liegt auf der Hand.<\/p>\n\n\n\n<p>Am Ende liegt die Verantwortung, wof\u00fcr er sich entscheidet, bei jedem Einzelnen selbst: F\u00fcr Recht und Wahrheit oder f\u00fcr ein Verbleiben im betreuten Denken.<\/p>\n","protected":false},"excerpt":{"rendered":"<p>Wof\u00fcr steht die Flagge des Deutschen Reiches (1871). Wissen ist eine Holschuld 29. So wenig wir es als unsere Hauptaufgabe betrachten, vermeintlich Wissen vermittelnde Sendungen der Systemmedien immer wieder zu korrigieren, so wenig k\u00f6nnen wir die gerade aktuell vermehrt auftauchenden Falschinformationen unwidersprochen im Raum stehen lassen. Aufgrund der in diesen Tagen massiv gestreuten Fehlinformationen hielten &#8230; <a title=\"#29 Wof\u00fcr steht die Flagge?\" class=\"read-more\" href=\"https:\/\/www.ewigerbund.org\/film\/29-wofuer-steht-die-flagge-des-deutschen-reiches-1871\/\" aria-label=\"Mehr zu #29 Wof\u00fcr steht die Flagge?\">Weiterlesen &#8230;<\/a><\/p>\n","protected":false},"author":16,"featured_media":2456,"comment_status":"closed","ping_status":"closed","sticky":false,"template":"","format":"standard","meta":{"footnotes":""},"categories":[6],"tags":[],"class_list":["post-921","post","type-post","status-publish","format-standard","has-post-thumbnail","hentry","category-wissen-ist-eine-holschuld"],"yoast_head":"<!-- This site is optimized with the Yoast SEO plugin v23.1 - https:\/\/yoast.com\/wordpress\/plugins\/seo\/ -->\n<title>#29 Wof\u00fcr steht die Flagge? | Mediathek.<\/title>\n<meta name=\"description\" content=\"Aufgrund gestreuter Fehlinformationen halten wir es f\u00fcr dringend not-wendig, der Frage nachzugehen: \u201eWof\u00fcr steht die Flagge des deutschen Reiches von 1871?\u201c\" \/>\n<meta name=\"robots\" content=\"index, follow, max-snippet:-1, max-image-preview:large, max-video-preview:-1\" \/>\n<link rel=\"canonical\" href=\"https:\/\/www.ewigerbund.org\/film\/29-wofuer-steht-die-flagge-des-deutschen-reiches-1871\/\" \/>\n<meta property=\"og:locale\" content=\"de_DE\" \/>\n<meta property=\"og:type\" content=\"article\" \/>\n<meta property=\"og:title\" content=\"Wof\u00fcr steht die Flagge des Deutschen Reiches (1871).\" \/>\n<meta property=\"og:description\" content=\"Aufgrund der in diesen Tagen massiv gestreuten Fehlinformationen hielten wir es daher f\u00fcr dringend not-wendig, der Frage nachzugehen: \u201eWof\u00fcr steht die Flagge des deutschen Reiches von 1871?\u201c\" \/>\n<meta property=\"og:url\" content=\"https:\/\/www.ewigerbund.org\/film\/29-wofuer-steht-die-flagge-des-deutschen-reiches-1871\/\" \/>\n<meta property=\"og:site_name\" content=\"Mediathek.\" \/>\n<meta property=\"article:published_time\" content=\"2022-05-18T09:52:25+00:00\" \/>\n<meta property=\"article:modified_time\" content=\"2023-02-08T20:15:35+00:00\" \/>\n<meta property=\"og:image\" content=\"https:\/\/www.ewigerbund.org\/film\/wp-content\/uploads\/sites\/38\/2023\/02\/EB-Mediathek-Film29_v.jpg\" \/>\n\t<meta property=\"og:image:width\" content=\"750\" \/>\n\t<meta property=\"og:image:height\" content=\"350\" \/>\n\t<meta property=\"og:image:type\" content=\"image\/jpeg\" \/>\n<meta name=\"twitter:card\" content=\"summary_large_image\" \/>\n<meta name=\"twitter:title\" content=\"Wof\u00fcr steht die Flagge des Deutschen Reiches (1871).\" \/>\n<meta name=\"twitter:description\" content=\"Aufgrund der in diesen Tagen massiv gestreuten Fehlinformationen hielten wir es daher f\u00fcr dringend not-wendig, der Frage nachzugehen: \u201eWof\u00fcr steht die Flagge des deutschen Reiches von 1871?\u201c\" \/>\n<meta name=\"twitter:image\" content=\"https:\/\/www.ewigerbund.org\/film\/wp-content\/uploads\/sites\/38\/2023\/02\/EB-Mediathek-Film29_v.jpg\" \/>\n<meta name=\"twitter:label1\" content=\"Verfasst von\" \/>\n\t<meta name=\"twitter:data1\" content=\"\" \/>\n\t<meta name=\"twitter:label2\" content=\"Gesch\u00e4tzte Lesezeit\" \/>\n\t<meta name=\"twitter:data2\" content=\"21\u00a0Minuten\" \/>\n<script type=\"application\/ld+json\" class=\"yoast-schema-graph\">{\"@context\":\"https:\/\/schema.org\",\"@graph\":[{\"@type\":\"Article\",\"@id\":\"https:\/\/www.ewigerbund.org\/film\/29-wofuer-steht-die-flagge-des-deutschen-reiches-1871\/#article\",\"isPartOf\":{\"@id\":\"https:\/\/www.ewigerbund.org\/film\/29-wofuer-steht-die-flagge-des-deutschen-reiches-1871\/\"},\"author\":{\"name\":\"\",\"@id\":\"\"},\"headline\":\"#29 Wof\u00fcr steht die Flagge?\",\"datePublished\":\"2022-05-18T09:52:25+00:00\",\"dateModified\":\"2023-02-08T20:15:35+00:00\",\"mainEntityOfPage\":{\"@id\":\"https:\/\/www.ewigerbund.org\/film\/29-wofuer-steht-die-flagge-des-deutschen-reiches-1871\/\"},\"wordCount\":3837,\"publisher\":{\"@id\":\"https:\/\/www.ewigerbund.org\/film\/#organization\"},\"image\":{\"@id\":\"https:\/\/www.ewigerbund.org\/film\/29-wofuer-steht-die-flagge-des-deutschen-reiches-1871\/#primaryimage\"},\"thumbnailUrl\":\"https:\/\/www.ewigerbund.org\/film\/wp-content\/uploads\/sites\/38\/2023\/02\/EB-Mediathek-Film29.jpg\",\"articleSection\":[\"Wissen ist eine Holschuld\"],\"inLanguage\":\"de\"},{\"@type\":\"WebPage\",\"@id\":\"https:\/\/www.ewigerbund.org\/film\/29-wofuer-steht-die-flagge-des-deutschen-reiches-1871\/\",\"url\":\"https:\/\/www.ewigerbund.org\/film\/29-wofuer-steht-die-flagge-des-deutschen-reiches-1871\/\",\"name\":\"#29 Wof\u00fcr steht die Flagge? | Mediathek.\",\"isPartOf\":{\"@id\":\"https:\/\/www.ewigerbund.org\/film\/#website\"},\"primaryImageOfPage\":{\"@id\":\"https:\/\/www.ewigerbund.org\/film\/29-wofuer-steht-die-flagge-des-deutschen-reiches-1871\/#primaryimage\"},\"image\":{\"@id\":\"https:\/\/www.ewigerbund.org\/film\/29-wofuer-steht-die-flagge-des-deutschen-reiches-1871\/#primaryimage\"},\"thumbnailUrl\":\"https:\/\/www.ewigerbund.org\/film\/wp-content\/uploads\/sites\/38\/2023\/02\/EB-Mediathek-Film29.jpg\",\"datePublished\":\"2022-05-18T09:52:25+00:00\",\"dateModified\":\"2023-02-08T20:15:35+00:00\",\"description\":\"Aufgrund gestreuter Fehlinformationen halten wir es f\u00fcr dringend not-wendig, der Frage nachzugehen: \u201eWof\u00fcr steht die Flagge des deutschen Reiches von 1871?\u201c\",\"breadcrumb\":{\"@id\":\"https:\/\/www.ewigerbund.org\/film\/29-wofuer-steht-die-flagge-des-deutschen-reiches-1871\/#breadcrumb\"},\"inLanguage\":\"de\",\"potentialAction\":[{\"@type\":\"ReadAction\",\"target\":[\"https:\/\/www.ewigerbund.org\/film\/29-wofuer-steht-die-flagge-des-deutschen-reiches-1871\/\"]}]},{\"@type\":\"ImageObject\",\"inLanguage\":\"de\",\"@id\":\"https:\/\/www.ewigerbund.org\/film\/29-wofuer-steht-die-flagge-des-deutschen-reiches-1871\/#primaryimage\",\"url\":\"https:\/\/www.ewigerbund.org\/film\/wp-content\/uploads\/sites\/38\/2023\/02\/EB-Mediathek-Film29.jpg\",\"contentUrl\":\"https:\/\/www.ewigerbund.org\/film\/wp-content\/uploads\/sites\/38\/2023\/02\/EB-Mediathek-Film29.jpg\",\"width\":1748,\"height\":994},{\"@type\":\"BreadcrumbList\",\"@id\":\"https:\/\/www.ewigerbund.org\/film\/29-wofuer-steht-die-flagge-des-deutschen-reiches-1871\/#breadcrumb\",\"itemListElement\":[{\"@type\":\"ListItem\",\"position\":1,\"name\":\"Startseite\",\"item\":\"https:\/\/www.ewigerbund.org\/film\/\"},{\"@type\":\"ListItem\",\"position\":2,\"name\":\"#29 Wof\u00fcr steht die Flagge?\"}]},{\"@type\":\"WebSite\",\"@id\":\"https:\/\/www.ewigerbund.org\/film\/#website\",\"url\":\"https:\/\/www.ewigerbund.org\/film\/\",\"name\":\"Mediathek.\",\"description\":\"Verfassungsb\u00fcndnis der deutschen Einzelstaaten.\",\"publisher\":{\"@id\":\"https:\/\/www.ewigerbund.org\/film\/#organization\"},\"potentialAction\":[{\"@type\":\"SearchAction\",\"target\":{\"@type\":\"EntryPoint\",\"urlTemplate\":\"https:\/\/www.ewigerbund.org\/film\/?s={search_term_string}\"},\"query-input\":\"required name=search_term_string\"}],\"inLanguage\":\"de\"},{\"@type\":\"Organization\",\"@id\":\"https:\/\/www.ewigerbund.org\/film\/#organization\",\"name\":\"Mediathek.\",\"url\":\"https:\/\/www.ewigerbund.org\/film\/\",\"logo\":{\"@type\":\"ImageObject\",\"inLanguage\":\"de\",\"@id\":\"https:\/\/www.ewigerbund.org\/film\/#\/schema\/logo\/image\/\",\"url\":\"https:\/\/www.ewigerbund.org\/film\/wp-content\/uploads\/sites\/38\/2022\/11\/2022-09-20-Logo-EB_Schutzzone_V4_Transparent.png\",\"contentUrl\":\"https:\/\/www.ewigerbund.org\/film\/wp-content\/uploads\/sites\/38\/2022\/11\/2022-09-20-Logo-EB_Schutzzone_V4_Transparent.png\",\"width\":2000,\"height\":1982,\"caption\":\"Mediathek.\"},\"image\":{\"@id\":\"https:\/\/www.ewigerbund.org\/film\/#\/schema\/logo\/image\/\"}},{\"@type\":\"Person\",\"@id\":\"\",\"url\":\"https:\/\/www.ewigerbund.org\/film\/author\/\"}]}<\/script>\n<!-- \/ Yoast SEO plugin. -->","yoast_head_json":{"title":"#29 Wof\u00fcr steht die Flagge? | Mediathek.","description":"Aufgrund gestreuter Fehlinformationen halten wir es f\u00fcr dringend not-wendig, der Frage nachzugehen: \u201eWof\u00fcr steht die Flagge des deutschen Reiches von 1871?\u201c","robots":{"index":"index","follow":"follow","max-snippet":"max-snippet:-1","max-image-preview":"max-image-preview:large","max-video-preview":"max-video-preview:-1"},"canonical":"https:\/\/www.ewigerbund.org\/film\/29-wofuer-steht-die-flagge-des-deutschen-reiches-1871\/","og_locale":"de_DE","og_type":"article","og_title":"Wof\u00fcr steht die Flagge des Deutschen Reiches (1871).","og_description":"Aufgrund der in diesen Tagen massiv gestreuten Fehlinformationen hielten wir es daher f\u00fcr dringend not-wendig, der Frage nachzugehen: \u201eWof\u00fcr steht die Flagge des deutschen Reiches von 1871?\u201c","og_url":"https:\/\/www.ewigerbund.org\/film\/29-wofuer-steht-die-flagge-des-deutschen-reiches-1871\/","og_site_name":"Mediathek.","article_published_time":"2022-05-18T09:52:25+00:00","article_modified_time":"2023-02-08T20:15:35+00:00","og_image":[{"width":750,"height":350,"url":"https:\/\/www.ewigerbund.org\/film\/wp-content\/uploads\/sites\/38\/2023\/02\/EB-Mediathek-Film29_v.jpg","type":"image\/jpeg"}],"twitter_card":"summary_large_image","twitter_title":"Wof\u00fcr steht die Flagge des Deutschen Reiches (1871).","twitter_description":"Aufgrund der in diesen Tagen massiv gestreuten Fehlinformationen hielten wir es daher f\u00fcr dringend not-wendig, der Frage nachzugehen: \u201eWof\u00fcr steht die Flagge des deutschen Reiches von 1871?\u201c","twitter_image":"https:\/\/www.ewigerbund.org\/film\/wp-content\/uploads\/sites\/38\/2023\/02\/EB-Mediathek-Film29_v.jpg","twitter_misc":{"Verfasst von":"","Gesch\u00e4tzte Lesezeit":"21\u00a0Minuten"},"schema":{"@context":"https:\/\/schema.org","@graph":[{"@type":"Article","@id":"https:\/\/www.ewigerbund.org\/film\/29-wofuer-steht-die-flagge-des-deutschen-reiches-1871\/#article","isPartOf":{"@id":"https:\/\/www.ewigerbund.org\/film\/29-wofuer-steht-die-flagge-des-deutschen-reiches-1871\/"},"author":{"name":"","@id":""},"headline":"#29 Wof\u00fcr steht die Flagge?","datePublished":"2022-05-18T09:52:25+00:00","dateModified":"2023-02-08T20:15:35+00:00","mainEntityOfPage":{"@id":"https:\/\/www.ewigerbund.org\/film\/29-wofuer-steht-die-flagge-des-deutschen-reiches-1871\/"},"wordCount":3837,"publisher":{"@id":"https:\/\/www.ewigerbund.org\/film\/#organization"},"image":{"@id":"https:\/\/www.ewigerbund.org\/film\/29-wofuer-steht-die-flagge-des-deutschen-reiches-1871\/#primaryimage"},"thumbnailUrl":"https:\/\/www.ewigerbund.org\/film\/wp-content\/uploads\/sites\/38\/2023\/02\/EB-Mediathek-Film29.jpg","articleSection":["Wissen ist eine Holschuld"],"inLanguage":"de"},{"@type":"WebPage","@id":"https:\/\/www.ewigerbund.org\/film\/29-wofuer-steht-die-flagge-des-deutschen-reiches-1871\/","url":"https:\/\/www.ewigerbund.org\/film\/29-wofuer-steht-die-flagge-des-deutschen-reiches-1871\/","name":"#29 Wof\u00fcr steht die Flagge? | Mediathek.","isPartOf":{"@id":"https:\/\/www.ewigerbund.org\/film\/#website"},"primaryImageOfPage":{"@id":"https:\/\/www.ewigerbund.org\/film\/29-wofuer-steht-die-flagge-des-deutschen-reiches-1871\/#primaryimage"},"image":{"@id":"https:\/\/www.ewigerbund.org\/film\/29-wofuer-steht-die-flagge-des-deutschen-reiches-1871\/#primaryimage"},"thumbnailUrl":"https:\/\/www.ewigerbund.org\/film\/wp-content\/uploads\/sites\/38\/2023\/02\/EB-Mediathek-Film29.jpg","datePublished":"2022-05-18T09:52:25+00:00","dateModified":"2023-02-08T20:15:35+00:00","description":"Aufgrund gestreuter Fehlinformationen halten wir es f\u00fcr dringend not-wendig, der Frage nachzugehen: \u201eWof\u00fcr steht die Flagge des deutschen Reiches von 1871?\u201c","breadcrumb":{"@id":"https:\/\/www.ewigerbund.org\/film\/29-wofuer-steht-die-flagge-des-deutschen-reiches-1871\/#breadcrumb"},"inLanguage":"de","potentialAction":[{"@type":"ReadAction","target":["https:\/\/www.ewigerbund.org\/film\/29-wofuer-steht-die-flagge-des-deutschen-reiches-1871\/"]}]},{"@type":"ImageObject","inLanguage":"de","@id":"https:\/\/www.ewigerbund.org\/film\/29-wofuer-steht-die-flagge-des-deutschen-reiches-1871\/#primaryimage","url":"https:\/\/www.ewigerbund.org\/film\/wp-content\/uploads\/sites\/38\/2023\/02\/EB-Mediathek-Film29.jpg","contentUrl":"https:\/\/www.ewigerbund.org\/film\/wp-content\/uploads\/sites\/38\/2023\/02\/EB-Mediathek-Film29.jpg","width":1748,"height":994},{"@type":"BreadcrumbList","@id":"https:\/\/www.ewigerbund.org\/film\/29-wofuer-steht-die-flagge-des-deutschen-reiches-1871\/#breadcrumb","itemListElement":[{"@type":"ListItem","position":1,"name":"Startseite","item":"https:\/\/www.ewigerbund.org\/film\/"},{"@type":"ListItem","position":2,"name":"#29 Wof\u00fcr steht die Flagge?"}]},{"@type":"WebSite","@id":"https:\/\/www.ewigerbund.org\/film\/#website","url":"https:\/\/www.ewigerbund.org\/film\/","name":"Mediathek.","description":"Verfassungsb\u00fcndnis der deutschen Einzelstaaten.","publisher":{"@id":"https:\/\/www.ewigerbund.org\/film\/#organization"},"potentialAction":[{"@type":"SearchAction","target":{"@type":"EntryPoint","urlTemplate":"https:\/\/www.ewigerbund.org\/film\/?s={search_term_string}"},"query-input":"required name=search_term_string"}],"inLanguage":"de"},{"@type":"Organization","@id":"https:\/\/www.ewigerbund.org\/film\/#organization","name":"Mediathek.","url":"https:\/\/www.ewigerbund.org\/film\/","logo":{"@type":"ImageObject","inLanguage":"de","@id":"https:\/\/www.ewigerbund.org\/film\/#\/schema\/logo\/image\/","url":"https:\/\/www.ewigerbund.org\/film\/wp-content\/uploads\/sites\/38\/2022\/11\/2022-09-20-Logo-EB_Schutzzone_V4_Transparent.png","contentUrl":"https:\/\/www.ewigerbund.org\/film\/wp-content\/uploads\/sites\/38\/2022\/11\/2022-09-20-Logo-EB_Schutzzone_V4_Transparent.png","width":2000,"height":1982,"caption":"Mediathek."},"image":{"@id":"https:\/\/www.ewigerbund.org\/film\/#\/schema\/logo\/image\/"}},{"@type":"Person","@id":"","url":"https:\/\/www.ewigerbund.org\/film\/author\/"}]}},"_links":{"self":[{"href":"https:\/\/www.ewigerbund.org\/film\/wp-json\/wp\/v2\/posts\/921","targetHints":{"allow":["GET"]}}],"collection":[{"href":"https:\/\/www.ewigerbund.org\/film\/wp-json\/wp\/v2\/posts"}],"about":[{"href":"https:\/\/www.ewigerbund.org\/film\/wp-json\/wp\/v2\/types\/post"}],"author":[{"embeddable":true,"href":"https:\/\/www.ewigerbund.org\/film\/wp-json\/wp\/v2\/users\/16"}],"replies":[{"embeddable":true,"href":"https:\/\/www.ewigerbund.org\/film\/wp-json\/wp\/v2\/comments?post=921"}],"version-history":[{"count":6,"href":"https:\/\/www.ewigerbund.org\/film\/wp-json\/wp\/v2\/posts\/921\/revisions"}],"predecessor-version":[{"id":2685,"href":"https:\/\/www.ewigerbund.org\/film\/wp-json\/wp\/v2\/posts\/921\/revisions\/2685"}],"wp:featuredmedia":[{"embeddable":true,"href":"https:\/\/www.ewigerbund.org\/film\/wp-json\/wp\/v2\/media\/2456"}],"wp:attachment":[{"href":"https:\/\/www.ewigerbund.org\/film\/wp-json\/wp\/v2\/media?parent=921"}],"wp:term":[{"taxonomy":"category","embeddable":true,"href":"https:\/\/www.ewigerbund.org\/film\/wp-json\/wp\/v2\/categories?post=921"},{"taxonomy":"post_tag","embeddable":true,"href":"https:\/\/www.ewigerbund.org\/film\/wp-json\/wp\/v2\/tags?post=921"}],"curies":[{"name":"wp","href":"https:\/\/api.w.org\/{rel}","templated":true}]}}