{"id":3279,"date":"2025-01-17T19:51:50","date_gmt":"2025-01-17T18:51:50","guid":{"rendered":"https:\/\/www.ewigerbund.org\/film\/?p=3279"},"modified":"2026-02-25T12:27:45","modified_gmt":"2026-02-25T11:27:45","slug":"staatsumsturz-der-film","status":"publish","type":"post","link":"https:\/\/www.ewigerbund.org\/film\/staatsumsturz-der-film\/","title":{"rendered":"Staatsumsturz. Der Film."},"content":{"rendered":"<div class=\"gb-container gb-container-f10d6b88\">\n<div style=\"padding:57% 0 0 0;position:relative;\"><iframe src=\"https:\/\/player.vimeo.com\/video\/1048803258?h=793ffeb99a&amp;badge=0&amp;autopause=0&amp;player_id=0&amp;app_id=58479\" allow=\"autoplay; fullscreen; picture-in-picture\" allowfullscreen=\"\" style=\"position:absolute;top:0;left:0;width:100%;height:100%;\" frameborder=\"0\"><\/iframe><\/div><script src=\"https:\/\/player.vimeo.com\/api\/player.js\"><\/script>\n\n\n\n<h2 class=\"wp-block-heading wp-embed-aspect-16-9 wp-has-aspect-ratio\">Staatsumsturz. Was wirklich 1918 geschah!<\/h2>\n\n\n\n<h3 class=\"wp-block-heading wp-embed-aspect-16-9 wp-has-aspect-ratio\">Eine Produktion des ewigen Bundes.<\/h3>\n\n\n\n<p>Mit <strong>\u201eStaatsumsturz. Was 1918 wirklich geschah!\u201c<\/strong> legt der ewige Bund eine akribisch recherchierte Dokumentation vor, die den Umsturz von 1918 aus einer neuen Perspektive beleuchtet. Der Film analysiert die politischen und gesellschaftlichen Entwicklungen, die zum Sturz der Organe im Deutschen Reich f\u00fchrten und setzt sich kritisch mit der Rolle der Sozialdemokratie, ausl\u00e4ndischer Einfl\u00fcsse und innerer Agitation auseinander.<\/p>\n\n\n\n<p>Durch eine chronologische Darstellung der Jahre 1914 bis 1918 wird klar, da\u00df Deutschland nicht, wie noch heute f\u00e4lschlich behauptet wird, aus eigenem Antrieb in den Weltkrieg eintrat, sondern gezielt in einen internationalen Konflikt gedr\u00e4ngt wurde. Besonders hebt der Film hervor, wie Friedensbestrebungen bewu\u00dft untergraben wurden und wie gezielte Agitation sowie innere Zersetzung, zum Schicksalstag der Deutschen f\u00fchrten.<\/p>\n\n\n\n<p>Der Film beeindruckt durch seine pr\u00e4zise Quellenrecherche, die es dem Betrachter erm\u00f6glichen, die dargestellten Ereignisse selbst nachzuvollziehen. Mit zahlreichen Zitaten historischer Pers\u00f6nlichkeiten und einer faktenbasierten Analyse, r\u00e4umt die Produktion des ewigen Bundes mit der verf\u00e4lschten Darstellung und der bewu\u00dft gef\u00e4lschten, deutschen Geschichte auf und fordert zur kritischen Reflexion auf.<\/p>\n\n\n\n<p>\u201e<strong>Staatsumsturz. Was 1918 wirklich geschah!<\/strong>\u201c ist der wohl bedeutendste Beitrag, zur bisherigen deutschen Geschichtsforschung. Wer verstehen m\u00f6chte, welche Mechanismen 1918 zum Sturz der verfassungsm\u00e4\u00dfigen Organe f\u00fchrten und welche langfristigen Folgen daraus entstanden sind, sollte diese Dokumentation unbedingt sehen.<\/p>\n\n\n\n<p>Zum Film wird <a href=\"http:\/\/ewiger.org\/buch-staatsumsturz\" target=\"_blank\" rel=\"noreferrer noopener\">das Buch \u201e<strong>Staatsumsturz. Was 1918 wirklich geschah!<\/strong>\u201c<\/a> im Bundesdepot angeboten. Im Buch sind alle Quellen aufgef\u00fchrt und k\u00f6nnen somit nachgepr\u00fcft werden. Die Lekt\u00fcre sowie der Film sind der Garant daf\u00fcr, die deutsche Seele zu heilen. Nur wer die Vergangenheit kennt, kann die Gegenwart begreifen. Deshalb sollte diese Dokumentation, in allen Bildungseinrichtungen ein Bestandteil der Geschichtsvermittlung sein, um die jahrelange Umerziehung, in die wahrhafte Bildung, der jungen Generation zu wenden und zu einem h\u00f6herem Streben nach Recht und Gerechtigkeit zu f\u00fchren.<\/p>\n\n<\/div>\n\n\n<div style=\"height:40px\" aria-hidden=\"true\" class=\"wp-block-spacer\"><\/div>\n\n\n\n<h3 class=\"wp-block-heading has-medium-font-size\"><strong>Quellenverzeichnis.<\/strong><\/h3>\n\n\n\n<p><\/p>\n\n\n\n<div class=\"wp-block-columns is-layout-flex wp-container-core-columns-is-layout-1 wp-block-columns-is-layout-flex\">\n<div class=\"wp-block-column has-small-font-size is-layout-flow wp-block-column-is-layout-flow\">\n<p>Baden, Prinz Max von: Erinnerungen und Dokumente. Stuttgart u.a. 1928.<\/p>\n\n\n\n<p>Bebel, August\/Vollmar, Georg von: Die Frage der Taktik. Reden der Abgeordneten Bebel und v. Vollmar auf dem Parteitage zu Dresden. M\u00fcnchen 1903.<\/p>\n\n\n\n<p>Breithaupt, Wolfgang: Volksvergiftung 1914\u20131918. Dokumente der Vorbereitung des 9. November 1918. Leipzig 1925.<\/p>\n\n\n\n<p>Bundesverfassungsgericht: BVerfGE 36, 1-37. 2BvF 1\/73. Grundlagenvertrag Bundesrepublik Detuschland und Deutsche Demokratische Republik, Karlsruhe, 31. Juli 1973.<\/p>\n\n\n\n<p>Docherty, Gerry\/Macgregor, Jim: Verborgene Geschichte. Wie eine geheime Elite die Menschheit in den Ersten Weltkrieg st\u00fcrzte. 5. Aufl. Rottenburg 2022.<\/p>\n\n\n\n<p>documentarchiv.de: Art. 278 (Versailler Vertrag; deutsche \u00dcbersetzung). Versailles 28. Juni 1919. http:\/\/www.documentarchiv.de\/index.html (Zugriff am 23. Oktober 2024, um 10:20 Uhr).<\/p>\n\n\n\n<p>Helmolt, Hans F.: Die geheime Vorgeschichte des Weltkrieges. Auf Grund urkundlichen Stoffes \u00fcbersichtlich dargestellt. Leipzig 1914.<\/p>\n\n\n\n<p>Helmolt, Hans F.: Hindenburg-Das Leben eines Deutschen. Karlsruhe 1926.<\/p>\n\n\n\n<p>Huber, Ernst R.: Weltkrieg, Revolution und Reichserneuerung 1914-1919 (= Deutsche Verfassungsgeschichte seit 1789, Bd. 5). Stuttgart u.a. 1978.<\/p>\n\n\n\n<p>Kohl, Helmut: Bundestagsrede vom 1. Juni 1995 zur Geschichte der Vertreibung, Plenarprotokoll 13\/41 vom 01.06.1995. S. 3183. <a href=\"https:\/\/archive.org\/details\/ger-bt-plenary-13-41\/page\/n9\/mode\/2up\" target=\"_blank\" rel=\"noreferrer noopener\">https:\/\/archive.org\/details\/ger-bt-plenary-13-41\/page\/n9\/mode\/2up<\/a> (Stand: 3. November 2024).<\/p>\n\n\n\n<p>Kohl, Horst: Gedanken und Erinnerungen von Otto F\u00fcrst von Bismarck. Erster Band. Stuttgart 1898.<\/p>\n\n\n\n<p>K\u00fcrenberg, Joachim von: War alles falsch? Das Leben Kaiser Wilhelms II. Basel, Olten 1940.<\/p>\n\n\n\n<p>K\u00fcrenberg, Joachim von: War alles falsch? Das Leben Kaiser Wilhelms II. Bonn 1951.<\/p>\n\n\n\n<p>Langewiesch-Brandt, Wilhelm: Der K\u00f6nig. Friedrich der Gro\u00dfe in seinen Briefen und Erlassen, sowie in zeitgen\u00f6ssischen Briefen, Berichten und Anekdoten mit biographischen Verbindungen von Gustav Mendelssohn Bartholdy. Ebenhausen u. a. 1917. <a href=\"https:\/\/archive.org\/details\/derknigfriedri00freduoft\/page\/238\/mode\/2up\" target=\"_blank\" rel=\"noreferrer noopener\">https:\/\/archive.org\/details\/derknigfriedri00freduoft\/page\/238\/mode\/2up<\/a> (Stand: 28. Oktober 2024). <\/p>\n\n\n\n<p>Lindenberg, Paul: Hindenburg\u2013Denkmal f\u00fcr das deutsche Volk. Eine Ehrengabe zum 75.Geburtstage des Generalfeldmarschalls. Berlin 1924.<\/p>\n\n\n\n<p>Liszt, Franz von: Das V\u00f6lkerrecht systematisch dargestellt. 4. Auflage. Berlin 1906.<\/p>\n\n\n\n<p>Ludendorff, Erich: Meine Kriegserinnerungen 1914-1918. Berlin 1919.<\/p>\n\n\n\n<p>Machtan, Lothar: Der Kronprinz und die Nazis. Hohenzollerns blinder Fleck. Berlin 2021.<\/p>\n\n\n\n<p>Meyer, Georg\/Ansch\u00fctz, Gerhard: Lehrbuch des Deutschen Staatsrechts. Erster Teil. 7. Aufl. M\u00fcnchen, Leipzig 1919.<\/p>\n\n\n\n<p>Michaelis, Herbert; Schraepler, Ernst (Hrsg., 1958\/1959): Ursachen und Folgen. Vom deutschen Zusammenbruch 1918 und 1945 bis zur staatlichen Neuordnung Deutschlands in der Gegenwart. Eine Urkunden- und Dokumentensammlung zur Zeitgeschichte. (=Der milit\u00e4rische Zusammenbruch und das Ende des Kaiserreiches, Bd. 2). Berlin 1962.<\/p>\n\n\n\n<p>o. A.: Art. Agitation. In: Brockhaus\u2018 Kleines Konversations-Lexikon (Bd. 1). 5. Aufl. Leipzig 1911. S. 22. <a href=\"http:\/\/www.zeno.org\/nid\/20000888354\" target=\"_blank\" rel=\"noreferrer noopener\">http:\/\/www.zeno.org\/nid\/20000888354<\/a> (Stand: 31. Mai 2024).<\/p>\n\n\n\n<p>o. A.: Art. Agitation. In: Meyers Gro\u00dfes Konversations-Lexikon. (Bd. 1). Leipzig 1905. S. 173. http:\/\/www.zeno.org\/nid\/20006199933 (Stand: 31. Mai 2024).<\/p>\n\n\n\n<p>Piloty, Robert: Das Friedensangebot der Mittelm\u00e4chte. T\u00fcbingen 1917.<\/p>\n\n\n\n<p>Preussen, Prinz Louis F. von: Als Kaiserenkel durch die Welt. Berlin 1952.<\/p>\n\n\n\n<p>Schultze-Rhonhof, Gerd: 1939. Der Krieg, der viele V\u00e4ter hatte. Der lange Anlauf zum Zweiten Weltkrieg. 9. Aufl. Rottenburg 2018.<\/p>\n\n\n\n<p>The New York Times: Kaiser, 25 Years a Ruler, hailed as Chief Peacemaker. New York (USA) 8. Juni 1913: <a href=\"https:\/\/www.nytimes.com\/193\/06\/08\/archives\/kaiser-25-years-a-ruler-hailed-as-chief-peacemaker-men-of-mark-in-a.html\" target=\"_blank\" rel=\"noreferrer noopener\">https:\/\/www.nytimes.com\/193\/06\/08\/archives\/kaiser-25-years-a-ruler-hailed-as-chief-peacemaker-men-of-mark-in-a.html<\/a>. (Stand: 9. August 2024).<\/p>\n\n\n\n<p>versailler-vertrag.de: Art. 278 (Versailler Vertrag; deutsche \u00dcbersetzung). Versailles 28. Juni 1919. <a href=\"https:\/\/versailler-vertrag.de\/vv10.htm#1014\" target=\"_blank\" rel=\"noreferrer noopener\">https:\/\/versailler-vertrag.de\/vv10.htm#1014<\/a> (Zugriff am 23. Oktober 2024, um 10:20 Uhr).<\/p>\n\n\n\n<p>Viktoria Luise, Herzogin: Im Glanz der Krone. 3. Aufl. G\u00f6ttingen, Hannover 1968.<\/p>\n\n\n\n<p>ZDF: Zeugen des Jahrhunderts. Prinz Louis Ferdinand von Preu\u00dfen im Gespr\u00e4ch mit Friedrich M\u00fcller. 1986.<\/p>\n\n\n\n<p><a href=\"https:\/\/der-kaiser-spricht.net\/kaiser-louis-ferdinand-im-interview-kaiser-auf-abruf\/\" target=\"_blank\" rel=\"noreferrer noopener\">https:\/\/der-kaiser-spricht.net\/kaiser-louis-ferdinand-im-interview-kaiser-auf-abruf\/<\/a>. Zeitstempel 01:14:30 bis 01:16:20. (Stand: 9. August 2024).<\/p>\n\n\n\n<p><a href=\"https:\/\/t.me\/ewigerbundwissen\/994\" target=\"_blank\" rel=\"noreferrer noopener\">https:\/\/t.me\/ewigerbundwissen\/994<\/a> komplett (Stand: 9. August 2024).<\/p>\n\n\n\n<p><\/p>\n<\/div>\n<\/div>\n\n\n\n<div style=\"height:100px\" aria-hidden=\"true\" class=\"wp-block-spacer\"><\/div>\n\n\n\n<h2 class=\"wp-block-heading\">Zuschauermeinungen.<\/h2>\n\n\n\n<div class=\"wp-block-columns is-layout-flex wp-container-core-columns-is-layout-2 wp-block-columns-is-layout-flex\">\n<div class=\"wp-block-column cat-box-border is-layout-flow wp-block-column-is-layout-flow\">\n<blockquote class=\"wp-block-quote is-layout-flow wp-block-quote-is-layout-flow\">\n<p>Ich erhebe hoeflich und nachweisbar Anspruch, seit 1985, also seit 40 Jahren, die Existenz des handlungsunfaehigen Deutschen Kaiserreiches in der BRD zu thematisieren, nachdem mir im gleichen Jahr, von einem hohen UN-Mitarbeiter, im UN-Gebaeude in New York, verbindlich mitgeteilt wurde, dass die BRD kein Staat sondern nur das Provisorium eines Staates ist. Das wurde mir einige Wochen spaeter von zwei prominenten Staatsrechtlern der Stanford University und dem Massachusetts Institute of Technology (MIT) in einem kostenpflichtigen Rechtsgutachten bestaetigt. Aufgrund dieser Gewissheit, habe ich meine Arbeitsstelle im Silicon Valley 5 Jahre spaeter gek\u00fcndigt und bin seit 1990 hauptberuflich engagiert, die Existenz des handlungsunfaehigen Deutschen Kaiserreiches und die Luege um die Geschehnisse des 9. 11. 1918 weltweit bekanntzumachen. Dies in einer Trilogie ueber das Deutsche Kaiserreich als erfolgreiche, segenbringende und ausgenutzte Kolonialnation, am Beispiel Deutsch Suedwestafrika\u2019s und die Luegen und Maerchenerzaehlungen der Herero und Nama ueber die angeblichen Grausamkeiten der \u201cDeutschen Schutztruppe\u201d. Die 3. Trilogy traegt den Titel \u201cDer rote Faden des juedischen Kommunismus\u201d, worin auch der juedische Betrug am Deutschen Volk sehr detailliert nacherz\u00e4hlt wird. Nat\u00fcrlich nicht so politisch korrekt, wie Sie das tun. Denn ueber die Haelfte der von Ihnen erwaehnten Protagonisten, die zu dem Monarchieraub am 09.11.1918 fuehrten, waren Mitglieder der kleinsten aber maechtigsten Religionsgruppe der Welt. Was Kaiser Wilhelm II ja oft genug in seinen Memoiren und Briefen erw\u00e4hnt hat. <br><br>Zusammenfassend bestaetige ich Ihnen gerne, dass ihre Abarbeitung \u201cStaatsumsturz\u201d Ihnen sehr gut gelungen ist. Auch ist der seit 2018 bestehende \u201cEwige Bund\u201d und die Schaffung des \u201cVHD\u201d (Vaterlaendischer Hilfsdienst) eine sehr wichtige und gut durchdachte Initiative, auf dem Weg zur Wiederherstellung der Handlungsfaehigkeit des Deutschen Kaiserreiches. Auch ich diene dem Deutschen Kaiser mit voller Hingabe.<\/p>\n<cite>Klaus W. aus Deutsch-Suedwestafrika.<\/cite><\/blockquote>\n<\/div>\n<\/div>\n\n\n\n<hr class=\"wp-block-separator has-alpha-channel-opacity is-style-dots\"\/>\n\n\n\n<div class=\"wp-block-columns is-layout-flex wp-container-core-columns-is-layout-3 wp-block-columns-is-layout-flex\">\n<div class=\"wp-block-column cat-box-border is-layout-flow wp-block-column-is-layout-flow\">\n<blockquote class=\"wp-block-quote is-layout-flow wp-block-quote-is-layout-flow\">\n<p>Danke f\u00fcr euer unerm\u00fcdliches Bem\u00fchen, die Deutsche Geschichte so zu verbreiten wie sie wirklich war. In der Schule wird diese leider teilweise extrem Verf\u00e4lscht gelehrt.<\/p>\n<cite>YT: oette70<\/cite><\/blockquote>\n<\/div>\n<\/div>\n\n\n\n<div class=\"wp-block-columns is-layout-flex wp-container-core-columns-is-layout-4 wp-block-columns-is-layout-flex\">\n<div class=\"wp-block-column cat-box-border is-layout-flow wp-block-column-is-layout-flow\">\n<blockquote class=\"wp-block-quote is-layout-flow wp-block-quote-is-layout-flow\">\n<p>Vielen Dank an die Beteiligten an diesem Buch und diesem Film. Diese umfangreiche Thematik kann verst\u00e4ndlicher und besser nicht aufbereitet werden. Dies geh\u00f6rt ins Lehrprogramm an unseren Schulen.<\/p>\n<cite>YT: Daniel_Pommern<\/cite><\/blockquote>\n<\/div>\n\n\n\n<div class=\"wp-block-column cat-box-border is-layout-flow wp-block-column-is-layout-flow\">\n<blockquote class=\"wp-block-quote is-layout-flow wp-block-quote-is-layout-flow\">\n<p>Ein gro\u00dfes Dankesch\u00f6n f\u00fcr eure Arbeit, f\u00fcr die Menschen die das erste mal mit dieser Geschichte in Ber\u00fchrung kommen braucht es an zeit und Verinnerlichung, bevor sie ins tun kommen. Ich bin stolz dabei zu sein und mit vollem herzen. Zur\u00fcck zu unseren Wurzeln damit wir wieder neu gedeihen k\u00f6nnen, f\u00fcr unsere Kinder und Enkelkindern, f\u00fcr Frieden ,Freiheit und Weltfrieden.<\/p>\n<cite>YT: MarioKleiber-x5v<\/cite><\/blockquote>\n<\/div>\n<\/div>\n\n\n\n<div class=\"wp-block-columns is-layout-flex wp-container-core-columns-is-layout-5 wp-block-columns-is-layout-flex\">\n<div class=\"wp-block-column cat-box-border is-layout-flow wp-block-column-is-layout-flow\">\n<blockquote class=\"wp-block-quote is-layout-flow wp-block-quote-is-layout-flow\">\n<p>Ich bin sprachlos und gleichzeitig dankbar f\u00fcr diese gro\u00dfartige Dokumentation. Mit diesem Beitrag wird Geschichte lebendig!<\/p>\n<cite>YT: Heinrich_von-Treitschke<\/cite><\/blockquote>\n<\/div>\n<\/div>\n\n\n\n<div class=\"wp-block-columns is-layout-flex wp-container-core-columns-is-layout-6 wp-block-columns-is-layout-flex\">\n<div class=\"wp-block-column cat-box-border is-layout-flow wp-block-column-is-layout-flow\">\n<blockquote class=\"wp-block-quote is-layout-flow wp-block-quote-is-layout-flow\">\n<p>Eine ganz gro\u00dfartige Dokumentation \u00fcber unseren Verlust und wie er herbei gef\u00fchrt wurde.<\/p>\n<cite>YT: deraltpfadler6666<\/cite><\/blockquote>\n<\/div>\n\n\n\n<div class=\"wp-block-column cat-box-border is-layout-flow wp-block-column-is-layout-flow\">\n<blockquote class=\"wp-block-quote is-layout-flow wp-block-quote-is-layout-flow\">\n<p>Mit heutigem Tage tut sich ein Thor auf, durch welches die &#8218;Chroniken&#8216; neu zu schreiben sind \u2013 dies Werk sei der Schl\u00fcssel zu neuer Zeit.<\/p>\n<cite>YT: benni8463<\/cite><\/blockquote>\n<\/div>\n<\/div>\n\n\n\n<div class=\"wp-block-columns is-layout-flex wp-container-core-columns-is-layout-7 wp-block-columns-is-layout-flex\">\n<div class=\"wp-block-column cat-box-border is-layout-flow wp-block-column-is-layout-flow\">\n<blockquote class=\"wp-block-quote is-layout-flow wp-block-quote-is-layout-flow\">\n<p>Ein sehr wichtiger Film f\u00fcr alle Deutschen. Die Zusammenh\u00e4nge sehr verst\u00e4ndlich erkl\u00e4rt. F\u00fcr eure M\u00fche vielen, vielen Dank.<\/p>\n<cite>YT: birgit6485<\/cite><\/blockquote>\n<\/div>\n<\/div>\n\n\n\n<div class=\"wp-block-columns is-layout-flex wp-container-core-columns-is-layout-8 wp-block-columns-is-layout-flex\">\n<div class=\"wp-block-column cat-box-border is-layout-flow wp-block-column-is-layout-flow\">\n<blockquote class=\"wp-block-quote is-layout-flow wp-block-quote-is-layout-flow\">\n<p>Die Freude unserer Ahnen wird unermesslich gross sein, wenn wir verstehen, was wirklich passierte \u2026.\u2764 Danke \u2764 f\u00fcr diese aufschlussreiche Doku unserer wahren Geschichte.<\/p>\n<cite>YT: leanderfaul4702<\/cite><\/blockquote>\n<\/div>\n\n\n\n<div class=\"wp-block-column cat-box-border is-layout-flow wp-block-column-is-layout-flow\">\n<blockquote class=\"wp-block-quote is-layout-flow wp-block-quote-is-layout-flow\">\n<p>An die Erschaffer dieses Heilendes Werks meine h\u00f6chste Hochachtung und Dank.<\/p>\n<cite>YT: l.g.3569<\/cite><\/blockquote>\n<\/div>\n<\/div>\n\n\n\n<div style=\"height:100px\" aria-hidden=\"true\" class=\"wp-block-spacer\"><\/div>\n","protected":false},"excerpt":{"rendered":"<p>Weckruf an die Deutschen! Eine belegte Dokumentation, die mit beeindruckender Klarheit die Ereignisse, die 1918 zum Staatsumsturz f\u00fchrten, beleuchtet. Eine Produktion des ewigen Bundes. <\/p>\n","protected":false},"author":29,"featured_media":3341,"comment_status":"open","ping_status":"open","sticky":false,"template":"","format":"standard","meta":{"footnotes":""},"categories":[50,47],"tags":[],"class_list":["post-3279","post","type-post","status-publish","format-standard","has-post-thumbnail","hentry","category-dokumentarfilme","category-reportagen-und-dokumentationen"],"yoast_head":"<!-- This site is optimized with the Yoast SEO plugin v23.1 - https:\/\/yoast.com\/wordpress\/plugins\/seo\/ -->\n<title>Staatsumsturz. Der Film. | Mediathek.<\/title>\n<meta name=\"description\" content=\"Weckruf an die Deutschen! Eine Dokumentation zu den Ereignissen, die 1918 zum Staatsumsturz f\u00fchrten. Eine Produktion des ewigen Bundes.\" \/>\n<meta name=\"robots\" content=\"index, follow, max-snippet:-1, max-image-preview:large, max-video-preview:-1\" \/>\n<link rel=\"canonical\" href=\"https:\/\/www.ewigerbund.org\/film\/staatsumsturz-der-film\/\" \/>\n<meta property=\"og:locale\" content=\"de_DE\" \/>\n<meta property=\"og:type\" content=\"article\" \/>\n<meta property=\"og:title\" content=\"Der Staatsumsturz.\" \/>\n<meta property=\"og:description\" content=\"Weckruf an die Deutschen! Eine belegte Dokumentation, die mit beeindruckender Klarheit die Ereignisse, die 1918 zum Staatsumsturz f\u00fchrten, beleuchtet. Eine Produktion des ewigen Bundes.\" \/>\n<meta property=\"og:url\" content=\"https:\/\/www.ewigerbund.org\/film\/staatsumsturz-der-film\/\" \/>\n<meta property=\"og:site_name\" content=\"Mediathek.\" \/>\n<meta property=\"article:published_time\" content=\"2025-01-17T18:51:50+00:00\" \/>\n<meta property=\"article:modified_time\" content=\"2026-02-25T11:27:45+00:00\" \/>\n<meta property=\"og:image\" content=\"https:\/\/www.ewigerbund.org\/film\/wp-content\/uploads\/sites\/38\/2025\/01\/EB-staatsumsturz1_v.jpg\" \/>\n\t<meta property=\"og:image:width\" content=\"750\" \/>\n\t<meta property=\"og:image:height\" content=\"350\" \/>\n\t<meta property=\"og:image:type\" content=\"image\/jpeg\" \/>\n<meta name=\"author\" content=\"jana\" \/>\n<meta name=\"twitter:card\" content=\"summary_large_image\" \/>\n<meta name=\"twitter:label1\" content=\"Verfasst von\" \/>\n\t<meta name=\"twitter:data1\" content=\"jana\" \/>\n\t<meta name=\"twitter:label2\" content=\"Gesch\u00e4tzte Lesezeit\" \/>\n\t<meta name=\"twitter:data2\" content=\"5\u00a0Minuten\" \/>\n<script type=\"application\/ld+json\" class=\"yoast-schema-graph\">{\"@context\":\"https:\/\/schema.org\",\"@graph\":[{\"@type\":\"Article\",\"@id\":\"https:\/\/www.ewigerbund.org\/film\/staatsumsturz-der-film\/#article\",\"isPartOf\":{\"@id\":\"https:\/\/www.ewigerbund.org\/film\/staatsumsturz-der-film\/\"},\"author\":{\"name\":\"jana\",\"@id\":\"https:\/\/www.ewigerbund.org\/film\/#\/schema\/person\/7a99825bb43acd9c1bd04d4ca2861988\"},\"headline\":\"Staatsumsturz. Der Film.\",\"datePublished\":\"2025-01-17T18:51:50+00:00\",\"dateModified\":\"2026-02-25T11:27:45+00:00\",\"mainEntityOfPage\":{\"@id\":\"https:\/\/www.ewigerbund.org\/film\/staatsumsturz-der-film\/\"},\"wordCount\":1363,\"commentCount\":0,\"publisher\":{\"@id\":\"https:\/\/www.ewigerbund.org\/film\/#organization\"},\"image\":{\"@id\":\"https:\/\/www.ewigerbund.org\/film\/staatsumsturz-der-film\/#primaryimage\"},\"thumbnailUrl\":\"https:\/\/www.ewigerbund.org\/film\/wp-content\/uploads\/sites\/38\/2025\/01\/EB-staatsumsturz1.jpg\",\"articleSection\":[\"Dokumetarfilme\",\"Reportagen und Dokumentationen\"],\"inLanguage\":\"de\",\"potentialAction\":[{\"@type\":\"CommentAction\",\"name\":\"Comment\",\"target\":[\"https:\/\/www.ewigerbund.org\/film\/staatsumsturz-der-film\/#respond\"]}]},{\"@type\":\"WebPage\",\"@id\":\"https:\/\/www.ewigerbund.org\/film\/staatsumsturz-der-film\/\",\"url\":\"https:\/\/www.ewigerbund.org\/film\/staatsumsturz-der-film\/\",\"name\":\"Staatsumsturz. Der Film. | Mediathek.\",\"isPartOf\":{\"@id\":\"https:\/\/www.ewigerbund.org\/film\/#website\"},\"primaryImageOfPage\":{\"@id\":\"https:\/\/www.ewigerbund.org\/film\/staatsumsturz-der-film\/#primaryimage\"},\"image\":{\"@id\":\"https:\/\/www.ewigerbund.org\/film\/staatsumsturz-der-film\/#primaryimage\"},\"thumbnailUrl\":\"https:\/\/www.ewigerbund.org\/film\/wp-content\/uploads\/sites\/38\/2025\/01\/EB-staatsumsturz1.jpg\",\"datePublished\":\"2025-01-17T18:51:50+00:00\",\"dateModified\":\"2026-02-25T11:27:45+00:00\",\"description\":\"Weckruf an die Deutschen! Eine Dokumentation zu den Ereignissen, die 1918 zum Staatsumsturz f\u00fchrten. Eine Produktion des ewigen Bundes.\",\"breadcrumb\":{\"@id\":\"https:\/\/www.ewigerbund.org\/film\/staatsumsturz-der-film\/#breadcrumb\"},\"inLanguage\":\"de\",\"potentialAction\":[{\"@type\":\"ReadAction\",\"target\":[\"https:\/\/www.ewigerbund.org\/film\/staatsumsturz-der-film\/\"]}]},{\"@type\":\"ImageObject\",\"inLanguage\":\"de\",\"@id\":\"https:\/\/www.ewigerbund.org\/film\/staatsumsturz-der-film\/#primaryimage\",\"url\":\"https:\/\/www.ewigerbund.org\/film\/wp-content\/uploads\/sites\/38\/2025\/01\/EB-staatsumsturz1.jpg\",\"contentUrl\":\"https:\/\/www.ewigerbund.org\/film\/wp-content\/uploads\/sites\/38\/2025\/01\/EB-staatsumsturz1.jpg\",\"width\":1748,\"height\":994,\"caption\":\"Staatsumsturz. Der Film.\"},{\"@type\":\"BreadcrumbList\",\"@id\":\"https:\/\/www.ewigerbund.org\/film\/staatsumsturz-der-film\/#breadcrumb\",\"itemListElement\":[{\"@type\":\"ListItem\",\"position\":1,\"name\":\"Startseite\",\"item\":\"https:\/\/www.ewigerbund.org\/film\/\"},{\"@type\":\"ListItem\",\"position\":2,\"name\":\"Staatsumsturz. Der Film.\"}]},{\"@type\":\"WebSite\",\"@id\":\"https:\/\/www.ewigerbund.org\/film\/#website\",\"url\":\"https:\/\/www.ewigerbund.org\/film\/\",\"name\":\"Mediathek.\",\"description\":\"Verfassungsb\u00fcndnis der deutschen Einzelstaaten.\",\"publisher\":{\"@id\":\"https:\/\/www.ewigerbund.org\/film\/#organization\"},\"potentialAction\":[{\"@type\":\"SearchAction\",\"target\":{\"@type\":\"EntryPoint\",\"urlTemplate\":\"https:\/\/www.ewigerbund.org\/film\/?s={search_term_string}\"},\"query-input\":\"required name=search_term_string\"}],\"inLanguage\":\"de\"},{\"@type\":\"Organization\",\"@id\":\"https:\/\/www.ewigerbund.org\/film\/#organization\",\"name\":\"Mediathek.\",\"url\":\"https:\/\/www.ewigerbund.org\/film\/\",\"logo\":{\"@type\":\"ImageObject\",\"inLanguage\":\"de\",\"@id\":\"https:\/\/www.ewigerbund.org\/film\/#\/schema\/logo\/image\/\",\"url\":\"https:\/\/www.ewigerbund.org\/film\/wp-content\/uploads\/sites\/38\/2022\/11\/2022-09-20-Logo-EB_Schutzzone_V4_Transparent.png\",\"contentUrl\":\"https:\/\/www.ewigerbund.org\/film\/wp-content\/uploads\/sites\/38\/2022\/11\/2022-09-20-Logo-EB_Schutzzone_V4_Transparent.png\",\"width\":2000,\"height\":1982,\"caption\":\"Mediathek.\"},\"image\":{\"@id\":\"https:\/\/www.ewigerbund.org\/film\/#\/schema\/logo\/image\/\"}},{\"@type\":\"Person\",\"@id\":\"https:\/\/www.ewigerbund.org\/film\/#\/schema\/person\/7a99825bb43acd9c1bd04d4ca2861988\",\"name\":\"jana\",\"image\":{\"@type\":\"ImageObject\",\"inLanguage\":\"de\",\"@id\":\"https:\/\/www.ewigerbund.org\/film\/#\/schema\/person\/image\/\",\"url\":\"https:\/\/secure.gravatar.com\/avatar\/1dfa27acd33cb084c9d1003a585a739b?s=96&d=mm&r=g\",\"contentUrl\":\"https:\/\/secure.gravatar.com\/avatar\/1dfa27acd33cb084c9d1003a585a739b?s=96&d=mm&r=g\",\"caption\":\"jana\"},\"url\":\"https:\/\/www.ewigerbund.org\/film\/author\/jana\/\"}]}<\/script>\n<!-- \/ Yoast SEO plugin. -->","yoast_head_json":{"title":"Staatsumsturz. Der Film. | Mediathek.","description":"Weckruf an die Deutschen! Eine Dokumentation zu den Ereignissen, die 1918 zum Staatsumsturz f\u00fchrten. Eine Produktion des ewigen Bundes.","robots":{"index":"index","follow":"follow","max-snippet":"max-snippet:-1","max-image-preview":"max-image-preview:large","max-video-preview":"max-video-preview:-1"},"canonical":"https:\/\/www.ewigerbund.org\/film\/staatsumsturz-der-film\/","og_locale":"de_DE","og_type":"article","og_title":"Der Staatsumsturz.","og_description":"Weckruf an die Deutschen! Eine belegte Dokumentation, die mit beeindruckender Klarheit die Ereignisse, die 1918 zum Staatsumsturz f\u00fchrten, beleuchtet. Eine Produktion des ewigen Bundes.","og_url":"https:\/\/www.ewigerbund.org\/film\/staatsumsturz-der-film\/","og_site_name":"Mediathek.","article_published_time":"2025-01-17T18:51:50+00:00","article_modified_time":"2026-02-25T11:27:45+00:00","og_image":[{"width":750,"height":350,"url":"https:\/\/www.ewigerbund.org\/film\/wp-content\/uploads\/sites\/38\/2025\/01\/EB-staatsumsturz1_v.jpg","type":"image\/jpeg"}],"author":"jana","twitter_card":"summary_large_image","twitter_misc":{"Verfasst von":"jana","Gesch\u00e4tzte Lesezeit":"5\u00a0Minuten"},"schema":{"@context":"https:\/\/schema.org","@graph":[{"@type":"Article","@id":"https:\/\/www.ewigerbund.org\/film\/staatsumsturz-der-film\/#article","isPartOf":{"@id":"https:\/\/www.ewigerbund.org\/film\/staatsumsturz-der-film\/"},"author":{"name":"jana","@id":"https:\/\/www.ewigerbund.org\/film\/#\/schema\/person\/7a99825bb43acd9c1bd04d4ca2861988"},"headline":"Staatsumsturz. Der Film.","datePublished":"2025-01-17T18:51:50+00:00","dateModified":"2026-02-25T11:27:45+00:00","mainEntityOfPage":{"@id":"https:\/\/www.ewigerbund.org\/film\/staatsumsturz-der-film\/"},"wordCount":1363,"commentCount":0,"publisher":{"@id":"https:\/\/www.ewigerbund.org\/film\/#organization"},"image":{"@id":"https:\/\/www.ewigerbund.org\/film\/staatsumsturz-der-film\/#primaryimage"},"thumbnailUrl":"https:\/\/www.ewigerbund.org\/film\/wp-content\/uploads\/sites\/38\/2025\/01\/EB-staatsumsturz1.jpg","articleSection":["Dokumetarfilme","Reportagen und Dokumentationen"],"inLanguage":"de","potentialAction":[{"@type":"CommentAction","name":"Comment","target":["https:\/\/www.ewigerbund.org\/film\/staatsumsturz-der-film\/#respond"]}]},{"@type":"WebPage","@id":"https:\/\/www.ewigerbund.org\/film\/staatsumsturz-der-film\/","url":"https:\/\/www.ewigerbund.org\/film\/staatsumsturz-der-film\/","name":"Staatsumsturz. Der Film. | Mediathek.","isPartOf":{"@id":"https:\/\/www.ewigerbund.org\/film\/#website"},"primaryImageOfPage":{"@id":"https:\/\/www.ewigerbund.org\/film\/staatsumsturz-der-film\/#primaryimage"},"image":{"@id":"https:\/\/www.ewigerbund.org\/film\/staatsumsturz-der-film\/#primaryimage"},"thumbnailUrl":"https:\/\/www.ewigerbund.org\/film\/wp-content\/uploads\/sites\/38\/2025\/01\/EB-staatsumsturz1.jpg","datePublished":"2025-01-17T18:51:50+00:00","dateModified":"2026-02-25T11:27:45+00:00","description":"Weckruf an die Deutschen! Eine Dokumentation zu den Ereignissen, die 1918 zum Staatsumsturz f\u00fchrten. Eine Produktion des ewigen Bundes.","breadcrumb":{"@id":"https:\/\/www.ewigerbund.org\/film\/staatsumsturz-der-film\/#breadcrumb"},"inLanguage":"de","potentialAction":[{"@type":"ReadAction","target":["https:\/\/www.ewigerbund.org\/film\/staatsumsturz-der-film\/"]}]},{"@type":"ImageObject","inLanguage":"de","@id":"https:\/\/www.ewigerbund.org\/film\/staatsumsturz-der-film\/#primaryimage","url":"https:\/\/www.ewigerbund.org\/film\/wp-content\/uploads\/sites\/38\/2025\/01\/EB-staatsumsturz1.jpg","contentUrl":"https:\/\/www.ewigerbund.org\/film\/wp-content\/uploads\/sites\/38\/2025\/01\/EB-staatsumsturz1.jpg","width":1748,"height":994,"caption":"Staatsumsturz. Der Film."},{"@type":"BreadcrumbList","@id":"https:\/\/www.ewigerbund.org\/film\/staatsumsturz-der-film\/#breadcrumb","itemListElement":[{"@type":"ListItem","position":1,"name":"Startseite","item":"https:\/\/www.ewigerbund.org\/film\/"},{"@type":"ListItem","position":2,"name":"Staatsumsturz. Der Film."}]},{"@type":"WebSite","@id":"https:\/\/www.ewigerbund.org\/film\/#website","url":"https:\/\/www.ewigerbund.org\/film\/","name":"Mediathek.","description":"Verfassungsb\u00fcndnis der deutschen Einzelstaaten.","publisher":{"@id":"https:\/\/www.ewigerbund.org\/film\/#organization"},"potentialAction":[{"@type":"SearchAction","target":{"@type":"EntryPoint","urlTemplate":"https:\/\/www.ewigerbund.org\/film\/?s={search_term_string}"},"query-input":"required name=search_term_string"}],"inLanguage":"de"},{"@type":"Organization","@id":"https:\/\/www.ewigerbund.org\/film\/#organization","name":"Mediathek.","url":"https:\/\/www.ewigerbund.org\/film\/","logo":{"@type":"ImageObject","inLanguage":"de","@id":"https:\/\/www.ewigerbund.org\/film\/#\/schema\/logo\/image\/","url":"https:\/\/www.ewigerbund.org\/film\/wp-content\/uploads\/sites\/38\/2022\/11\/2022-09-20-Logo-EB_Schutzzone_V4_Transparent.png","contentUrl":"https:\/\/www.ewigerbund.org\/film\/wp-content\/uploads\/sites\/38\/2022\/11\/2022-09-20-Logo-EB_Schutzzone_V4_Transparent.png","width":2000,"height":1982,"caption":"Mediathek."},"image":{"@id":"https:\/\/www.ewigerbund.org\/film\/#\/schema\/logo\/image\/"}},{"@type":"Person","@id":"https:\/\/www.ewigerbund.org\/film\/#\/schema\/person\/7a99825bb43acd9c1bd04d4ca2861988","name":"jana","image":{"@type":"ImageObject","inLanguage":"de","@id":"https:\/\/www.ewigerbund.org\/film\/#\/schema\/person\/image\/","url":"https:\/\/secure.gravatar.com\/avatar\/1dfa27acd33cb084c9d1003a585a739b?s=96&d=mm&r=g","contentUrl":"https:\/\/secure.gravatar.com\/avatar\/1dfa27acd33cb084c9d1003a585a739b?s=96&d=mm&r=g","caption":"jana"},"url":"https:\/\/www.ewigerbund.org\/film\/author\/jana\/"}]}},"_links":{"self":[{"href":"https:\/\/www.ewigerbund.org\/film\/wp-json\/wp\/v2\/posts\/3279","targetHints":{"allow":["GET"]}}],"collection":[{"href":"https:\/\/www.ewigerbund.org\/film\/wp-json\/wp\/v2\/posts"}],"about":[{"href":"https:\/\/www.ewigerbund.org\/film\/wp-json\/wp\/v2\/types\/post"}],"author":[{"embeddable":true,"href":"https:\/\/www.ewigerbund.org\/film\/wp-json\/wp\/v2\/users\/29"}],"replies":[{"embeddable":true,"href":"https:\/\/www.ewigerbund.org\/film\/wp-json\/wp\/v2\/comments?post=3279"}],"version-history":[{"count":29,"href":"https:\/\/www.ewigerbund.org\/film\/wp-json\/wp\/v2\/posts\/3279\/revisions"}],"predecessor-version":[{"id":3445,"href":"https:\/\/www.ewigerbund.org\/film\/wp-json\/wp\/v2\/posts\/3279\/revisions\/3445"}],"wp:featuredmedia":[{"embeddable":true,"href":"https:\/\/www.ewigerbund.org\/film\/wp-json\/wp\/v2\/media\/3341"}],"wp:attachment":[{"href":"https:\/\/www.ewigerbund.org\/film\/wp-json\/wp\/v2\/media?parent=3279"}],"wp:term":[{"taxonomy":"category","embeddable":true,"href":"https:\/\/www.ewigerbund.org\/film\/wp-json\/wp\/v2\/categories?post=3279"},{"taxonomy":"post_tag","embeddable":true,"href":"https:\/\/www.ewigerbund.org\/film\/wp-json\/wp\/v2\/tags?post=3279"}],"curies":[{"name":"wp","href":"https:\/\/api.w.org\/{rel}","templated":true}]}}