{"id":1250,"date":"2022-05-24T10:40:46","date_gmt":"2022-05-24T08:40:46","guid":{"rendered":"https:\/\/www.ewigerbund.org\/video\/?p=1250"},"modified":"2024-11-09T19:13:00","modified_gmt":"2024-11-09T18:13:00","slug":"haus-doorn-auf-den-spuren-von-kaiser-wilhelm-ii","status":"publish","type":"post","link":"https:\/\/www.ewigerbund.org\/film\/haus-doorn-auf-den-spuren-von-kaiser-wilhelm-ii\/","title":{"rendered":"Haus Doorn &#8211; Auf den Spuren von Kaiser Wilhelm II."},"content":{"rendered":"\n<figure class=\"wp-block-embed is-type-video is-provider-vimeo wp-block-embed-vimeo wp-embed-aspect-16-9 wp-has-aspect-ratio\"><div class=\"wp-block-embed__wrapper\">\n<iframe loading=\"lazy\" src=\"https:\/\/player.vimeo.com\/video\/489989550?h=64b21642fc&amp;dnt=1&amp;app_id=122963\" width=\"500\" height=\"281\" frameborder=\"0\" allow=\"autoplay; fullscreen; picture-in-picture; clipboard-write\"><\/iframe>\n<\/div><\/figure>\n\n\n\n<div style=\"height:25px\" aria-hidden=\"true\" class=\"wp-block-spacer\"><\/div>\n\n\n\n<p>9. November 1918. <\/p>\n\n\n\n<p>Auf Bestreben und mit Unterst\u00fctzung feindlicher M\u00e4chte, insbesondere durch v\u00f6lkerrechtswidriges Verhalten und unter der F\u00fchrung der SPD beraubten Parteien, wohlgemerkt Parteien, am 9. November 1918 die Deutschen ihrer goldenen Zukunft.<\/p>\n\n\n\n<p>Nach der erzwungenen Abdankung Kaiser Wilhelms II., war er gen\u00f6tigt in die Exilierung zu gehen. Das neutrale Holland gew\u00e4hrte Wilhelm II. Asyl.<\/p>\n\n\n\n<p>Es erfolgte der Umzug und die Einrichtung der Innenr\u00e4ume im Haus Doorn. Die Einrichtung stammte aus dem Berliner Stadtschloss, Schloss Bellevue, Charlottenburger Schloss und dem Neuen Palais in Potsdam. Der Transport erfolgte mit 59 Eisenbahnwaggons nach Holland.<\/p>\n\n\n\n<p>Folgende Worte Kaiser Wilhelms II. sind an seinem Grab als Inschrift zu lesen:<\/p>\n\n\n\n<p>,,Lobet mich nicht, denn ich bedarf keines Lobes, r\u00fchmet mich nicht, denn ich bedarf keines Ruhmes, richtet mich nicht, denn ich werde gerichtet werden.&#8220;<\/p>\n\n\n\n<p><\/p>\n","protected":false},"excerpt":{"rendered":"<p>9. November 1918. Auf Bestreben und mit Unterst\u00fctzung feindlicher M\u00e4chte, insbesondere durch v\u00f6lkerrechtswidriges Verhalten und unter der F\u00fchrung der SPD beraubten Parteien, wohlgemerkt Parteien, am 9. November 1918 die Deutschen ihrer goldenen Zukunft. Nach der erzwungenen Abdankung Kaiser Wilhelms II., war er gen\u00f6tigt in die Exilierung zu gehen. Das neutrale Holland gew\u00e4hrte Wilhelm II. Asyl. &#8230; <a title=\"Haus Doorn &#8211; Auf den Spuren von Kaiser Wilhelm II.\" class=\"read-more\" href=\"https:\/\/www.ewigerbund.org\/film\/haus-doorn-auf-den-spuren-von-kaiser-wilhelm-ii\/\" aria-label=\"Mehr zu Haus Doorn &#8211; Auf den Spuren von Kaiser Wilhelm II.\">Weiterlesen &#8230;<\/a><\/p>\n","protected":false},"author":16,"featured_media":2828,"comment_status":"closed","ping_status":"closed","sticky":false,"template":"","format":"standard","meta":{"footnotes":""},"categories":[50,11],"tags":[],"class_list":["post-1250","post","type-post","status-publish","format-standard","has-post-thumbnail","hentry","category-dokumentarfilme","category-historische-filme-und-dokumentationen"],"yoast_head":"<!-- This site is optimized with the Yoast SEO plugin v23.1 - https:\/\/yoast.com\/wordpress\/plugins\/seo\/ -->\n<title>Haus Doorn - Auf den Spuren von Kaiser Wilhelm II. | Mediathek.<\/title>\n<meta name=\"description\" content=\"Historische Filme und Dokumentationen in der Videothek des Ewigen Bundes.\" \/>\n<meta name=\"robots\" content=\"index, follow, max-snippet:-1, max-image-preview:large, max-video-preview:-1\" \/>\n<link rel=\"canonical\" href=\"https:\/\/www.ewigerbund.org\/film\/haus-doorn-auf-den-spuren-von-kaiser-wilhelm-ii\/\" \/>\n<meta property=\"og:locale\" content=\"de_DE\" \/>\n<meta property=\"og:type\" content=\"article\" \/>\n<meta property=\"og:title\" content=\"Haus Doorn - Auf den Spuren von Kaiser Wilhelm II.\" \/>\n<meta property=\"og:description\" content=\"Historische Filme und Dokumentationen in der Videothek des Ewigen Bundes.\" \/>\n<meta property=\"og:url\" content=\"https:\/\/www.ewigerbund.org\/film\/haus-doorn-auf-den-spuren-von-kaiser-wilhelm-ii\/\" \/>\n<meta property=\"og:site_name\" content=\"Mediathek.\" \/>\n<meta property=\"article:published_time\" content=\"2022-05-24T08:40:46+00:00\" \/>\n<meta property=\"article:modified_time\" content=\"2024-11-09T18:13:00+00:00\" \/>\n<meta property=\"og:image\" content=\"https:\/\/www.ewigerbund.org\/film\/wp-content\/uploads\/sites\/38\/2023\/03\/EB_Mediathek_Film_Haus_Doorn_Auf_den_Spuren_von_Kaiser_Wilhelm_II_v.jpg\" \/>\n\t<meta property=\"og:image:width\" content=\"750\" \/>\n\t<meta property=\"og:image:height\" content=\"348\" \/>\n\t<meta property=\"og:image:type\" content=\"image\/jpeg\" \/>\n<meta name=\"twitter:card\" content=\"summary_large_image\" \/>\n<meta name=\"twitter:title\" content=\"Haus Doorn - Auf den Spuren von Kaiser Wilhelm II.\" \/>\n<meta name=\"twitter:description\" content=\"Historische Filme und Dokumentationen in der Videothek des Ewigen Bundes.\" \/>\n<meta name=\"twitter:image\" content=\"https:\/\/www.ewigerbund.org\/film\/wp-content\/uploads\/sites\/38\/2023\/03\/EB_Mediathek_Film_Haus_Doorn_Auf_den_Spuren_von_Kaiser_Wilhelm_II_v.jpg\" \/>\n<meta name=\"twitter:label1\" content=\"Verfasst von\" \/>\n\t<meta name=\"twitter:data1\" content=\"\" \/>\n\t<meta name=\"twitter:label2\" content=\"Gesch\u00e4tzte Lesezeit\" \/>\n\t<meta name=\"twitter:data2\" content=\"1\u00a0Minute\" \/>\n<script type=\"application\/ld+json\" class=\"yoast-schema-graph\">{\"@context\":\"https:\/\/schema.org\",\"@graph\":[{\"@type\":\"Article\",\"@id\":\"https:\/\/www.ewigerbund.org\/film\/haus-doorn-auf-den-spuren-von-kaiser-wilhelm-ii\/#article\",\"isPartOf\":{\"@id\":\"https:\/\/www.ewigerbund.org\/film\/haus-doorn-auf-den-spuren-von-kaiser-wilhelm-ii\/\"},\"author\":{\"name\":\"\",\"@id\":\"\"},\"headline\":\"Haus Doorn &#8211; Auf den Spuren von Kaiser Wilhelm II.\",\"datePublished\":\"2022-05-24T08:40:46+00:00\",\"dateModified\":\"2024-11-09T18:13:00+00:00\",\"mainEntityOfPage\":{\"@id\":\"https:\/\/www.ewigerbund.org\/film\/haus-doorn-auf-den-spuren-von-kaiser-wilhelm-ii\/\"},\"wordCount\":147,\"publisher\":{\"@id\":\"https:\/\/www.ewigerbund.org\/film\/#organization\"},\"image\":{\"@id\":\"https:\/\/www.ewigerbund.org\/film\/haus-doorn-auf-den-spuren-von-kaiser-wilhelm-ii\/#primaryimage\"},\"thumbnailUrl\":\"https:\/\/www.ewigerbund.org\/film\/wp-content\/uploads\/sites\/38\/2023\/03\/EB_Mediathek_Film_Haus_Doorn_Auf_den_Spuren_von_Kaiser_Wilhelm_II.jpg\",\"articleSection\":[\"Dokumetarfilme\",\"Historische Filme\"],\"inLanguage\":\"de\"},{\"@type\":\"WebPage\",\"@id\":\"https:\/\/www.ewigerbund.org\/film\/haus-doorn-auf-den-spuren-von-kaiser-wilhelm-ii\/\",\"url\":\"https:\/\/www.ewigerbund.org\/film\/haus-doorn-auf-den-spuren-von-kaiser-wilhelm-ii\/\",\"name\":\"Haus Doorn - Auf den Spuren von Kaiser Wilhelm II. | Mediathek.\",\"isPartOf\":{\"@id\":\"https:\/\/www.ewigerbund.org\/film\/#website\"},\"primaryImageOfPage\":{\"@id\":\"https:\/\/www.ewigerbund.org\/film\/haus-doorn-auf-den-spuren-von-kaiser-wilhelm-ii\/#primaryimage\"},\"image\":{\"@id\":\"https:\/\/www.ewigerbund.org\/film\/haus-doorn-auf-den-spuren-von-kaiser-wilhelm-ii\/#primaryimage\"},\"thumbnailUrl\":\"https:\/\/www.ewigerbund.org\/film\/wp-content\/uploads\/sites\/38\/2023\/03\/EB_Mediathek_Film_Haus_Doorn_Auf_den_Spuren_von_Kaiser_Wilhelm_II.jpg\",\"datePublished\":\"2022-05-24T08:40:46+00:00\",\"dateModified\":\"2024-11-09T18:13:00+00:00\",\"description\":\"Historische Filme und Dokumentationen in der Videothek des Ewigen Bundes.\",\"breadcrumb\":{\"@id\":\"https:\/\/www.ewigerbund.org\/film\/haus-doorn-auf-den-spuren-von-kaiser-wilhelm-ii\/#breadcrumb\"},\"inLanguage\":\"de\",\"potentialAction\":[{\"@type\":\"ReadAction\",\"target\":[\"https:\/\/www.ewigerbund.org\/film\/haus-doorn-auf-den-spuren-von-kaiser-wilhelm-ii\/\"]}]},{\"@type\":\"ImageObject\",\"inLanguage\":\"de\",\"@id\":\"https:\/\/www.ewigerbund.org\/film\/haus-doorn-auf-den-spuren-von-kaiser-wilhelm-ii\/#primaryimage\",\"url\":\"https:\/\/www.ewigerbund.org\/film\/wp-content\/uploads\/sites\/38\/2023\/03\/EB_Mediathek_Film_Haus_Doorn_Auf_den_Spuren_von_Kaiser_Wilhelm_II.jpg\",\"contentUrl\":\"https:\/\/www.ewigerbund.org\/film\/wp-content\/uploads\/sites\/38\/2023\/03\/EB_Mediathek_Film_Haus_Doorn_Auf_den_Spuren_von_Kaiser_Wilhelm_II.jpg\",\"width\":1748,\"height\":994},{\"@type\":\"BreadcrumbList\",\"@id\":\"https:\/\/www.ewigerbund.org\/film\/haus-doorn-auf-den-spuren-von-kaiser-wilhelm-ii\/#breadcrumb\",\"itemListElement\":[{\"@type\":\"ListItem\",\"position\":1,\"name\":\"Startseite\",\"item\":\"https:\/\/www.ewigerbund.org\/film\/\"},{\"@type\":\"ListItem\",\"position\":2,\"name\":\"Haus Doorn &#8211; Auf den Spuren von Kaiser Wilhelm II.\"}]},{\"@type\":\"WebSite\",\"@id\":\"https:\/\/www.ewigerbund.org\/film\/#website\",\"url\":\"https:\/\/www.ewigerbund.org\/film\/\",\"name\":\"Mediathek.\",\"description\":\"Verfassungsb\u00fcndnis der deutschen Einzelstaaten.\",\"publisher\":{\"@id\":\"https:\/\/www.ewigerbund.org\/film\/#organization\"},\"potentialAction\":[{\"@type\":\"SearchAction\",\"target\":{\"@type\":\"EntryPoint\",\"urlTemplate\":\"https:\/\/www.ewigerbund.org\/film\/?s={search_term_string}\"},\"query-input\":\"required name=search_term_string\"}],\"inLanguage\":\"de\"},{\"@type\":\"Organization\",\"@id\":\"https:\/\/www.ewigerbund.org\/film\/#organization\",\"name\":\"Mediathek.\",\"url\":\"https:\/\/www.ewigerbund.org\/film\/\",\"logo\":{\"@type\":\"ImageObject\",\"inLanguage\":\"de\",\"@id\":\"https:\/\/www.ewigerbund.org\/film\/#\/schema\/logo\/image\/\",\"url\":\"https:\/\/www.ewigerbund.org\/film\/wp-content\/uploads\/sites\/38\/2022\/11\/2022-09-20-Logo-EB_Schutzzone_V4_Transparent.png\",\"contentUrl\":\"https:\/\/www.ewigerbund.org\/film\/wp-content\/uploads\/sites\/38\/2022\/11\/2022-09-20-Logo-EB_Schutzzone_V4_Transparent.png\",\"width\":2000,\"height\":1982,\"caption\":\"Mediathek.\"},\"image\":{\"@id\":\"https:\/\/www.ewigerbund.org\/film\/#\/schema\/logo\/image\/\"}},{\"@type\":\"Person\",\"@id\":\"\",\"url\":\"https:\/\/www.ewigerbund.org\/film\/author\/\"}]}<\/script>\n<!-- \/ Yoast SEO plugin. -->","yoast_head_json":{"title":"Haus Doorn - Auf den Spuren von Kaiser Wilhelm II. | Mediathek.","description":"Historische Filme und Dokumentationen in der Videothek des Ewigen Bundes.","robots":{"index":"index","follow":"follow","max-snippet":"max-snippet:-1","max-image-preview":"max-image-preview:large","max-video-preview":"max-video-preview:-1"},"canonical":"https:\/\/www.ewigerbund.org\/film\/haus-doorn-auf-den-spuren-von-kaiser-wilhelm-ii\/","og_locale":"de_DE","og_type":"article","og_title":"Haus Doorn - Auf den Spuren von Kaiser Wilhelm II.","og_description":"Historische Filme und Dokumentationen in der Videothek des Ewigen Bundes.","og_url":"https:\/\/www.ewigerbund.org\/film\/haus-doorn-auf-den-spuren-von-kaiser-wilhelm-ii\/","og_site_name":"Mediathek.","article_published_time":"2022-05-24T08:40:46+00:00","article_modified_time":"2024-11-09T18:13:00+00:00","og_image":[{"width":750,"height":348,"url":"https:\/\/www.ewigerbund.org\/film\/wp-content\/uploads\/sites\/38\/2023\/03\/EB_Mediathek_Film_Haus_Doorn_Auf_den_Spuren_von_Kaiser_Wilhelm_II_v.jpg","type":"image\/jpeg"}],"twitter_card":"summary_large_image","twitter_title":"Haus Doorn - Auf den Spuren von Kaiser Wilhelm II.","twitter_description":"Historische Filme und Dokumentationen in der Videothek des Ewigen Bundes.","twitter_image":"https:\/\/www.ewigerbund.org\/film\/wp-content\/uploads\/sites\/38\/2023\/03\/EB_Mediathek_Film_Haus_Doorn_Auf_den_Spuren_von_Kaiser_Wilhelm_II_v.jpg","twitter_misc":{"Verfasst von":"","Gesch\u00e4tzte Lesezeit":"1\u00a0Minute"},"schema":{"@context":"https:\/\/schema.org","@graph":[{"@type":"Article","@id":"https:\/\/www.ewigerbund.org\/film\/haus-doorn-auf-den-spuren-von-kaiser-wilhelm-ii\/#article","isPartOf":{"@id":"https:\/\/www.ewigerbund.org\/film\/haus-doorn-auf-den-spuren-von-kaiser-wilhelm-ii\/"},"author":{"name":"","@id":""},"headline":"Haus Doorn &#8211; Auf den Spuren von Kaiser Wilhelm II.","datePublished":"2022-05-24T08:40:46+00:00","dateModified":"2024-11-09T18:13:00+00:00","mainEntityOfPage":{"@id":"https:\/\/www.ewigerbund.org\/film\/haus-doorn-auf-den-spuren-von-kaiser-wilhelm-ii\/"},"wordCount":147,"publisher":{"@id":"https:\/\/www.ewigerbund.org\/film\/#organization"},"image":{"@id":"https:\/\/www.ewigerbund.org\/film\/haus-doorn-auf-den-spuren-von-kaiser-wilhelm-ii\/#primaryimage"},"thumbnailUrl":"https:\/\/www.ewigerbund.org\/film\/wp-content\/uploads\/sites\/38\/2023\/03\/EB_Mediathek_Film_Haus_Doorn_Auf_den_Spuren_von_Kaiser_Wilhelm_II.jpg","articleSection":["Dokumetarfilme","Historische Filme"],"inLanguage":"de"},{"@type":"WebPage","@id":"https:\/\/www.ewigerbund.org\/film\/haus-doorn-auf-den-spuren-von-kaiser-wilhelm-ii\/","url":"https:\/\/www.ewigerbund.org\/film\/haus-doorn-auf-den-spuren-von-kaiser-wilhelm-ii\/","name":"Haus Doorn - Auf den Spuren von Kaiser Wilhelm II. | Mediathek.","isPartOf":{"@id":"https:\/\/www.ewigerbund.org\/film\/#website"},"primaryImageOfPage":{"@id":"https:\/\/www.ewigerbund.org\/film\/haus-doorn-auf-den-spuren-von-kaiser-wilhelm-ii\/#primaryimage"},"image":{"@id":"https:\/\/www.ewigerbund.org\/film\/haus-doorn-auf-den-spuren-von-kaiser-wilhelm-ii\/#primaryimage"},"thumbnailUrl":"https:\/\/www.ewigerbund.org\/film\/wp-content\/uploads\/sites\/38\/2023\/03\/EB_Mediathek_Film_Haus_Doorn_Auf_den_Spuren_von_Kaiser_Wilhelm_II.jpg","datePublished":"2022-05-24T08:40:46+00:00","dateModified":"2024-11-09T18:13:00+00:00","description":"Historische Filme und Dokumentationen in der Videothek des Ewigen Bundes.","breadcrumb":{"@id":"https:\/\/www.ewigerbund.org\/film\/haus-doorn-auf-den-spuren-von-kaiser-wilhelm-ii\/#breadcrumb"},"inLanguage":"de","potentialAction":[{"@type":"ReadAction","target":["https:\/\/www.ewigerbund.org\/film\/haus-doorn-auf-den-spuren-von-kaiser-wilhelm-ii\/"]}]},{"@type":"ImageObject","inLanguage":"de","@id":"https:\/\/www.ewigerbund.org\/film\/haus-doorn-auf-den-spuren-von-kaiser-wilhelm-ii\/#primaryimage","url":"https:\/\/www.ewigerbund.org\/film\/wp-content\/uploads\/sites\/38\/2023\/03\/EB_Mediathek_Film_Haus_Doorn_Auf_den_Spuren_von_Kaiser_Wilhelm_II.jpg","contentUrl":"https:\/\/www.ewigerbund.org\/film\/wp-content\/uploads\/sites\/38\/2023\/03\/EB_Mediathek_Film_Haus_Doorn_Auf_den_Spuren_von_Kaiser_Wilhelm_II.jpg","width":1748,"height":994},{"@type":"BreadcrumbList","@id":"https:\/\/www.ewigerbund.org\/film\/haus-doorn-auf-den-spuren-von-kaiser-wilhelm-ii\/#breadcrumb","itemListElement":[{"@type":"ListItem","position":1,"name":"Startseite","item":"https:\/\/www.ewigerbund.org\/film\/"},{"@type":"ListItem","position":2,"name":"Haus Doorn &#8211; Auf den Spuren von Kaiser Wilhelm II."}]},{"@type":"WebSite","@id":"https:\/\/www.ewigerbund.org\/film\/#website","url":"https:\/\/www.ewigerbund.org\/film\/","name":"Mediathek.","description":"Verfassungsb\u00fcndnis der deutschen Einzelstaaten.","publisher":{"@id":"https:\/\/www.ewigerbund.org\/film\/#organization"},"potentialAction":[{"@type":"SearchAction","target":{"@type":"EntryPoint","urlTemplate":"https:\/\/www.ewigerbund.org\/film\/?s={search_term_string}"},"query-input":"required name=search_term_string"}],"inLanguage":"de"},{"@type":"Organization","@id":"https:\/\/www.ewigerbund.org\/film\/#organization","name":"Mediathek.","url":"https:\/\/www.ewigerbund.org\/film\/","logo":{"@type":"ImageObject","inLanguage":"de","@id":"https:\/\/www.ewigerbund.org\/film\/#\/schema\/logo\/image\/","url":"https:\/\/www.ewigerbund.org\/film\/wp-content\/uploads\/sites\/38\/2022\/11\/2022-09-20-Logo-EB_Schutzzone_V4_Transparent.png","contentUrl":"https:\/\/www.ewigerbund.org\/film\/wp-content\/uploads\/sites\/38\/2022\/11\/2022-09-20-Logo-EB_Schutzzone_V4_Transparent.png","width":2000,"height":1982,"caption":"Mediathek."},"image":{"@id":"https:\/\/www.ewigerbund.org\/film\/#\/schema\/logo\/image\/"}},{"@type":"Person","@id":"","url":"https:\/\/www.ewigerbund.org\/film\/author\/"}]}},"_links":{"self":[{"href":"https:\/\/www.ewigerbund.org\/film\/wp-json\/wp\/v2\/posts\/1250","targetHints":{"allow":["GET"]}}],"collection":[{"href":"https:\/\/www.ewigerbund.org\/film\/wp-json\/wp\/v2\/posts"}],"about":[{"href":"https:\/\/www.ewigerbund.org\/film\/wp-json\/wp\/v2\/types\/post"}],"author":[{"embeddable":true,"href":"https:\/\/www.ewigerbund.org\/film\/wp-json\/wp\/v2\/users\/16"}],"replies":[{"embeddable":true,"href":"https:\/\/www.ewigerbund.org\/film\/wp-json\/wp\/v2\/comments?post=1250"}],"version-history":[{"count":5,"href":"https:\/\/www.ewigerbund.org\/film\/wp-json\/wp\/v2\/posts\/1250\/revisions"}],"predecessor-version":[{"id":3267,"href":"https:\/\/www.ewigerbund.org\/film\/wp-json\/wp\/v2\/posts\/1250\/revisions\/3267"}],"wp:featuredmedia":[{"embeddable":true,"href":"https:\/\/www.ewigerbund.org\/film\/wp-json\/wp\/v2\/media\/2828"}],"wp:attachment":[{"href":"https:\/\/www.ewigerbund.org\/film\/wp-json\/wp\/v2\/media?parent=1250"}],"wp:term":[{"taxonomy":"category","embeddable":true,"href":"https:\/\/www.ewigerbund.org\/film\/wp-json\/wp\/v2\/categories?post=1250"},{"taxonomy":"post_tag","embeddable":true,"href":"https:\/\/www.ewigerbund.org\/film\/wp-json\/wp\/v2\/tags?post=1250"}],"curies":[{"name":"wp","href":"https:\/\/api.w.org\/{rel}","templated":true}]}}