{"id":1245,"date":"2022-05-24T10:33:27","date_gmt":"2022-05-24T08:33:27","guid":{"rendered":"https:\/\/www.ewigerbund.org\/video\/?p=1245"},"modified":"2024-09-13T17:59:04","modified_gmt":"2024-09-13T15:59:04","slug":"des-kaisers-kleine-leute-wie-lebten-unsere-grosseltern","status":"publish","type":"post","link":"https:\/\/www.ewigerbund.org\/film\/des-kaisers-kleine-leute-wie-lebten-unsere-grosseltern\/","title":{"rendered":"Des Kaisers Kleine Leute \u2013 Wie lebten unsere Gro\u00dfeltern?"},"content":{"rendered":"\n<figure class=\"wp-block-embed is-type-video is-provider-vimeo wp-block-embed-vimeo wp-embed-aspect-4-3 wp-has-aspect-ratio\"><div class=\"wp-block-embed__wrapper\">\n<iframe loading=\"lazy\" src=\"https:\/\/player.vimeo.com\/video\/485656916?h=64619b1d3a&amp;dnt=1&amp;app_id=122963\" width=\"500\" height=\"375\" frameborder=\"0\" allow=\"autoplay; fullscreen; picture-in-picture; clipboard-write\"><\/iframe>\n<\/div><\/figure>\n\n\n\n<div style=\"height:25px\" aria-hidden=\"true\" class=\"wp-block-spacer\"><\/div>\n\n\n\n<p>Die Wilhelminische Epoche war gepr\u00e4gt durch Umbr\u00fcche in allen Lebensbereichen. Die technischen Gro\u00dfst\u00e4dte wuchsen, neue Entwicklungen und Industrialisierung ver\u00e4nderten das Leben von Arbeitern und B\u00fcrgern nachhaltig. Neue Freiheiten und M\u00f6glichkeiten pr\u00e4gten den Alltag der Kaiserzeit.<\/p>\n\n\n\n<p>Filmaufnahmen aus den unterschiedlichsten Lebensbereichen der \u00c4ra Wilhelm II. veranschaulichen das Leben der Menschen zu Beginn des 20. Jahrhunderts. Zu sehen sind Aufnahmen vom Alltag, der Arbeitswelt, der Industrie, des Sozialwesens, der Emanzipation sowie des Verkehrs, des Sports, der Unterhaltung, der Politik und des Milit\u00e4rs und der Aufr\u00fcstung.<\/p>\n","protected":false},"excerpt":{"rendered":"<p>Die Wilhelminische Epoche war gepr\u00e4gt durch Umbr\u00fcche in allen Lebensbereichen. Die technischen Gro\u00dfst\u00e4dte wuchsen, neue Entwicklungen und Industrialisierung ver\u00e4nderten das Leben von Arbeitern und B\u00fcrgern nachhaltig. Neue Freiheiten und M\u00f6glichkeiten pr\u00e4gten den Alltag der Kaiserzeit. Filmaufnahmen aus den unterschiedlichsten Lebensbereichen der \u00c4ra Wilhelm II. veranschaulichen das Leben der Menschen zu Beginn des 20. Jahrhunderts. Zu &#8230; <a title=\"Des Kaisers Kleine Leute \u2013 Wie lebten unsere Gro\u00dfeltern?\" class=\"read-more\" href=\"https:\/\/www.ewigerbund.org\/film\/des-kaisers-kleine-leute-wie-lebten-unsere-grosseltern\/\" aria-label=\"Mehr zu Des Kaisers Kleine Leute \u2013 Wie lebten unsere Gro\u00dfeltern?\">Weiterlesen &#8230;<\/a><\/p>\n","protected":false},"author":16,"featured_media":2834,"comment_status":"closed","ping_status":"closed","sticky":false,"template":"","format":"standard","meta":{"footnotes":""},"categories":[50,11],"tags":[],"class_list":["post-1245","post","type-post","status-publish","format-standard","has-post-thumbnail","hentry","category-dokumentarfilme","category-historische-filme-und-dokumentationen"],"yoast_head":"<!-- This site is optimized with the Yoast SEO plugin v23.1 - https:\/\/yoast.com\/wordpress\/plugins\/seo\/ -->\n<title>Des Kaisers Kleine Leute \u2013 Wie lebten unsere Gro\u00dfeltern? | Mediathek.<\/title>\n<meta name=\"description\" content=\"Historische Filme und Dokumentationen in der Videothek des Ewigen Bundes.\" \/>\n<meta name=\"robots\" content=\"index, follow, max-snippet:-1, max-image-preview:large, max-video-preview:-1\" \/>\n<link rel=\"canonical\" href=\"https:\/\/www.ewigerbund.org\/film\/des-kaisers-kleine-leute-wie-lebten-unsere-grosseltern\/\" \/>\n<meta property=\"og:locale\" content=\"de_DE\" \/>\n<meta property=\"og:type\" content=\"article\" \/>\n<meta property=\"og:title\" content=\"Des Kaisers Kleine Leute \u2013 Wie lebten unsere Gro\u00dfeltern?\" \/>\n<meta property=\"og:description\" content=\"Historische Filme und Dokumentationen in der Videothek des Ewigen Bundes.\" \/>\n<meta property=\"og:url\" content=\"https:\/\/www.ewigerbund.org\/film\/des-kaisers-kleine-leute-wie-lebten-unsere-grosseltern\/\" \/>\n<meta property=\"og:site_name\" content=\"Mediathek.\" \/>\n<meta property=\"article:published_time\" content=\"2022-05-24T08:33:27+00:00\" \/>\n<meta property=\"article:modified_time\" content=\"2024-09-13T15:59:04+00:00\" \/>\n<meta property=\"og:image\" content=\"https:\/\/www.ewigerbund.org\/film\/wp-content\/uploads\/sites\/38\/2023\/03\/EB-Mediathek-Film-Des_Kaisers_kleine_Leute_v.jpg\" \/>\n\t<meta property=\"og:image:width\" content=\"750\" \/>\n\t<meta property=\"og:image:height\" content=\"348\" \/>\n\t<meta property=\"og:image:type\" content=\"image\/jpeg\" \/>\n<meta name=\"twitter:card\" content=\"summary_large_image\" \/>\n<meta name=\"twitter:title\" content=\"Des Kaisers Kleine Leute \u2013 Wie lebten unsere Gro\u00dfeltern?\" \/>\n<meta name=\"twitter:description\" content=\"Historische Filme und Dokumentationen in der Videothek des Ewigen Bundes.\" \/>\n<meta name=\"twitter:image\" content=\"https:\/\/www.ewigerbund.org\/film\/wp-content\/uploads\/sites\/38\/2023\/03\/EB-Mediathek-Film-Des_Kaisers_kleine_Leute_v.jpg\" \/>\n<meta name=\"twitter:label1\" content=\"Verfasst von\" \/>\n\t<meta name=\"twitter:data1\" content=\"\" \/>\n\t<meta name=\"twitter:label2\" content=\"Gesch\u00e4tzte Lesezeit\" \/>\n\t<meta name=\"twitter:data2\" content=\"1\u00a0Minute\" \/>\n<script type=\"application\/ld+json\" class=\"yoast-schema-graph\">{\"@context\":\"https:\/\/schema.org\",\"@graph\":[{\"@type\":\"Article\",\"@id\":\"https:\/\/www.ewigerbund.org\/film\/des-kaisers-kleine-leute-wie-lebten-unsere-grosseltern\/#article\",\"isPartOf\":{\"@id\":\"https:\/\/www.ewigerbund.org\/film\/des-kaisers-kleine-leute-wie-lebten-unsere-grosseltern\/\"},\"author\":{\"name\":\"\",\"@id\":\"\"},\"headline\":\"Des Kaisers Kleine Leute \u2013 Wie lebten unsere Gro\u00dfeltern?\",\"datePublished\":\"2022-05-24T08:33:27+00:00\",\"dateModified\":\"2024-09-13T15:59:04+00:00\",\"mainEntityOfPage\":{\"@id\":\"https:\/\/www.ewigerbund.org\/film\/des-kaisers-kleine-leute-wie-lebten-unsere-grosseltern\/\"},\"wordCount\":107,\"publisher\":{\"@id\":\"https:\/\/www.ewigerbund.org\/film\/#organization\"},\"image\":{\"@id\":\"https:\/\/www.ewigerbund.org\/film\/des-kaisers-kleine-leute-wie-lebten-unsere-grosseltern\/#primaryimage\"},\"thumbnailUrl\":\"https:\/\/www.ewigerbund.org\/film\/wp-content\/uploads\/sites\/38\/2023\/03\/EB-Mediathek-Film-Des_Kaisers_kleine_Leute.jpg\",\"articleSection\":[\"Dokumetarfilme\",\"Historische Filme\"],\"inLanguage\":\"de\"},{\"@type\":\"WebPage\",\"@id\":\"https:\/\/www.ewigerbund.org\/film\/des-kaisers-kleine-leute-wie-lebten-unsere-grosseltern\/\",\"url\":\"https:\/\/www.ewigerbund.org\/film\/des-kaisers-kleine-leute-wie-lebten-unsere-grosseltern\/\",\"name\":\"Des Kaisers Kleine Leute \u2013 Wie lebten unsere Gro\u00dfeltern? | Mediathek.\",\"isPartOf\":{\"@id\":\"https:\/\/www.ewigerbund.org\/film\/#website\"},\"primaryImageOfPage\":{\"@id\":\"https:\/\/www.ewigerbund.org\/film\/des-kaisers-kleine-leute-wie-lebten-unsere-grosseltern\/#primaryimage\"},\"image\":{\"@id\":\"https:\/\/www.ewigerbund.org\/film\/des-kaisers-kleine-leute-wie-lebten-unsere-grosseltern\/#primaryimage\"},\"thumbnailUrl\":\"https:\/\/www.ewigerbund.org\/film\/wp-content\/uploads\/sites\/38\/2023\/03\/EB-Mediathek-Film-Des_Kaisers_kleine_Leute.jpg\",\"datePublished\":\"2022-05-24T08:33:27+00:00\",\"dateModified\":\"2024-09-13T15:59:04+00:00\",\"description\":\"Historische Filme und Dokumentationen in der Videothek des Ewigen Bundes.\",\"breadcrumb\":{\"@id\":\"https:\/\/www.ewigerbund.org\/film\/des-kaisers-kleine-leute-wie-lebten-unsere-grosseltern\/#breadcrumb\"},\"inLanguage\":\"de\",\"potentialAction\":[{\"@type\":\"ReadAction\",\"target\":[\"https:\/\/www.ewigerbund.org\/film\/des-kaisers-kleine-leute-wie-lebten-unsere-grosseltern\/\"]}]},{\"@type\":\"ImageObject\",\"inLanguage\":\"de\",\"@id\":\"https:\/\/www.ewigerbund.org\/film\/des-kaisers-kleine-leute-wie-lebten-unsere-grosseltern\/#primaryimage\",\"url\":\"https:\/\/www.ewigerbund.org\/film\/wp-content\/uploads\/sites\/38\/2023\/03\/EB-Mediathek-Film-Des_Kaisers_kleine_Leute.jpg\",\"contentUrl\":\"https:\/\/www.ewigerbund.org\/film\/wp-content\/uploads\/sites\/38\/2023\/03\/EB-Mediathek-Film-Des_Kaisers_kleine_Leute.jpg\",\"width\":1748,\"height\":994},{\"@type\":\"BreadcrumbList\",\"@id\":\"https:\/\/www.ewigerbund.org\/film\/des-kaisers-kleine-leute-wie-lebten-unsere-grosseltern\/#breadcrumb\",\"itemListElement\":[{\"@type\":\"ListItem\",\"position\":1,\"name\":\"Startseite\",\"item\":\"https:\/\/www.ewigerbund.org\/film\/\"},{\"@type\":\"ListItem\",\"position\":2,\"name\":\"Des Kaisers Kleine Leute \u2013 Wie lebten unsere Gro\u00dfeltern?\"}]},{\"@type\":\"WebSite\",\"@id\":\"https:\/\/www.ewigerbund.org\/film\/#website\",\"url\":\"https:\/\/www.ewigerbund.org\/film\/\",\"name\":\"Mediathek.\",\"description\":\"Verfassungsb\u00fcndnis der deutschen Einzelstaaten.\",\"publisher\":{\"@id\":\"https:\/\/www.ewigerbund.org\/film\/#organization\"},\"potentialAction\":[{\"@type\":\"SearchAction\",\"target\":{\"@type\":\"EntryPoint\",\"urlTemplate\":\"https:\/\/www.ewigerbund.org\/film\/?s={search_term_string}\"},\"query-input\":\"required name=search_term_string\"}],\"inLanguage\":\"de\"},{\"@type\":\"Organization\",\"@id\":\"https:\/\/www.ewigerbund.org\/film\/#organization\",\"name\":\"Mediathek.\",\"url\":\"https:\/\/www.ewigerbund.org\/film\/\",\"logo\":{\"@type\":\"ImageObject\",\"inLanguage\":\"de\",\"@id\":\"https:\/\/www.ewigerbund.org\/film\/#\/schema\/logo\/image\/\",\"url\":\"https:\/\/www.ewigerbund.org\/film\/wp-content\/uploads\/sites\/38\/2022\/11\/2022-09-20-Logo-EB_Schutzzone_V4_Transparent.png\",\"contentUrl\":\"https:\/\/www.ewigerbund.org\/film\/wp-content\/uploads\/sites\/38\/2022\/11\/2022-09-20-Logo-EB_Schutzzone_V4_Transparent.png\",\"width\":2000,\"height\":1982,\"caption\":\"Mediathek.\"},\"image\":{\"@id\":\"https:\/\/www.ewigerbund.org\/film\/#\/schema\/logo\/image\/\"}},{\"@type\":\"Person\",\"@id\":\"\",\"url\":\"https:\/\/www.ewigerbund.org\/film\/author\/\"}]}<\/script>\n<!-- \/ Yoast SEO plugin. -->","yoast_head_json":{"title":"Des Kaisers Kleine Leute \u2013 Wie lebten unsere Gro\u00dfeltern? | Mediathek.","description":"Historische Filme und Dokumentationen in der Videothek des Ewigen Bundes.","robots":{"index":"index","follow":"follow","max-snippet":"max-snippet:-1","max-image-preview":"max-image-preview:large","max-video-preview":"max-video-preview:-1"},"canonical":"https:\/\/www.ewigerbund.org\/film\/des-kaisers-kleine-leute-wie-lebten-unsere-grosseltern\/","og_locale":"de_DE","og_type":"article","og_title":"Des Kaisers Kleine Leute \u2013 Wie lebten unsere Gro\u00dfeltern?","og_description":"Historische Filme und Dokumentationen in der Videothek des Ewigen Bundes.","og_url":"https:\/\/www.ewigerbund.org\/film\/des-kaisers-kleine-leute-wie-lebten-unsere-grosseltern\/","og_site_name":"Mediathek.","article_published_time":"2022-05-24T08:33:27+00:00","article_modified_time":"2024-09-13T15:59:04+00:00","og_image":[{"width":750,"height":348,"url":"https:\/\/www.ewigerbund.org\/film\/wp-content\/uploads\/sites\/38\/2023\/03\/EB-Mediathek-Film-Des_Kaisers_kleine_Leute_v.jpg","type":"image\/jpeg"}],"twitter_card":"summary_large_image","twitter_title":"Des Kaisers Kleine Leute \u2013 Wie lebten unsere Gro\u00dfeltern?","twitter_description":"Historische Filme und Dokumentationen in der Videothek des Ewigen Bundes.","twitter_image":"https:\/\/www.ewigerbund.org\/film\/wp-content\/uploads\/sites\/38\/2023\/03\/EB-Mediathek-Film-Des_Kaisers_kleine_Leute_v.jpg","twitter_misc":{"Verfasst von":"","Gesch\u00e4tzte Lesezeit":"1\u00a0Minute"},"schema":{"@context":"https:\/\/schema.org","@graph":[{"@type":"Article","@id":"https:\/\/www.ewigerbund.org\/film\/des-kaisers-kleine-leute-wie-lebten-unsere-grosseltern\/#article","isPartOf":{"@id":"https:\/\/www.ewigerbund.org\/film\/des-kaisers-kleine-leute-wie-lebten-unsere-grosseltern\/"},"author":{"name":"","@id":""},"headline":"Des Kaisers Kleine Leute \u2013 Wie lebten unsere Gro\u00dfeltern?","datePublished":"2022-05-24T08:33:27+00:00","dateModified":"2024-09-13T15:59:04+00:00","mainEntityOfPage":{"@id":"https:\/\/www.ewigerbund.org\/film\/des-kaisers-kleine-leute-wie-lebten-unsere-grosseltern\/"},"wordCount":107,"publisher":{"@id":"https:\/\/www.ewigerbund.org\/film\/#organization"},"image":{"@id":"https:\/\/www.ewigerbund.org\/film\/des-kaisers-kleine-leute-wie-lebten-unsere-grosseltern\/#primaryimage"},"thumbnailUrl":"https:\/\/www.ewigerbund.org\/film\/wp-content\/uploads\/sites\/38\/2023\/03\/EB-Mediathek-Film-Des_Kaisers_kleine_Leute.jpg","articleSection":["Dokumetarfilme","Historische Filme"],"inLanguage":"de"},{"@type":"WebPage","@id":"https:\/\/www.ewigerbund.org\/film\/des-kaisers-kleine-leute-wie-lebten-unsere-grosseltern\/","url":"https:\/\/www.ewigerbund.org\/film\/des-kaisers-kleine-leute-wie-lebten-unsere-grosseltern\/","name":"Des Kaisers Kleine Leute \u2013 Wie lebten unsere Gro\u00dfeltern? | Mediathek.","isPartOf":{"@id":"https:\/\/www.ewigerbund.org\/film\/#website"},"primaryImageOfPage":{"@id":"https:\/\/www.ewigerbund.org\/film\/des-kaisers-kleine-leute-wie-lebten-unsere-grosseltern\/#primaryimage"},"image":{"@id":"https:\/\/www.ewigerbund.org\/film\/des-kaisers-kleine-leute-wie-lebten-unsere-grosseltern\/#primaryimage"},"thumbnailUrl":"https:\/\/www.ewigerbund.org\/film\/wp-content\/uploads\/sites\/38\/2023\/03\/EB-Mediathek-Film-Des_Kaisers_kleine_Leute.jpg","datePublished":"2022-05-24T08:33:27+00:00","dateModified":"2024-09-13T15:59:04+00:00","description":"Historische Filme und Dokumentationen in der Videothek des Ewigen Bundes.","breadcrumb":{"@id":"https:\/\/www.ewigerbund.org\/film\/des-kaisers-kleine-leute-wie-lebten-unsere-grosseltern\/#breadcrumb"},"inLanguage":"de","potentialAction":[{"@type":"ReadAction","target":["https:\/\/www.ewigerbund.org\/film\/des-kaisers-kleine-leute-wie-lebten-unsere-grosseltern\/"]}]},{"@type":"ImageObject","inLanguage":"de","@id":"https:\/\/www.ewigerbund.org\/film\/des-kaisers-kleine-leute-wie-lebten-unsere-grosseltern\/#primaryimage","url":"https:\/\/www.ewigerbund.org\/film\/wp-content\/uploads\/sites\/38\/2023\/03\/EB-Mediathek-Film-Des_Kaisers_kleine_Leute.jpg","contentUrl":"https:\/\/www.ewigerbund.org\/film\/wp-content\/uploads\/sites\/38\/2023\/03\/EB-Mediathek-Film-Des_Kaisers_kleine_Leute.jpg","width":1748,"height":994},{"@type":"BreadcrumbList","@id":"https:\/\/www.ewigerbund.org\/film\/des-kaisers-kleine-leute-wie-lebten-unsere-grosseltern\/#breadcrumb","itemListElement":[{"@type":"ListItem","position":1,"name":"Startseite","item":"https:\/\/www.ewigerbund.org\/film\/"},{"@type":"ListItem","position":2,"name":"Des Kaisers Kleine Leute \u2013 Wie lebten unsere Gro\u00dfeltern?"}]},{"@type":"WebSite","@id":"https:\/\/www.ewigerbund.org\/film\/#website","url":"https:\/\/www.ewigerbund.org\/film\/","name":"Mediathek.","description":"Verfassungsb\u00fcndnis der deutschen Einzelstaaten.","publisher":{"@id":"https:\/\/www.ewigerbund.org\/film\/#organization"},"potentialAction":[{"@type":"SearchAction","target":{"@type":"EntryPoint","urlTemplate":"https:\/\/www.ewigerbund.org\/film\/?s={search_term_string}"},"query-input":"required name=search_term_string"}],"inLanguage":"de"},{"@type":"Organization","@id":"https:\/\/www.ewigerbund.org\/film\/#organization","name":"Mediathek.","url":"https:\/\/www.ewigerbund.org\/film\/","logo":{"@type":"ImageObject","inLanguage":"de","@id":"https:\/\/www.ewigerbund.org\/film\/#\/schema\/logo\/image\/","url":"https:\/\/www.ewigerbund.org\/film\/wp-content\/uploads\/sites\/38\/2022\/11\/2022-09-20-Logo-EB_Schutzzone_V4_Transparent.png","contentUrl":"https:\/\/www.ewigerbund.org\/film\/wp-content\/uploads\/sites\/38\/2022\/11\/2022-09-20-Logo-EB_Schutzzone_V4_Transparent.png","width":2000,"height":1982,"caption":"Mediathek."},"image":{"@id":"https:\/\/www.ewigerbund.org\/film\/#\/schema\/logo\/image\/"}},{"@type":"Person","@id":"","url":"https:\/\/www.ewigerbund.org\/film\/author\/"}]}},"_links":{"self":[{"href":"https:\/\/www.ewigerbund.org\/film\/wp-json\/wp\/v2\/posts\/1245","targetHints":{"allow":["GET"]}}],"collection":[{"href":"https:\/\/www.ewigerbund.org\/film\/wp-json\/wp\/v2\/posts"}],"about":[{"href":"https:\/\/www.ewigerbund.org\/film\/wp-json\/wp\/v2\/types\/post"}],"author":[{"embeddable":true,"href":"https:\/\/www.ewigerbund.org\/film\/wp-json\/wp\/v2\/users\/16"}],"replies":[{"embeddable":true,"href":"https:\/\/www.ewigerbund.org\/film\/wp-json\/wp\/v2\/comments?post=1245"}],"version-history":[{"count":2,"href":"https:\/\/www.ewigerbund.org\/film\/wp-json\/wp\/v2\/posts\/1245\/revisions"}],"predecessor-version":[{"id":2909,"href":"https:\/\/www.ewigerbund.org\/film\/wp-json\/wp\/v2\/posts\/1245\/revisions\/2909"}],"wp:featuredmedia":[{"embeddable":true,"href":"https:\/\/www.ewigerbund.org\/film\/wp-json\/wp\/v2\/media\/2834"}],"wp:attachment":[{"href":"https:\/\/www.ewigerbund.org\/film\/wp-json\/wp\/v2\/media?parent=1245"}],"wp:term":[{"taxonomy":"category","embeddable":true,"href":"https:\/\/www.ewigerbund.org\/film\/wp-json\/wp\/v2\/categories?post=1245"},{"taxonomy":"post_tag","embeddable":true,"href":"https:\/\/www.ewigerbund.org\/film\/wp-json\/wp\/v2\/tags?post=1245"}],"curies":[{"name":"wp","href":"https:\/\/api.w.org\/{rel}","templated":true}]}}