{"id":1102,"date":"2022-05-19T17:20:45","date_gmt":"2022-05-19T15:20:45","guid":{"rendered":"https:\/\/www.ewigerbund.org\/video\/?p=1102"},"modified":"2023-03-09T20:58:33","modified_gmt":"2023-03-09T19:58:33","slug":"an-die-deutsche-nation","status":"publish","type":"post","link":"https:\/\/www.ewigerbund.org\/film\/an-die-deutsche-nation\/","title":{"rendered":"An die deutsche Nation."},"content":{"rendered":"\n<p>Die Unterzeichner in ihrer Eigenschaft als gesetzliche Deutsche<sup><a href=\"#01\">1<\/a><\/sup> erkl\u00e4ren an unsere deutschen Br\u00fcder und Schwestern, was wir gepr\u00fcft haben und f\u00fcr wahr erkennen:<\/p>\n\n\n\n<div style=\"height:20px\" aria-hidden=\"true\" class=\"wp-block-spacer\"><\/div>\n\n\n\n<figure class=\"wp-block-embed is-type-video is-provider-vimeo wp-block-embed-vimeo wp-embed-aspect-16-9 wp-has-aspect-ratio\"><div class=\"wp-block-embed__wrapper\">\n<iframe loading=\"lazy\" src=\"https:\/\/player.vimeo.com\/video\/482017592?h=f49a2bd2c2&amp;dnt=1&amp;app_id=122963\" width=\"500\" height=\"281\" frameborder=\"0\" allow=\"autoplay; fullscreen; picture-in-picture; clipboard-write\"><\/iframe>\n<\/div><\/figure>\n\n\n\n<div style=\"height:40px\" aria-hidden=\"true\" class=\"wp-block-spacer\"><\/div>\n\n\n\n<p><strong>Handlungsunf\u00e4higer Staat.<\/strong><br>Der deutsche Staat ist mangels verfassungsm\u00e4\u00dfiger Organe seit November 1918 handlungsunf\u00e4hig<sup><a href=\"#02\">2<\/a><\/sup>. Der Gesamtstaat, verfasster Bundesstaat<sup><a href=\"#03\">3<\/a><\/sup> und anerkanntes V\u00f6lkerrechtssubjekt<sup><a href=\"#00\">2<\/a>, <a href=\"#04\">4<\/a><\/sup>, ist das Deutsche Reich mit seiner Verfassung vom 16. April 1871 im Gebietsstand vom 27. Juli 1914 und Rechtsstand vom 27. Oktober 1918.<\/p>\n\n\n\n<p><strong>Stillstand der Rechtspflege und Verlust der Handlungsf\u00e4higkeit.<\/strong><br>Im Zuge der sog. Novemberrevolution 1918 kam durch gewaltsamen Umsturz<sup><a href=\"#16\">16<\/a><\/sup> der Staatsgewalt die Rechtspflege zum Erliegen. Die staatliche Handlungsf\u00e4higkeit ging mit verfassungswidriger Beseitigung der K\u00f6nige und F\u00fcrsten der Bundesstaaten des Deutschen Reiches und durch Exilierung des deutschen Staatsoberhauptes<sup><a href=\"#17\">17<\/a><\/sup> verloren. Letzter g\u00fcltiger Rechtsstand im Deutschen Reich ist der 27. Oktober 1918, 24 Uhr<sup><a href=\"#18\">18<\/a><\/sup>. Alle nach diesem Zeitpunkt ergangenen Verfassungen, Gesetze, Verordnungen, Vertr\u00e4ge und Vereinbarungen sind illegal und besitzen f\u00fcr gesetzliche Deutsche keine Rechtsg\u00fcltigkeit.<\/p>\n\n\n\n<p><strong>Andauernder Kriegszustand.<br><\/strong>Der am 31. Juli 1914 erkl\u00e4rte Kriegszustand<sup><a href=\"#05\">5<\/a><\/sup> gem\u00e4\u00df Artikel 68 der Reichsverfassung<sup><a href=\"#06\">6<\/a><\/sup> wurde zu keiner Zeit auf dem verfassungsm\u00e4\u00dfigem Weg legitim<sup><a href=\"#07\">7<\/a><\/sup> wieder aufgehoben. Der erste Weltkrieg wurde nie beendet<sup><a href=\"#08\">8<\/a><\/sup> und das handlungsunf\u00e4hige Deutsche Reich befindet sich daher bis auf den heutigen Tag im Kriegszustand.<\/p>\n\n\n\n<p><strong>Andauernder Belagerungszustand.<br><\/strong>Die Erkl\u00e4rung des Kriegszustandes zieht gem\u00e4\u00df Artikel 68 der Reichsverfassung das preu\u00dfische Gesetz \u00fcber den Belagerungszustand<sup><a href=\"#09\">9<\/a><\/sup> nach sich. Dadurch wurde im Deutschen Reich eine Milit\u00e4rverwaltung<sup><a href=\"#10\">10<\/a><\/sup> eingerichtet. Die Zivilverwaltungs- und Gemeindebeh\u00f6rden der Bundesstaaten<sup><a href=\"#11\">11<\/a><\/sup> wie auch das Milit\u00e4r stehen unter dem Oberbefehl<sup><a href=\"#12\">12<\/a><\/sup> des deutschen Kaisers. Auf Grund des Belagerungszustandes sind u.a. folgende Artikel der Landesverfassungen au\u00dfer Kraft gesetzt<sup><a href=\"#13\">13<\/a><\/sup>: Freiheit der Person, Unverletzlichkeit der Wohnung, Meinungsfreiheit, Sondergerichte, Sonderstrafrecht. Auf Grund des Belagerungszustandes sind zudem zahlreiche Sonderregelungen erlassen, wie das K\u00fcndigungsverbot von Wohnungen<sup><a href=\"#14\">14<\/a><\/sup> oder das Verbot des Waffentragens und -verkaufs<sup><a href=\"#15\">15<\/a><\/sup>. Der Belagerungszustand wird durch Beendigung des Kriegszustandes<sup><a href=\"#05\">5<\/a><\/sup> aufgehoben, er ist noch in Kraft und deshalb befindet sich das Deutsche Reich bis zum heutigen Tag im Belagerungszustand.<\/p>\n\n\n\n<p><strong>Rechtm\u00e4\u00dfiges deutsches Staatsoberhaupt.<br><\/strong>Verfassungsm\u00e4\u00dfiges Staatsoberhaupt, v\u00f6lkerrechtlicher Vertreter aller Deutschen und Oberbefehlshaber \u00fcber das im Kriegszustand befindliche Deutsche Reich ist das Pr\u00e4sidium des Bundes mit dem Namen deutscher Kaiser<sup><a href=\"#07\">7<\/a><\/sup>. Dieses Amt steht rechtm\u00e4\u00dfig Seiner K\u00f6niglichen Hoheit Georg Friedrich von Preu\u00dfen als Chef des Hauses Hohenzollern zu<sup><a href=\"#19\">19<\/a><\/sup>. Allein der deutsche Kaiser ist zur Beendigung des Kriegs- und Belagerungszustandes berechtigt<sup><a href=\"#07\">7<\/a><\/sup>: Nur der deutsche Kaiser kann den Frieden erkl\u00e4ren.<\/p>\n\n\n\n<p><strong>Pa\u00dfersatz als Aufenthaltsberechtigung.<\/strong><br>Zeitgleich mit der Erkl\u00e4rung des Kriegszustandes wurde die Pa\u00dfpflicht eingef\u00fchrt<sup><a href=\"#20\">20<\/a><\/sup>. Zur Einreise in das und zum Aufenthalt im Reichsgebiet wird seit dem 1. Juni 1917<sup><a href=\"#21\">21<\/a><\/sup> nur noch der Personalausweis als Pa\u00dfersatz<sup><a href=\"#22\">22<\/a><\/sup> ausgestellt. Nur dieses Dokument berechtigt zum Aufenthalt im Deutschen Reich; Personen ohne g\u00fcltigen Personalausweis sind Ausl\u00e4nder und unterliegen besonderen Rechtsvorschriften<sup><a href=\"#23\">23<\/a><\/sup>. Die rechtm\u00e4\u00dfigen Erben der K\u00f6nige und F\u00fcrsten der Bundesstaaten des Deutschen Reiches sind berechtigt<sup><a href=\"#21\">21<\/a><\/sup> und verpflichtet<sup><a href=\"#24\">24<\/a><\/sup>, Deutschen g\u00fcltige Personalausweise als Pa\u00dfersatz auszustellen.<\/p>\n\n\n\n<p><strong>Ziviler Hilfsdienst als Ordnungsmacht.<br><\/strong>Zur Aufrechterhaltung der Ordnung und Linderung der Not wurde 1916 <a href=\"https:\/\/www.ewigerbund.org\/vaterlaendischer-hilfsdienst\/\" target=\"_blank\" rel=\"noreferrer noopener\">der Vaterl\u00e4ndische Hilfsdienst<\/a><sup><a href=\"#25\">25<\/a><\/sup> als zivile Institution gesetzlich eingerichtet. Alle deutschen M\u00e4nner zwischen 17 und 59 Jahren sind f\u00fcr die Dauer des Krieges zum Hilfsdienst unter dem Oberbefehl des deutschen Kaisers verpflichtet<sup><a href=\"#26\">26<\/a><\/sup>. Der Hilfsdienst ist legitimes Mittel zur Aus\u00fcbung der Staatsgewalt und damit zivile Ordnungsmacht im Kriegszustand<sup><a href=\"#27\">27<\/a><\/sup>.<\/p>\n\n\n\n<p><strong>Wiederherstellung staatlicher Handlungsf\u00e4higkeit<\/strong><\/p>\n\n\n\n<p>Die Handlungsunf\u00e4higkeit des deutschen Staates resultiert aus gesetzwidrigem Verhalten seit der sog. Novemberrevolution 1918. Die Wiederherstellung der Handlungsf\u00e4higkeit und die Wiedererlangung v\u00f6lkerrechtlicher Souver\u00e4nit\u00e4t kann daher nur durch die R\u00fcckkehr zu Recht und Gesetz im letzten g\u00fcltigen Rechtsstand vom 27. Oktober 1918 erreicht werden:<\/p>\n\n\n\n<p>Gesetzliche Deutsche sind als Reichsangeh\u00f6rige<sup><a href=\"#28\">28<\/a><\/sup> dem deutschen Kaiser, der Reichsverfassung und den Reichsgesetzen auf der einen und als Staatsangeh\u00f6rige<sup><a href=\"#24\">24<\/a><\/sup> eines Bundesstaates dem Landesherren, der Landesverfassung und den Landesgesetzen ihres Wohnsitzes auf der anderen Seite zu Treue und Gehorsam verpflichtet.<\/p>\n\n\n\n<p>Die rechtm\u00e4\u00dfigen Erben der regierenden K\u00f6nige und F\u00fcrsten der deutschen Bundesstaaten sind als Tr\u00e4ger der Staatsgewalt<sup><a href=\"#29\">29<\/a><\/sup> wieder einzusetzen. Vereint zum Bundesrat sind sie Tr\u00e4ger der Reichsgewalt<sup><a href=\"#30\">30<\/a><\/sup>.<\/p>\n\n\n\n<p>Deutsche M\u00e4nner zwischen 17 und 59 Jahren sind gesetzlich verpflichtet, sich zum <a href=\"https:\/\/www.ewigerbund.org\/vaterlaendischer-hilfsdienst\/\" target=\"_blank\" rel=\"noreferrer noopener\">Vaterl\u00e4ndischen Hilfsdienst<\/a> zu melden<sup><a href=\"#31\">31<\/a><\/sup>. In Gemeinden mit mehr als 2.000 Einwohnern sind dazu Meldestellen einzurichten<sup><a href=\"#32\">32<\/a><\/sup> und unter den Befehl des Kaisers zu stellen um die \u00f6ffentliche Ordnung&nbsp;herzustellen und K\u00f6nige und F\u00fcrsten als Tr\u00e4ger der Staatsgewalt zu sch\u00fctzen. Das Wohl der Deutschen h\u00e4ngt am Wohl ihrer F\u00fcrsten!<\/p>\n\n\n\n<p>Mittels des <a href=\"https:\/\/www.hilfsdienst.net\/\" target=\"_blank\" rel=\"noreferrer noopener\">Vaterl\u00e4ndischen Hilfsdienstes<\/a> k\u00f6nnen alle Verwaltungsebenen im Reich besetzt und organisiert werden. Auf diese Weise werden sowohl direkt in den Gemeinden mit Hilfsdienstmeldestellen als auch bei den K\u00f6nigen und F\u00fcrsten Pa\u00dfbeh\u00f6rden zur Ausstellung g\u00fcltiger Personalausweise eingerichtet werden. Zur Ausstellung eines g\u00fcltigen Personalausweises ist der Nachweis des Besitzes der Staatsangeh\u00f6rigkeit in einem Bundesstaat zu erbringen. Personen ohne g\u00fcltigen Personalausweis sind gem\u00e4\u00df den daf\u00fcr g\u00fcltigen Rechtsvorschriften als Ausl\u00e4nder zu behandeln. Das Deutsche Reich ist die Heimat der Deutschen!<\/p>\n\n\n\n<hr class=\"wp-block-separator has-text-color has-base-2-color has-css-opacity has-base-2-background-color has-background\"\/>\n\n\n\n<p class=\"has-text-align-center\"><strong>Seine Pflicht erkennen und tun, das ist die Hauptsache.<\/strong> &#8211; Friedrich der Gro\u00dfe<\/p>\n\n\n\n<p class=\"has-text-align-center\">Werde Teil der L\u00f6sung der deutschen Frage<br>und melde dich freiwillig zum Hilfsdienst,<br>f\u00fcr Thron und Reich, f\u00fcr Frieden und Freiheit!<\/p>\n\n\n\n<h2 class=\"has-text-align-center wp-block-heading\"><a href=\"https:\/\/www.hilfsdienst.net\/\" target=\"_blank\" rel=\"noreferrer noopener\">www.hilfsdienst.net<\/a><\/h2>\n\n\n<div class=\"wp-block-image\">\n<figure class=\"aligncenter size-full\"><img loading=\"lazy\" decoding=\"async\" width=\"1024\" height=\"576\" src=\"https:\/\/www.ewigerbund.org\/video\/wp-content\/uploads\/sites\/38\/2022\/05\/kyffhaeuser-zeichner-addn-1024x576-1.jpg\" alt=\"\" class=\"wp-image-1107\" srcset=\"https:\/\/www.ewigerbund.org\/film\/wp-content\/uploads\/sites\/38\/2022\/05\/kyffhaeuser-zeichner-addn-1024x576-1.jpg 1024w, https:\/\/www.ewigerbund.org\/film\/wp-content\/uploads\/sites\/38\/2022\/05\/kyffhaeuser-zeichner-addn-1024x576-1-300x169.jpg 300w, https:\/\/www.ewigerbund.org\/film\/wp-content\/uploads\/sites\/38\/2022\/05\/kyffhaeuser-zeichner-addn-1024x576-1-768x432.jpg 768w\" sizes=\"auto, (max-width: 1024px) 100vw, 1024px\" \/><figcaption class=\"wp-element-caption\">Unterzeichner der Erkl\u00e4rung an die deutsche Nation.<\/figcaption><\/figure><\/div>\n\n\n<h2 class=\"wp-block-heading\">Reaktionen auf das Video \u201eAn die deutsche Nation\u201c<\/h2>\n\n\n\n<p>Eine von vielen Reaktionen auf das Video \u201eAn die deutsche Nation\u201c. Diese Reaktion m\u00f6chten wir gern mit unseren deutschen Br\u00fcdern und Schwestern teilen.<\/p>\n\n\n\n<p>Aus naheliegenden Gr\u00fcnden wird der Verfasser nat\u00fcrlich nicht benannt.<\/p>\n\n\n<div class=\"gb-container gb-container-145b7fc9\"><div class=\"gb-inside-container\">\n\n<p>Es ist ein globaler Endkampf und die Kl\u00e4rung der Deutschen Frage steht im Zentrum dieses Endkampfes.<\/p>\n\n\n\n<p>Fast 102 Jahre Unrecht mit Millionen von Toten! Generationen die von der Verwaltung ausgeraubt werden und denen als dank nicht weniger als &#8222;die Schuld&#8220; aufgeladen wird.<\/p>\n\n\n\n<p>Ehre und Pflichtgef\u00fchl haben die Meisten ohne zu z\u00f6gern gegen Macht und Profit eingetauscht. Freundlichkeit oder gar Menschlichkeit wird den &#8222;Personen&#8220; von klein an abtrainiert.<\/p>\n\n\n\n<p>Wenn ich richtig gez\u00e4hlt habe, dann sehe ich am Ende des Videos 16 M\u00e4nner die gegen nichts auf der Welt Ehre und Pflichtgef\u00fchl eintauschen w\u00fcrden. 16 M\u00e4nner die heute aus dem Hintergrund hervorgetreten sind und Ihre Namen in die \u00d6ffentlichkeit getragen haben. 16 M\u00e4nner deren Leben seit heute nicht mehr so sein wird wie es war. 16 M\u00e4nner die Ihr Leben dem Dienst f\u00fcr Millionen unterordnen. 16 M\u00e4nner die f\u00fcr das Recht von Millionen k\u00e4mpfen. Ich sehe 16 Ritter, denn das ist was Ihr seit!<\/p>\n\n\n\n<p>Ich bin jemand der schon immer f\u00fcr die Schw\u00e4cheren eingetreten ist. Jemand der meistens gegen den Strom schwimmt und jemand der immer Zivilcourage zeigt auch wenn es bedeutet das ich dadurch selber zum Opfer werden k\u00f6nnte.<\/p>\n\n\n\n<p>Und jetzt seit Ihr 16 Ritter diejenigen die f\u00fcr mich und alle Deutschen einstehen. Das kann man nicht hoch genug bewerten und ich sehe zu Euch auf. Ich w\u00fcnschte ich k\u00f6nnte an Eurer Seite stehen. Aber ich habe auch Angst da ich als Vater angreifbar bin. Es zerrei\u00dft mich innerlich, aber ich lerne und lerne jeden Tag und erreiche immer mehr &#8222;Menschen&#8220; mit meinem Wissen. Das hilft.<\/p>\n\n\n\n<p>Meine Familie und ich sind jedem einzelnen von Euch 16 aufrichtigen und ehrbaren Rittern unendlich dankbar! Bitte leitet diese Nachricht an jeden einzelnen von Ihnen weiter.<\/p>\n\n\n\n<p>Heil (Heilung) und Segen f\u00fcr Euch alle!<\/p>\n\n\n<div style=\"padding:57% 0 0 0;position:relative;\"><iframe src=\"https:\/\/player.vimeo.com\/video\/483516903?h=bf9cebd98e&amp;badge=0&amp;autopause=0&amp;player_id=0&amp;app_id=58479\" allow=\"autoplay; fullscreen; picture-in-picture\" allowfullscreen=\"\" style=\"position:absolute;top:0;left:0;width:100%;height:100%;\" frameborder=\"0\"><\/iframe><\/div><script src=\"https:\/\/player.vimeo.com\/api\/player.js\"><\/script>\n\n<\/div><\/div>\n\n\n<hr class=\"wp-block-separator has-text-color has-black-color has-css-opacity has-black-background-color has-background is-style-wide\"\/>\n\n\n\n<hr class=\"wp-block-separator has-text-color has-vivid-red-color has-css-opacity has-vivid-red-background-color has-background is-style-wide\"\/>\n\n\n\n<p>Fu\u00dfnoten mit allen Quellen:<\/p>\n\n\n\n<p><sup><a id=\"01\"><\/a>1<\/sup> \u00a7 1 und \u00a7 4 Abs. 1 <a href=\"https:\/\/www.ewigerbund.org\/indigenat-die-deutschen\/reichs-und-staatsangehoerigkeitsgesetz-vom-22-juli-1913\/\" target=\"_blank\" rel=\"noreferrer noopener\">Reichs- und Staatsangeh\u00f6rigkeitsgesetz<\/a>. Vom 22. Juli 1913 (Reichsgesetzblatt 1913 S. 583). [F\u00fcr sog. Bundesb\u00fcrger \u201eDEUTSCH\u201c: siehe <a href=\"https:\/\/www.gesetze-im-internet.de\/gg\/art_116.html\" target=\"_blank\" rel=\"noreferrer noopener\">Artikel 116 Absatz 1<\/a> des Grundgesetzes f\u00fcr die Bundesrepublik Deutschland und <a href=\"https:\/\/www.gesetze-im-internet.de\/bgbeg\/BJNR006049896.html#BJNR006049896BJNG035900377\" target=\"_blank\" rel=\"noreferrer noopener\">Artikel 50<\/a> Einf\u00fchrungsgesetz zum B\u00fcrgerlichen Gesetzbuch (EGBGB)]<\/p>\n\n\n\n<p><sup><a id=\"02\"><\/a>2<\/sup> Sog. Bundesverfassungsgericht 2 BvF 1\/73 sowie Antwort 18\/5178 der sog. Bundesregierung auf eine Kleine Anfrage der Fraktion Die Linke ((<a href=\"https:\/\/www.bundestag.de\/webarchiv\/Presse\/hib\/2015_06\/380964-380964\" target=\"_blank\" rel=\"noreferrer noopener\">https:\/\/www.bundestag.de\/webarchiv\/Presse\/hib\/2015_06\/380964-380964<\/a>, im Archiv <a href=\"https:\/\/web.archive.org\/web\/20201101053609\/https:\/\/www.bundestag.de\/webarchiv\/Presse\/hib\/2015_06\/380964-380964\" target=\"_blank\" rel=\"noreferrer noopener\">https:\/\/web.archive.org\/web\/20201101053609\/https:\/\/www.bundestag.de\/webarchiv\/Presse\/hib\/2015_06\/380964-380964<\/a> vormals https:\/\/www.bundestag.de\/presse\/hib\/2015_06\/380964-380964)).<\/p>\n\n\n\n<p><sup><a id=\"03\"><\/a>3<\/sup> <a href=\"https:\/\/bismarckserben.org\/aktuelles\/2020-02-05-das-staatsrecht-des-deutschen-reiches-laband\/\" target=\"_blank\" rel=\"noreferrer noopener\">Laband, Das Staatsrecht des Deutschen Reiches<\/a>, 1895, \u00a7 7ff sowie <a href=\"https:\/\/reichsverfassungsurkunde.bismarckserben.org\/seite5.php\" target=\"_blank\" rel=\"noreferrer noopener\">Riedel, Reichsverfassungsurkunde<\/a>, 1871, \u00a7 2 sowie R\u00f6nne\/ Zorn, <a href=\"https:\/\/preussenjournal.net\/2019\/05\/13\/das-staatsrecht-der-preussischen-monarchie-von-roenne\/\" target=\"_blank\" rel=\"noreferrer noopener\">Das Staatsrecht der Preu\u00dfischen Monarchie<\/a>, Band 1, 1898, \u00a7 6 sowie <a href=\"https:\/\/bismarckserben.org\/aktuelles\/2018-10-14-empfehlung-bazille-unsere-reichsverfassung\/\" target=\"_blank\" rel=\"noreferrer noopener\">Bazille, Unsere Reichsverfassung und dt. Landesverfassungen<\/a>, 1906, \u00a76 sowie <a href=\"https:\/\/archive.org\/details\/dasvlkerrecht00liszgoog\" target=\"_blank\" rel=\"noreferrer noopener\">Liszt, Das V\u00f6lkerrecht<\/a>, 1906, \u00a7 6 II.3 und \u00a714 I.3.<\/p>\n\n\n\n<p><sup><a id=\"04\"><\/a>4<\/sup> <a href=\"https:\/\/archive.org\/details\/dasvlkerrecht00liszgoog\" target=\"_blank\" rel=\"noreferrer noopener\">Liszt, Das V\u00f6lkerrecht<\/a>, 1906, \u00a7 6 II.3.<\/p>\n\n\n\n<p><sup><a id=\"05\"><\/a>5<\/sup> <a href=\"https:\/\/commons.wikimedia.org\/wiki\/File:Deutsches_Reichsgesetzblatt_1914_047_263.jpg\" target=\"_blank\" rel=\"noreferrer noopener\">Verordnung, betreffend die Erkl\u00e4rung des Kriegszustandes<\/a>. Vom 31. Juli 1914. (RGBl 1914 S. 263).<\/p>\n\n\n\n<p><sup><a id=\"06\"><\/a>6<\/sup> <a href=\"https:\/\/de.wikisource.org\/wiki\/Verfassung_des_Deutschen_Reiches_(1871)\" target=\"_blank\" rel=\"noreferrer noopener\">Gesetz, betreffend die Verfassung des Deutschen Reichs<\/a>. Vom 16. April 1871. (RGBl 1871 S. 63).<\/p>\n\n\n\n<p><sup><a id=\"07\"><\/a>7<\/sup> <a href=\"https:\/\/reichsverfassungsurkunde.bismarckserben.org\/seite102b.php\" target=\"_blank\" rel=\"noreferrer noopener\">Artikel 11 Reichsverfassung<\/a>.<\/p>\n\n\n\n<p><sup><a id=\"08\"><\/a>8<\/sup> Es liegt weder ein v\u00f6lkerrechtlicher Erwerbstitel (debellatio) noch ein vertraglicher Friedensschluss vor. Vgl. R\u00f6nne, <a href=\"https:\/\/preussenjournal.net\/2019\/05\/13\/das-staatsrecht-der-preussischen-monarchie-von-roenne\/\" target=\"_blank\" rel=\"noreferrer noopener\">Das Staatsrecht der preu\u00dfischen Monarchie<\/a>, Band 1, 1898, \u00a7 15.<\/p>\n\n\n\n<p><sup><a id=\"09\"><\/a>9<\/sup> <a href=\"https:\/\/www.ewigerbund.org\/belagerungszustand\/gesetz-ueber-den-belagerungszustand\/\" target=\"_blank\" rel=\"noreferrer noopener\">Gesetz \u00fcber den Belagerungszustand<\/a>. Vom 4. Juni 1851. Preu\u00dfische Gesetz-Sammlung f\u00fcr 1851 S. 451 ff.<\/p>\n\n\n\n<p><sup><a id=\"10\"><\/a>10<\/sup> \u00a7 4 des preu\u00dfischen <a href=\"https:\/\/www.ewigerbund.org\/belagerungszustand\/gesetz-ueber-den-belagerungszustand\/\" target=\"_blank\" rel=\"noreferrer noopener\">Gesetzes \u00fcber den Belagerungszustand<\/a> vom 4. Juni 1851 und <a href=\"https:\/\/de.wikisource.org\/wiki\/Gesetz,_betreffend_Aenderungen_des_Reichs-Milit%C3%A4rgesetzes._Vom_25._M%C3%A4rz_1899\" target=\"_blank\" rel=\"noreferrer noopener\">Gesetz, betreffend Aenderungen des Reichs-Milit\u00e4rgesetzes<\/a>. Vom 25. M\u00e4rz 1899. (RGBl 1899, S. 215).<\/p>\n\n\n\n<p><sup><a id=\"11\"><\/a>11<\/sup> Ausnahme besteht f\u00fcr Bayern, wo Staatsministerien nur teilweise dem Befehl des Kaisers unterstehen.<\/p>\n\n\n\n<p><sup><a id=\"12\"><\/a>12<\/sup> <a href=\"https:\/\/reichsverfassungsurkunde.bismarckserben.org\/seite147.php\" target=\"_blank\" rel=\"noreferrer noopener\">Artikel 63 Reichsverfassung<\/a>.<\/p>\n\n\n\n<p><sup><a id=\"13\"><\/a>13<\/sup> \u00a7 5 des preu\u00dfischen <a href=\"https:\/\/www.ewigerbund.org\/belagerungszustand\/gesetz-ueber-den-belagerungszustand\/\" target=\"_blank\" rel=\"noreferrer noopener\">Gesetzes \u00fcber den Belagerungszustand<\/a> vom 4. Juni 1851 iVm Verf. f\u00fcr den Preu\u00df. Staat vom 31. Januar 1850 und iVm entsprechenden Anordnungen der stellv. Generalkommandos.<\/p>\n\n\n\n<p><sup><a id=\"14\"><\/a>14<\/sup> u.a. <a href=\"https:\/\/armeekorps.ewigerbund.org\/IX-Armeekorps\/1918_1113.html\" target=\"_blank\" rel=\"noreferrer noopener\">Regierungs-Blatt Mecklenburg-Schwerin 1918 S. 1113<\/a>.<\/p>\n\n\n\n<p><sup><a id=\"15\"><\/a>15<\/sup> u.a. <a href=\"https:\/\/armeekorps.ewigerbund.org\/IX-Armeekorps\/1918_113.html\" target=\"_blank\" rel=\"noreferrer noopener\">Regierungs-Blatt Mecklenburg-Schwerin 1918 S. 113<\/a>.<\/p>\n\n\n\n<p><sup><a id=\"16\"><\/a>16<\/sup> Ausrufung der Republik ohne Mandat durch Philipp Scheidemann (SPD) am 9. November 1918.<\/p>\n\n\n\n<p><sup><a id=\"17\"><\/a>17<\/sup> Eigenm\u00e4chtige Erkl\u00e4rung der Abdankung des Kaisers durch Reichskanzler Max von Baden am 9. November 1918. Der sog. Abdankungsurkunde mangelt es an der f\u00fcr einen g\u00fcltigen Regierungsakt erforderlichen Kontrasignatur gem. <a href=\"http:\/\/www.documentarchiv.de\/nzjh\/verfpr1850.html\" target=\"_blank\" rel=\"noreferrer noopener\">Art. 44 der Verf. f\u00fcr den Preu\u00df. Staat<\/a> vom 31. Januar 1850.<\/p>\n\n\n\n<p><sup><a id=\"18\"><\/a>18<\/sup> Das <a href=\"https:\/\/commons.wikimedia.org\/wiki\/File:Deutsches_Reichsgesetzblatt_1918_144_1274.png\" target=\"_blank\" rel=\"noreferrer noopener\">Gesetz, betreffend die \u00c4nderung der Reichsverfassung<\/a> vom 28. Oktober 1918 erlangte keine G\u00fcltigkeit mehr. Es wurde am 28. Oktober 1918 im Reichsgesetzblatt publiziert, aber gem\u00e4\u00df <a href=\"https:\/\/reichsverfassungsurkunde.bismarckserben.org\/seite81.php\" target=\"_blank\" rel=\"noreferrer noopener\">Artikel 2 der Reichsverfassung<\/a> h\u00e4tte es erst am 11. November 1918 in Kraft treten k\u00f6nnen. Zu diesem Zeitpunkt war die Rechtspflege bereits zum Stillstand gekommen.<\/p>\n\n\n\n<p><sup><a id=\"19\"><\/a>19<\/sup> <a href=\"http:\/\/www.documentarchiv.de\/nzjh\/verfpr1850.html\" target=\"_blank\" rel=\"noreferrer noopener\">Artikel 53 der Verf. f\u00fcr den Preu\u00df. Staat<\/a> vom 31. Januar 1850. Vgl. R\u00f6nne, <a href=\"https:\/\/preussenjournal.net\/2019\/05\/13\/das-staatsrecht-der-preussischen-monarchie-von-roenne\/\" target=\"_blank\" rel=\"noreferrer noopener\">Das Staatsrecht der Preu\u00dfischen Monarchie<\/a>, Band 1, 1898, \u00a7 12 ff.<\/p>\n\n\n\n<p><sup><a id=\"20\"><\/a>20<\/sup> <a href=\"https:\/\/commons.wikimedia.org\/wiki\/File:Deutsches_Reichsgesetzblatt_1914_047_264.png\" target=\"_blank\" rel=\"noreferrer noopener\">Verordnung, betreffend die vor\u00fcbergehende Einf\u00fchrung der Pa\u00dfpflicht<\/a>. Vom 31. Juli 1914. (RGBl 1914 S. 264).<\/p>\n\n\n\n<p><sup><a id=\"21\"><\/a>21<\/sup> Anordnungen der stellv. Generalkommandos, siehe u.a. <a href=\"https:\/\/armeekorps.ewigerbund.org\/IX-Armeekorps\/1917_617.html\" target=\"_blank\" rel=\"noreferrer noopener\">Bekanntmachung, betreffend Pa\u00dfersatz<\/a>, Regierungs-Blatt Mecklenburg-Schwerin 1917 S. 617.<\/p>\n\n\n\n<p><sup><a id=\"22\"><\/a>22<\/sup> <a href=\"https:\/\/commons.wikimedia.org\/wiki\/File:Deutsches_Reichsgesetzblatt_1916_143_0599.png\" target=\"_blank\" rel=\"noreferrer noopener\">Verordnung, betreffend anderweitige Regelung der Pa\u00dfpflicht<\/a>. Vom 21. Juni 1916. (RGBl 1916 Seite 599 ff) sowie <a href=\"https:\/\/commons.wikimedia.org\/wiki\/File:Deutsches_Reichsgesetzblatt_1916_143_0601.png\" target=\"_blank\" rel=\"noreferrer noopener\">Bekanntmachung, betreffend Ausf\u00fchrungsvorschriften zu der Pa\u00dfverordnung<\/a>. Vom 24. Juni 1916. (RGBl 1916 S. 601 ff).<\/p>\n\n\n\n<p><sup><a id=\"23\"><\/a>23<\/sup> u.a. <a href=\"https:\/\/armeekorps.ewigerbund.org\/IX-Armeekorps\/1915_499.html\" target=\"_blank\" rel=\"noreferrer noopener\">Anmeldepflicht f\u00fcr Ausl\u00e4nder<\/a> im Regierungsblatt Mecklenburg-Schwerin 1915 Seite 499. u.a. Verordnung des stellv. Generalkommandos \u00fcber n\u00e4chtliche <a href=\"https:\/\/armeekorps.ewigerbund.org\/IX-Armeekorps\/1915_499.html\" target=\"_blank\" rel=\"noreferrer noopener\">Ausgangsgangsperre f\u00fcr Ausl\u00e4nder<\/a> von 20 Uhr bis 7 Uhr im Regierungsblatt Mecklenburg-Schwerin 1915 S. 501.<\/p>\n\n\n\n<p><sup><a id=\"24\"><\/a>24<\/sup> vgl. Landesverfassungen der deutschen Bundesstaaten im Rechtsstand 27. Oktober 1918.<\/p>\n\n\n\n<p><sup><a id=\"25\"><\/a>25<\/sup> <a href=\"https:\/\/commons.wikimedia.org\/wiki\/File:Deutsches_Reichsgesetzblatt_1916_276_1333.png\" target=\"_blank\" rel=\"noreferrer noopener\">Gesetz \u00fcber den vaterl\u00e4ndischen Hilfsdienst<\/a>. Vom 5. Dezember 1916. (RGBl 1916 S. 1333 ff.)<\/p>\n\n\n\n<p><sup><a id=\"26\"><\/a>26<\/sup> siehe \u00a71 der Fu\u00dfnote 25<\/p>\n\n\n\n<p><sup><a id=\"27\"><\/a>27<\/sup> siehe u.a. Punkt C 1. der \u201e<a href=\"https:\/\/armeekorps.ewigerbund.org\/IX-Armeekorps\/1917_808.html\" target=\"_blank\" rel=\"noreferrer noopener\">Bekanntmachung, betreffend das Recht zum Waffengebrauch<\/a>\u201c des stellv. Generalkommandos. Vom 20. Juni 1917. (u.a. Regierungsblatt Mecklenburg-Schwerin 1917 S. 808)<\/p>\n\n\n\n<p><sup><a id=\"28\"><\/a>28<\/sup> <a href=\"https:\/\/reichsverfassungsurkunde.bismarckserben.org\/seite84.php\" target=\"_blank\" rel=\"noreferrer noopener\">Artikel 3<\/a> und <a href=\"https:\/\/reichsverfassungsurkunde.bismarckserben.org\/seite140.php\" target=\"_blank\" rel=\"noreferrer noopener\">Artikel 57<\/a> der Reichsverfassung iVm <a href=\"https:\/\/www.ewigerbund.org\/indigenat-die-deutschen\/reichs-und-staatsangehoerigkeitsgesetz-vom-22-juli-1913\/\" target=\"_blank\" rel=\"noreferrer noopener\">Reichs- und Staatsangeh\u00f6rigkeitsgesetz vom 22. Juli 1913<\/a>. Vgl. <a href=\"https:\/\/reichsverfassungsurkunde.bismarckserben.org\/seite84.php\" target=\"_blank\" rel=\"noreferrer noopener\">Riedel, Reichsverfassungsurkunde, 1871, S. 84 ff<\/a>.<\/p>\n\n\n\n<p><sup><a id=\"29\"><\/a>29<\/sup> vgl. Landesverfassungen der deutschen Bundesstaaten, exemplarisch <a href=\"http:\/\/www.documentarchiv.de\/nzjh\/verfpr1850.html\" target=\"_blank\" rel=\"noreferrer noopener\">Artikel 45 der Verf. f\u00fcr den Preu\u00df. Staat<\/a> vom 31. Januar 1850 sowie \u00a7 4 der <a href=\"http:\/\/www.documentarchiv.de\/nzjh\/verfsachsen.html\" target=\"_blank\" rel=\"noreferrer noopener\">Verf. f\u00fcr das Kgr. Sachsen vom 4. September 1831<\/a>.<\/p>\n\n\n\n<p><sup><a id=\"30\"><\/a>30<\/sup> <a href=\"https:\/\/reichsverfassungsurkunde.bismarckserben.org\/seite97a.php\" target=\"_blank\" rel=\"noreferrer noopener\">Artikel 6 der Reichsverfassung<\/a>. Vgl. <a href=\"https:\/\/reichsverfassungsurkunde.bismarckserben.org\/seite21.php\" target=\"_blank\" rel=\"noreferrer noopener\">Riedel, Reichsverfassungsurkunde, 1871, Seite 21 ff<\/a>. und ferner die Reden des F\u00fcrsten Bismarck im konstituierenden Reichstage von 1867 Sten. Ber. S. 137 ff., 388 und 429 ff., dann im Norddeutschen Reichstage Sten. Ber. 1869 S. 401 ff., endlich im deutschen Reichstag Sten. Ber. 1871 S. 95ff.<\/p>\n\n\n\n<p><sup><a id=\"31\"><\/a>31<\/sup> <a href=\"https:\/\/commons.wikimedia.org\/wiki\/File:Deutsches_Reichsgesetzblatt_1917_203_1040.png\" target=\"_blank\" rel=\"noreferrer noopener\">Bekanntmachung vom 13. November 1917<\/a>. (RGBl 1917 S. 1040 ff.)<\/p>\n\n\n\n<p><sup><a id=\"32\"><\/a>32<\/sup> u.a. <a href=\"https:\/\/armeekorps.ewigerbund.org\/IX-Armeekorps\/1917_374.html\" target=\"_blank\" rel=\"noreferrer noopener\">Regierungs-Blatt Mecklenburg-Schwerin 1917 S. 374<\/a>.<\/p>\n","protected":false},"excerpt":{"rendered":"<p>Die Unterzeichner in ihrer Eigenschaft als gesetzliche Deutsche1 erkl\u00e4ren an unsere deutschen Br\u00fcder und Schwestern, was wir gepr\u00fcft haben und f\u00fcr wahr erkennen: Handlungsunf\u00e4higer Staat.Der deutsche Staat ist mangels verfassungsm\u00e4\u00dfiger Organe seit November 1918 handlungsunf\u00e4hig2. Der Gesamtstaat, verfasster Bundesstaat3 und anerkanntes V\u00f6lkerrechtssubjekt2, 4, ist das Deutsche Reich mit seiner Verfassung vom 16. April 1871 im &#8230; <a title=\"An die deutsche Nation.\" class=\"read-more\" href=\"https:\/\/www.ewigerbund.org\/film\/an-die-deutsche-nation\/\" aria-label=\"Mehr zu An die deutsche Nation.\">Weiterlesen &#8230;<\/a><\/p>\n","protected":false},"author":16,"featured_media":1882,"comment_status":"open","ping_status":"closed","sticky":false,"template":"","format":"standard","meta":{"footnotes":""},"categories":[8],"tags":[],"class_list":["post-1102","post","type-post","status-publish","format-standard","has-post-thumbnail","hentry","category-die-wichtigste-triologie-deines-lebens"],"yoast_head":"<!-- This site is optimized with the Yoast SEO plugin v23.1 - https:\/\/yoast.com\/wordpress\/plugins\/seo\/ -->\n<title>An die deutsche Nation. | Mediathek.<\/title>\n<meta name=\"description\" content=\"Die Unterzeichner als gesetzliche Deutsche erkl\u00e4ren an unsere deutschen Br\u00fcder und Schwestern, was wir gepr\u00fcft haben und f\u00fcr wahr erkennen.\" \/>\n<meta name=\"robots\" content=\"index, follow, max-snippet:-1, max-image-preview:large, max-video-preview:-1\" \/>\n<link rel=\"canonical\" href=\"https:\/\/www.ewigerbund.org\/film\/an-die-deutsche-nation\/\" \/>\n<meta property=\"og:locale\" content=\"de_DE\" \/>\n<meta property=\"og:type\" content=\"article\" \/>\n<meta property=\"og:title\" content=\"An die deutsche Nation. | Mediathek.\" \/>\n<meta property=\"og:description\" content=\"Die Unterzeichner als gesetzliche Deutsche erkl\u00e4ren an unsere deutschen Br\u00fcder und Schwestern, was wir gepr\u00fcft haben und f\u00fcr wahr erkennen.\" \/>\n<meta property=\"og:url\" content=\"https:\/\/www.ewigerbund.org\/film\/an-die-deutsche-nation\/\" \/>\n<meta property=\"og:site_name\" content=\"Mediathek.\" \/>\n<meta property=\"article:published_time\" content=\"2022-05-19T15:20:45+00:00\" \/>\n<meta property=\"article:modified_time\" content=\"2023-03-09T19:58:33+00:00\" \/>\n<meta property=\"og:image\" content=\"https:\/\/www.ewigerbund.org\/film\/wp-content\/uploads\/sites\/38\/2023\/01\/EB-Mediathek-AnDieDeutscheNation-1.jpg\" \/>\n\t<meta property=\"og:image:width\" content=\"1748\" \/>\n\t<meta property=\"og:image:height\" content=\"994\" \/>\n\t<meta property=\"og:image:type\" content=\"image\/jpeg\" \/>\n<meta name=\"twitter:card\" content=\"summary_large_image\" \/>\n<meta name=\"twitter:label1\" content=\"Verfasst von\" \/>\n\t<meta name=\"twitter:data1\" content=\"\" \/>\n\t<meta name=\"twitter:label2\" content=\"Gesch\u00e4tzte Lesezeit\" \/>\n\t<meta name=\"twitter:data2\" content=\"11\u00a0Minuten\" \/>\n<script type=\"application\/ld+json\" class=\"yoast-schema-graph\">{\"@context\":\"https:\/\/schema.org\",\"@graph\":[{\"@type\":\"Article\",\"@id\":\"https:\/\/www.ewigerbund.org\/film\/an-die-deutsche-nation\/#article\",\"isPartOf\":{\"@id\":\"https:\/\/www.ewigerbund.org\/film\/an-die-deutsche-nation\/\"},\"author\":{\"name\":\"\",\"@id\":\"\"},\"headline\":\"An die deutsche Nation.\",\"datePublished\":\"2022-05-19T15:20:45+00:00\",\"dateModified\":\"2023-03-09T19:58:33+00:00\",\"mainEntityOfPage\":{\"@id\":\"https:\/\/www.ewigerbund.org\/film\/an-die-deutsche-nation\/\"},\"wordCount\":1835,\"commentCount\":0,\"publisher\":{\"@id\":\"https:\/\/www.ewigerbund.org\/film\/#organization\"},\"image\":{\"@id\":\"https:\/\/www.ewigerbund.org\/film\/an-die-deutsche-nation\/#primaryimage\"},\"thumbnailUrl\":\"https:\/\/www.ewigerbund.org\/film\/wp-content\/uploads\/sites\/38\/2023\/01\/EB-Mediathek-AnDieDeutscheNation-1.jpg\",\"articleSection\":[\"Die wichtigste Triologie deines Lebens\"],\"inLanguage\":\"de\",\"potentialAction\":[{\"@type\":\"CommentAction\",\"name\":\"Comment\",\"target\":[\"https:\/\/www.ewigerbund.org\/film\/an-die-deutsche-nation\/#respond\"]}]},{\"@type\":\"WebPage\",\"@id\":\"https:\/\/www.ewigerbund.org\/film\/an-die-deutsche-nation\/\",\"url\":\"https:\/\/www.ewigerbund.org\/film\/an-die-deutsche-nation\/\",\"name\":\"An die deutsche Nation. | Mediathek.\",\"isPartOf\":{\"@id\":\"https:\/\/www.ewigerbund.org\/film\/#website\"},\"primaryImageOfPage\":{\"@id\":\"https:\/\/www.ewigerbund.org\/film\/an-die-deutsche-nation\/#primaryimage\"},\"image\":{\"@id\":\"https:\/\/www.ewigerbund.org\/film\/an-die-deutsche-nation\/#primaryimage\"},\"thumbnailUrl\":\"https:\/\/www.ewigerbund.org\/film\/wp-content\/uploads\/sites\/38\/2023\/01\/EB-Mediathek-AnDieDeutscheNation-1.jpg\",\"datePublished\":\"2022-05-19T15:20:45+00:00\",\"dateModified\":\"2023-03-09T19:58:33+00:00\",\"description\":\"Die Unterzeichner als gesetzliche Deutsche erkl\u00e4ren an unsere deutschen Br\u00fcder und Schwestern, was wir gepr\u00fcft haben und f\u00fcr wahr erkennen.\",\"breadcrumb\":{\"@id\":\"https:\/\/www.ewigerbund.org\/film\/an-die-deutsche-nation\/#breadcrumb\"},\"inLanguage\":\"de\",\"potentialAction\":[{\"@type\":\"ReadAction\",\"target\":[\"https:\/\/www.ewigerbund.org\/film\/an-die-deutsche-nation\/\"]}]},{\"@type\":\"ImageObject\",\"inLanguage\":\"de\",\"@id\":\"https:\/\/www.ewigerbund.org\/film\/an-die-deutsche-nation\/#primaryimage\",\"url\":\"https:\/\/www.ewigerbund.org\/film\/wp-content\/uploads\/sites\/38\/2023\/01\/EB-Mediathek-AnDieDeutscheNation-1.jpg\",\"contentUrl\":\"https:\/\/www.ewigerbund.org\/film\/wp-content\/uploads\/sites\/38\/2023\/01\/EB-Mediathek-AnDieDeutscheNation-1.jpg\",\"width\":1748,\"height\":994,\"caption\":\"An die Deutsche Nation.\"},{\"@type\":\"BreadcrumbList\",\"@id\":\"https:\/\/www.ewigerbund.org\/film\/an-die-deutsche-nation\/#breadcrumb\",\"itemListElement\":[{\"@type\":\"ListItem\",\"position\":1,\"name\":\"Startseite\",\"item\":\"https:\/\/www.ewigerbund.org\/film\/\"},{\"@type\":\"ListItem\",\"position\":2,\"name\":\"An die deutsche Nation.\"}]},{\"@type\":\"WebSite\",\"@id\":\"https:\/\/www.ewigerbund.org\/film\/#website\",\"url\":\"https:\/\/www.ewigerbund.org\/film\/\",\"name\":\"Mediathek.\",\"description\":\"Verfassungsb\u00fcndnis der deutschen Einzelstaaten.\",\"publisher\":{\"@id\":\"https:\/\/www.ewigerbund.org\/film\/#organization\"},\"potentialAction\":[{\"@type\":\"SearchAction\",\"target\":{\"@type\":\"EntryPoint\",\"urlTemplate\":\"https:\/\/www.ewigerbund.org\/film\/?s={search_term_string}\"},\"query-input\":\"required name=search_term_string\"}],\"inLanguage\":\"de\"},{\"@type\":\"Organization\",\"@id\":\"https:\/\/www.ewigerbund.org\/film\/#organization\",\"name\":\"Mediathek.\",\"url\":\"https:\/\/www.ewigerbund.org\/film\/\",\"logo\":{\"@type\":\"ImageObject\",\"inLanguage\":\"de\",\"@id\":\"https:\/\/www.ewigerbund.org\/film\/#\/schema\/logo\/image\/\",\"url\":\"https:\/\/www.ewigerbund.org\/film\/wp-content\/uploads\/sites\/38\/2022\/11\/2022-09-20-Logo-EB_Schutzzone_V4_Transparent.png\",\"contentUrl\":\"https:\/\/www.ewigerbund.org\/film\/wp-content\/uploads\/sites\/38\/2022\/11\/2022-09-20-Logo-EB_Schutzzone_V4_Transparent.png\",\"width\":2000,\"height\":1982,\"caption\":\"Mediathek.\"},\"image\":{\"@id\":\"https:\/\/www.ewigerbund.org\/film\/#\/schema\/logo\/image\/\"}},{\"@type\":\"Person\",\"@id\":\"\",\"url\":\"https:\/\/www.ewigerbund.org\/film\/author\/\"}]}<\/script>\n<!-- \/ Yoast SEO plugin. -->","yoast_head_json":{"title":"An die deutsche Nation. | Mediathek.","description":"Die Unterzeichner als gesetzliche Deutsche erkl\u00e4ren an unsere deutschen Br\u00fcder und Schwestern, was wir gepr\u00fcft haben und f\u00fcr wahr erkennen.","robots":{"index":"index","follow":"follow","max-snippet":"max-snippet:-1","max-image-preview":"max-image-preview:large","max-video-preview":"max-video-preview:-1"},"canonical":"https:\/\/www.ewigerbund.org\/film\/an-die-deutsche-nation\/","og_locale":"de_DE","og_type":"article","og_title":"An die deutsche Nation. | Mediathek.","og_description":"Die Unterzeichner als gesetzliche Deutsche erkl\u00e4ren an unsere deutschen Br\u00fcder und Schwestern, was wir gepr\u00fcft haben und f\u00fcr wahr erkennen.","og_url":"https:\/\/www.ewigerbund.org\/film\/an-die-deutsche-nation\/","og_site_name":"Mediathek.","article_published_time":"2022-05-19T15:20:45+00:00","article_modified_time":"2023-03-09T19:58:33+00:00","og_image":[{"width":1748,"height":994,"url":"https:\/\/www.ewigerbund.org\/film\/wp-content\/uploads\/sites\/38\/2023\/01\/EB-Mediathek-AnDieDeutscheNation-1.jpg","type":"image\/jpeg"}],"twitter_card":"summary_large_image","twitter_misc":{"Verfasst von":"","Gesch\u00e4tzte Lesezeit":"11\u00a0Minuten"},"schema":{"@context":"https:\/\/schema.org","@graph":[{"@type":"Article","@id":"https:\/\/www.ewigerbund.org\/film\/an-die-deutsche-nation\/#article","isPartOf":{"@id":"https:\/\/www.ewigerbund.org\/film\/an-die-deutsche-nation\/"},"author":{"name":"","@id":""},"headline":"An die deutsche Nation.","datePublished":"2022-05-19T15:20:45+00:00","dateModified":"2023-03-09T19:58:33+00:00","mainEntityOfPage":{"@id":"https:\/\/www.ewigerbund.org\/film\/an-die-deutsche-nation\/"},"wordCount":1835,"commentCount":0,"publisher":{"@id":"https:\/\/www.ewigerbund.org\/film\/#organization"},"image":{"@id":"https:\/\/www.ewigerbund.org\/film\/an-die-deutsche-nation\/#primaryimage"},"thumbnailUrl":"https:\/\/www.ewigerbund.org\/film\/wp-content\/uploads\/sites\/38\/2023\/01\/EB-Mediathek-AnDieDeutscheNation-1.jpg","articleSection":["Die wichtigste Triologie deines Lebens"],"inLanguage":"de","potentialAction":[{"@type":"CommentAction","name":"Comment","target":["https:\/\/www.ewigerbund.org\/film\/an-die-deutsche-nation\/#respond"]}]},{"@type":"WebPage","@id":"https:\/\/www.ewigerbund.org\/film\/an-die-deutsche-nation\/","url":"https:\/\/www.ewigerbund.org\/film\/an-die-deutsche-nation\/","name":"An die deutsche Nation. | Mediathek.","isPartOf":{"@id":"https:\/\/www.ewigerbund.org\/film\/#website"},"primaryImageOfPage":{"@id":"https:\/\/www.ewigerbund.org\/film\/an-die-deutsche-nation\/#primaryimage"},"image":{"@id":"https:\/\/www.ewigerbund.org\/film\/an-die-deutsche-nation\/#primaryimage"},"thumbnailUrl":"https:\/\/www.ewigerbund.org\/film\/wp-content\/uploads\/sites\/38\/2023\/01\/EB-Mediathek-AnDieDeutscheNation-1.jpg","datePublished":"2022-05-19T15:20:45+00:00","dateModified":"2023-03-09T19:58:33+00:00","description":"Die Unterzeichner als gesetzliche Deutsche erkl\u00e4ren an unsere deutschen Br\u00fcder und Schwestern, was wir gepr\u00fcft haben und f\u00fcr wahr erkennen.","breadcrumb":{"@id":"https:\/\/www.ewigerbund.org\/film\/an-die-deutsche-nation\/#breadcrumb"},"inLanguage":"de","potentialAction":[{"@type":"ReadAction","target":["https:\/\/www.ewigerbund.org\/film\/an-die-deutsche-nation\/"]}]},{"@type":"ImageObject","inLanguage":"de","@id":"https:\/\/www.ewigerbund.org\/film\/an-die-deutsche-nation\/#primaryimage","url":"https:\/\/www.ewigerbund.org\/film\/wp-content\/uploads\/sites\/38\/2023\/01\/EB-Mediathek-AnDieDeutscheNation-1.jpg","contentUrl":"https:\/\/www.ewigerbund.org\/film\/wp-content\/uploads\/sites\/38\/2023\/01\/EB-Mediathek-AnDieDeutscheNation-1.jpg","width":1748,"height":994,"caption":"An die Deutsche Nation."},{"@type":"BreadcrumbList","@id":"https:\/\/www.ewigerbund.org\/film\/an-die-deutsche-nation\/#breadcrumb","itemListElement":[{"@type":"ListItem","position":1,"name":"Startseite","item":"https:\/\/www.ewigerbund.org\/film\/"},{"@type":"ListItem","position":2,"name":"An die deutsche Nation."}]},{"@type":"WebSite","@id":"https:\/\/www.ewigerbund.org\/film\/#website","url":"https:\/\/www.ewigerbund.org\/film\/","name":"Mediathek.","description":"Verfassungsb\u00fcndnis der deutschen Einzelstaaten.","publisher":{"@id":"https:\/\/www.ewigerbund.org\/film\/#organization"},"potentialAction":[{"@type":"SearchAction","target":{"@type":"EntryPoint","urlTemplate":"https:\/\/www.ewigerbund.org\/film\/?s={search_term_string}"},"query-input":"required name=search_term_string"}],"inLanguage":"de"},{"@type":"Organization","@id":"https:\/\/www.ewigerbund.org\/film\/#organization","name":"Mediathek.","url":"https:\/\/www.ewigerbund.org\/film\/","logo":{"@type":"ImageObject","inLanguage":"de","@id":"https:\/\/www.ewigerbund.org\/film\/#\/schema\/logo\/image\/","url":"https:\/\/www.ewigerbund.org\/film\/wp-content\/uploads\/sites\/38\/2022\/11\/2022-09-20-Logo-EB_Schutzzone_V4_Transparent.png","contentUrl":"https:\/\/www.ewigerbund.org\/film\/wp-content\/uploads\/sites\/38\/2022\/11\/2022-09-20-Logo-EB_Schutzzone_V4_Transparent.png","width":2000,"height":1982,"caption":"Mediathek."},"image":{"@id":"https:\/\/www.ewigerbund.org\/film\/#\/schema\/logo\/image\/"}},{"@type":"Person","@id":"","url":"https:\/\/www.ewigerbund.org\/film\/author\/"}]}},"_links":{"self":[{"href":"https:\/\/www.ewigerbund.org\/film\/wp-json\/wp\/v2\/posts\/1102","targetHints":{"allow":["GET"]}}],"collection":[{"href":"https:\/\/www.ewigerbund.org\/film\/wp-json\/wp\/v2\/posts"}],"about":[{"href":"https:\/\/www.ewigerbund.org\/film\/wp-json\/wp\/v2\/types\/post"}],"author":[{"embeddable":true,"href":"https:\/\/www.ewigerbund.org\/film\/wp-json\/wp\/v2\/users\/16"}],"replies":[{"embeddable":true,"href":"https:\/\/www.ewigerbund.org\/film\/wp-json\/wp\/v2\/comments?post=1102"}],"version-history":[{"count":14,"href":"https:\/\/www.ewigerbund.org\/film\/wp-json\/wp\/v2\/posts\/1102\/revisions"}],"predecessor-version":[{"id":2943,"href":"https:\/\/www.ewigerbund.org\/film\/wp-json\/wp\/v2\/posts\/1102\/revisions\/2943"}],"wp:featuredmedia":[{"embeddable":true,"href":"https:\/\/www.ewigerbund.org\/film\/wp-json\/wp\/v2\/media\/1882"}],"wp:attachment":[{"href":"https:\/\/www.ewigerbund.org\/film\/wp-json\/wp\/v2\/media?parent=1102"}],"wp:term":[{"taxonomy":"category","embeddable":true,"href":"https:\/\/www.ewigerbund.org\/film\/wp-json\/wp\/v2\/categories?post=1102"},{"taxonomy":"post_tag","embeddable":true,"href":"https:\/\/www.ewigerbund.org\/film\/wp-json\/wp\/v2\/tags?post=1102"}],"curies":[{"name":"wp","href":"https:\/\/api.w.org\/{rel}","templated":true}]}}