{"id":1008,"date":"2022-05-18T20:13:36","date_gmt":"2022-05-18T18:13:36","guid":{"rendered":"https:\/\/www.ewigerbund.org\/video\/?p=1008"},"modified":"2025-03-27T13:58:56","modified_gmt":"2025-03-27T12:58:56","slug":"10-vatikan-und-das-kaiserreich","status":"publish","type":"post","link":"https:\/\/www.ewigerbund.org\/film\/10-vatikan-und-das-kaiserreich\/","title":{"rendered":"#10 Vatikan und das Kaiserreich."},"content":{"rendered":"\n<figure class=\"wp-block-embed is-type-video is-provider-vimeo wp-block-embed-vimeo wp-embed-aspect-16-9 wp-has-aspect-ratio\"><div class=\"wp-block-embed__wrapper\">\n<iframe loading=\"lazy\" src=\"https:\/\/player.vimeo.com\/video\/502510673?h=d3016544aa&amp;dnt=1&amp;app_id=122963\" width=\"500\" height=\"281\" frameborder=\"0\" allow=\"autoplay; fullscreen; picture-in-picture; clipboard-write\"><\/iframe>\n<\/div><\/figure>\n\n\n\n<div style=\"height:40px\" aria-hidden=\"true\" class=\"wp-block-spacer\"><\/div>\n\n\n\n<h2 class=\"wp-block-heading\">Vatikan und das Kaiserreich.<\/h2>\n\n\n\n<p class=\"has-text-color\" style=\"color:#950003\"><strong>Wissen ist eine Holschuld 10.<\/strong><\/p>\n\n\n\n<p>Um 1500.<\/p>\n\n\n\n<p>\u201eEs gebe der Papst her Rom und alles, was er hat vom Kaisertum, lasse unser Land frei von seinen unertr\u00e4glichen Sch\u00e4tzen und Schinden, gebe zur\u00fcck unsere Freiheit, Gewalt, Gut, Ehre, Leib und Seele und lasse es ein Kaisertum sein, wie einem Kaisertum geb\u00fchret. Aus dem r\u00f6mischen Kaisertum soll ein deutsches werden. Martin Luther.<\/p>\n\n\n\n<p>1701<\/p>\n\n\n\n<p>Friedrich I. kr\u00f6nt sich selbst zum K\u00f6nig in Preu\u00dfen. Mit diesem Akt der Souver\u00e4nit\u00e4t bricht das Haus Hohenzollern f\u00fcr alle Zeiten mit der r\u00f6mischen Kirche.<\/p>\n\n\n\n<p>1768<\/p>\n\n\n\n<p>\u201eEure Hoheit werden wissen, dass ich in diesen Landen der Papst bin.\u201c Friedrich der Gro\u00dfe in einem Brief an die Kurf\u00fcrsten-Witwe von Sachsen.<\/p>\n\n\n\n<p>1810<\/p>\n\n\n\n<p>Aufhebung der Leibeigenschaft in Preu\u00dfen. Seit dem Martinitag gibt es nur noch freie Leute in Preu\u00dfen.<\/p>\n\n\n\n<p>1854<\/p>\n\n\n\n<p>Der Jesuit Dr. Bu\u00df verk\u00fcndet auf dem Freiburger Katholikentag den Vernichtungswillen Roms gegen Preu\u00dfen.<\/p>\n\n\n\n<p>1866<\/p>\n\n\n\n<p>Der Krieg gegen jesuitisch Habsburg-\u00d6sterreich dr\u00e4ngt den Einfluss des Vatikan aus dem Reich. (kleindeutsche L\u00f6sung)<\/p>\n\n\n\n<p>1871<\/p>\n\n\n\n<p>Exakt 170 Jahre nach der Selbstkr\u00f6nung Friedrich I. zum K\u00f6nig in Preu\u00dfen wird am 18. Januar im Spiegelsaal von Versailles Wilhelm I. zum deutschen Kaiser ausgerufen. Bismarck vollendet, was Luther begann: Das deutsche Kaisertum ist auf dem Protestantismus gegr\u00fcndet.<\/p>\n\n\n\n<p>1872<\/p>\n\n\n\n<p>Maigesetzgebung im deutschen Reich: Jesuitengesetz und Gesetz \u00fcber den Austritt aus der Kirche.<\/p>\n\n\n\n<p>Um 1920<\/p>\n\n\n\n<p>\u201eJetzt hat Luther den Krieg verloren.\u201c Papst Benedikt 15.<\/p>\n\n\n\n<p>20.Juli 1933<\/p>\n\n\n\n<p>Mit dem \u201eReichskonkordat\u201c \u00f6ffnete das nationalsozialistische Regime dem Vatikan wieder die Tore zum Reich.<\/p>\n\n\n\n<p>Damit verkauften die NationalSOZIALISTEN die Deutschen an Rom und verrieten das Erbe Luthers, Friedrichs und Bismarcks.<\/p>\n\n\n\n<p>1945<\/p>\n\n\n\n<p>\u201eIch m\u00f6chte betonen, dass Preu\u00dfen die Wurzel allen \u00dcbels ist.\u201c Winston Churchill auf der Konferenz von Jalta.<\/p>\n\n\n\n<p>1965<\/p>\n\n\n\n<p>\u201eMit der Wiedergewinnung (der deutschen Ostgebiete), mit der Vernichtung des preu\u00dfischen Staates und der Zerschlagung des Deutschen Reiches hat die Gegenreformation ihr Ziel erreicht.&#8220; Der polnische Kardinal Stefan Wyszinski.<\/p>\n\n\n\n<p>Bis heute wird der ewige Bund der deutschen V\u00f6lker, das deutsche Kaiserreich von den Knechten der Finsternis mit aller Macht bek\u00e4mpft.<\/p>\n\n\n\n<p>Warum wohl?<\/p>\n\n\n\n<p class=\"titel-quellen\">Quellangaben und Verweise.<\/p>\n\n\n\n<p class=\"has-small-font-size\">Die Geschichte von 500 Jahren Kampf des Lichts gegen die Finsternis \u2192<a href=\"https:\/\/www.youtube.com\/redirect?event=video_description&amp;v=DJa4m8kcjIE&amp;redir_token=QUFFLUhqbmVsNWF1M1F3Rncwa0I5dXFBTFdUVmVaQlI4UXxBQ3Jtc0tuN2Z5RnJGMXBpRk5hUVg5WGNRN053WjZJUnBNTE1hY01KaUVwVFBQU3Vwa0poU21NOUVkOW9YMTdiclFjanRGSF9oM2luTzRCcGZWQkM5dGRiZF9LbXg2aloxRjNpcUs4Q0xTckZHT2t6N2tMOXJ1cw%3D%3D&amp;q=https%3A%2F%2Fwww.preussischer-correspondent.net%2Flicht%2Fpreussens-mission-schwert-des-germanenthums-48\" rel=\"noreferrer noopener\" target=\"_blank\"> <\/a><a href=\"https:\/\/www.preussischer-correspondent.net\/licht\/preussens-mission-schwert-des-germanenthums-48\" target=\"_blank\" rel=\"noreferrer noopener\">https:\/\/www.preussischer-correspondent.net\/licht\/preussens-mission-schwert-des-germanenthums-48<\/a><\/p>\n\n\n\n<p class=\"has-small-font-size\">Das Gottesgnadentum des deutschen Kaisers \u2192 <a href=\"https:\/\/bismarckserben.org\/aktuelles\/2018-09-11-das-gottesgnadentum-des-deutschen-kaisers\/\" target=\"_blank\" rel=\"noreferrer noopener\">https:\/\/bismarckserben.org\/aktuelles\/2018-09-11-das-gottesgnadentum-des-deutschen-kaisers\/<\/a><\/p>\n","protected":false},"excerpt":{"rendered":"<p>Vatikan und das Kaiserreich. Wissen ist eine Holschuld 10. Um 1500. \u201eEs gebe der Papst her Rom und alles, was er hat vom Kaisertum, lasse unser Land frei von seinen unertr\u00e4glichen Sch\u00e4tzen und Schinden, gebe zur\u00fcck unsere Freiheit, Gewalt, Gut, Ehre, Leib und Seele und lasse es ein Kaisertum sein, wie einem Kaisertum geb\u00fchret. Aus &#8230; <a title=\"#10 Vatikan und das Kaiserreich.\" class=\"read-more\" href=\"https:\/\/www.ewigerbund.org\/film\/10-vatikan-und-das-kaiserreich\/\" aria-label=\"Mehr zu #10 Vatikan und das Kaiserreich.\">Weiterlesen &#8230;<\/a><\/p>\n","protected":false},"author":16,"featured_media":2415,"comment_status":"closed","ping_status":"closed","sticky":false,"template":"","format":"standard","meta":{"footnotes":""},"categories":[6],"tags":[],"class_list":["post-1008","post","type-post","status-publish","format-standard","has-post-thumbnail","hentry","category-wissen-ist-eine-holschuld"],"yoast_head":"<!-- This site is optimized with the Yoast SEO plugin v23.1 - https:\/\/yoast.com\/wordpress\/plugins\/seo\/ -->\n<title>#10 Vatikan und das Kaiserreich. | Mediathek.<\/title>\n<meta name=\"description\" content=\"Friedrich I. Kr\u00f6nt sich selbst zum K\u00f6nig von Preu\u00dfen. Mit diesem Akt bricht das Haus Hohenzollern f\u00fcr alle Zeiten mit der r\u00f6mischen Kirche.\" \/>\n<meta name=\"robots\" content=\"index, follow, max-snippet:-1, max-image-preview:large, max-video-preview:-1\" \/>\n<link rel=\"canonical\" href=\"https:\/\/www.ewigerbund.org\/film\/10-vatikan-und-das-kaiserreich\/\" \/>\n<meta property=\"og:locale\" content=\"de_DE\" \/>\n<meta property=\"og:type\" content=\"article\" \/>\n<meta property=\"og:title\" content=\"Vatikan und das Kaiserreich.\" \/>\n<meta property=\"og:description\" content=\"Friedrich I. Kr\u00f6nt sich selbst zum K\u00f6nig von Preu\u00dfen. Mit diesem Akt der Souver\u00e4nit\u00e4t bricht das Haus Hohenzollern f\u00fcr alle Zeiten mit der r\u00f6mischen Kirche.\" \/>\n<meta property=\"og:url\" content=\"https:\/\/www.ewigerbund.org\/film\/10-vatikan-und-das-kaiserreich\/\" \/>\n<meta property=\"og:site_name\" content=\"Mediathek.\" \/>\n<meta property=\"article:published_time\" content=\"2022-05-18T18:13:36+00:00\" \/>\n<meta property=\"article:modified_time\" content=\"2025-03-27T12:58:56+00:00\" \/>\n<meta property=\"og:image\" content=\"https:\/\/www.ewigerbund.org\/film\/wp-content\/uploads\/sites\/38\/2023\/02\/EB-Mediathek-Film10_v.jpg\" \/>\n\t<meta property=\"og:image:width\" content=\"750\" \/>\n\t<meta property=\"og:image:height\" content=\"350\" \/>\n\t<meta property=\"og:image:type\" content=\"image\/jpeg\" \/>\n<meta name=\"twitter:card\" content=\"summary_large_image\" \/>\n<meta name=\"twitter:title\" content=\"Vatikan und das Kaiserreich.\" \/>\n<meta name=\"twitter:description\" content=\"Friedrich I. Kr\u00f6nt sich selbst zum K\u00f6nig von Preu\u00dfen. Mit diesem Akt der Souver\u00e4nit\u00e4t bricht das Haus Hohenzollern f\u00fcr alle Zeiten mit der r\u00f6mischen Kirche.\" \/>\n<meta name=\"twitter:image\" content=\"https:\/\/www.ewigerbund.org\/film\/wp-content\/uploads\/sites\/38\/2023\/02\/EB-Mediathek-Film10_v.jpg\" \/>\n<meta name=\"twitter:label1\" content=\"Verfasst von\" \/>\n\t<meta name=\"twitter:data1\" content=\"\" \/>\n\t<meta name=\"twitter:label2\" content=\"Gesch\u00e4tzte Lesezeit\" \/>\n\t<meta name=\"twitter:data2\" content=\"3\u00a0Minuten\" \/>\n<script type=\"application\/ld+json\" class=\"yoast-schema-graph\">{\"@context\":\"https:\/\/schema.org\",\"@graph\":[{\"@type\":\"Article\",\"@id\":\"https:\/\/www.ewigerbund.org\/film\/10-vatikan-und-das-kaiserreich\/#article\",\"isPartOf\":{\"@id\":\"https:\/\/www.ewigerbund.org\/film\/10-vatikan-und-das-kaiserreich\/\"},\"author\":{\"name\":\"\",\"@id\":\"\"},\"headline\":\"#10 Vatikan und das Kaiserreich.\",\"datePublished\":\"2022-05-18T18:13:36+00:00\",\"dateModified\":\"2025-03-27T12:58:56+00:00\",\"mainEntityOfPage\":{\"@id\":\"https:\/\/www.ewigerbund.org\/film\/10-vatikan-und-das-kaiserreich\/\"},\"wordCount\":384,\"publisher\":{\"@id\":\"https:\/\/www.ewigerbund.org\/film\/#organization\"},\"image\":{\"@id\":\"https:\/\/www.ewigerbund.org\/film\/10-vatikan-und-das-kaiserreich\/#primaryimage\"},\"thumbnailUrl\":\"https:\/\/www.ewigerbund.org\/film\/wp-content\/uploads\/sites\/38\/2023\/02\/EB-Mediathek-Film10.jpg\",\"articleSection\":[\"Wissen ist eine Holschuld\"],\"inLanguage\":\"de\"},{\"@type\":\"WebPage\",\"@id\":\"https:\/\/www.ewigerbund.org\/film\/10-vatikan-und-das-kaiserreich\/\",\"url\":\"https:\/\/www.ewigerbund.org\/film\/10-vatikan-und-das-kaiserreich\/\",\"name\":\"#10 Vatikan und das Kaiserreich. | Mediathek.\",\"isPartOf\":{\"@id\":\"https:\/\/www.ewigerbund.org\/film\/#website\"},\"primaryImageOfPage\":{\"@id\":\"https:\/\/www.ewigerbund.org\/film\/10-vatikan-und-das-kaiserreich\/#primaryimage\"},\"image\":{\"@id\":\"https:\/\/www.ewigerbund.org\/film\/10-vatikan-und-das-kaiserreich\/#primaryimage\"},\"thumbnailUrl\":\"https:\/\/www.ewigerbund.org\/film\/wp-content\/uploads\/sites\/38\/2023\/02\/EB-Mediathek-Film10.jpg\",\"datePublished\":\"2022-05-18T18:13:36+00:00\",\"dateModified\":\"2025-03-27T12:58:56+00:00\",\"description\":\"Friedrich I. Kr\u00f6nt sich selbst zum K\u00f6nig von Preu\u00dfen. Mit diesem Akt bricht das Haus Hohenzollern f\u00fcr alle Zeiten mit der r\u00f6mischen Kirche.\",\"breadcrumb\":{\"@id\":\"https:\/\/www.ewigerbund.org\/film\/10-vatikan-und-das-kaiserreich\/#breadcrumb\"},\"inLanguage\":\"de\",\"potentialAction\":[{\"@type\":\"ReadAction\",\"target\":[\"https:\/\/www.ewigerbund.org\/film\/10-vatikan-und-das-kaiserreich\/\"]}]},{\"@type\":\"ImageObject\",\"inLanguage\":\"de\",\"@id\":\"https:\/\/www.ewigerbund.org\/film\/10-vatikan-und-das-kaiserreich\/#primaryimage\",\"url\":\"https:\/\/www.ewigerbund.org\/film\/wp-content\/uploads\/sites\/38\/2023\/02\/EB-Mediathek-Film10.jpg\",\"contentUrl\":\"https:\/\/www.ewigerbund.org\/film\/wp-content\/uploads\/sites\/38\/2023\/02\/EB-Mediathek-Film10.jpg\",\"width\":1748,\"height\":994},{\"@type\":\"BreadcrumbList\",\"@id\":\"https:\/\/www.ewigerbund.org\/film\/10-vatikan-und-das-kaiserreich\/#breadcrumb\",\"itemListElement\":[{\"@type\":\"ListItem\",\"position\":1,\"name\":\"Startseite\",\"item\":\"https:\/\/www.ewigerbund.org\/film\/\"},{\"@type\":\"ListItem\",\"position\":2,\"name\":\"#10 Vatikan und das Kaiserreich.\"}]},{\"@type\":\"WebSite\",\"@id\":\"https:\/\/www.ewigerbund.org\/film\/#website\",\"url\":\"https:\/\/www.ewigerbund.org\/film\/\",\"name\":\"Mediathek.\",\"description\":\"Verfassungsb\u00fcndnis der deutschen Einzelstaaten.\",\"publisher\":{\"@id\":\"https:\/\/www.ewigerbund.org\/film\/#organization\"},\"potentialAction\":[{\"@type\":\"SearchAction\",\"target\":{\"@type\":\"EntryPoint\",\"urlTemplate\":\"https:\/\/www.ewigerbund.org\/film\/?s={search_term_string}\"},\"query-input\":\"required name=search_term_string\"}],\"inLanguage\":\"de\"},{\"@type\":\"Organization\",\"@id\":\"https:\/\/www.ewigerbund.org\/film\/#organization\",\"name\":\"Mediathek.\",\"url\":\"https:\/\/www.ewigerbund.org\/film\/\",\"logo\":{\"@type\":\"ImageObject\",\"inLanguage\":\"de\",\"@id\":\"https:\/\/www.ewigerbund.org\/film\/#\/schema\/logo\/image\/\",\"url\":\"https:\/\/www.ewigerbund.org\/film\/wp-content\/uploads\/sites\/38\/2022\/11\/2022-09-20-Logo-EB_Schutzzone_V4_Transparent.png\",\"contentUrl\":\"https:\/\/www.ewigerbund.org\/film\/wp-content\/uploads\/sites\/38\/2022\/11\/2022-09-20-Logo-EB_Schutzzone_V4_Transparent.png\",\"width\":2000,\"height\":1982,\"caption\":\"Mediathek.\"},\"image\":{\"@id\":\"https:\/\/www.ewigerbund.org\/film\/#\/schema\/logo\/image\/\"}},{\"@type\":\"Person\",\"@id\":\"\",\"url\":\"https:\/\/www.ewigerbund.org\/film\/author\/\"}]}<\/script>\n<!-- \/ Yoast SEO plugin. -->","yoast_head_json":{"title":"#10 Vatikan und das Kaiserreich. | Mediathek.","description":"Friedrich I. Kr\u00f6nt sich selbst zum K\u00f6nig von Preu\u00dfen. Mit diesem Akt bricht das Haus Hohenzollern f\u00fcr alle Zeiten mit der r\u00f6mischen Kirche.","robots":{"index":"index","follow":"follow","max-snippet":"max-snippet:-1","max-image-preview":"max-image-preview:large","max-video-preview":"max-video-preview:-1"},"canonical":"https:\/\/www.ewigerbund.org\/film\/10-vatikan-und-das-kaiserreich\/","og_locale":"de_DE","og_type":"article","og_title":"Vatikan und das Kaiserreich.","og_description":"Friedrich I. Kr\u00f6nt sich selbst zum K\u00f6nig von Preu\u00dfen. Mit diesem Akt der Souver\u00e4nit\u00e4t bricht das Haus Hohenzollern f\u00fcr alle Zeiten mit der r\u00f6mischen Kirche.","og_url":"https:\/\/www.ewigerbund.org\/film\/10-vatikan-und-das-kaiserreich\/","og_site_name":"Mediathek.","article_published_time":"2022-05-18T18:13:36+00:00","article_modified_time":"2025-03-27T12:58:56+00:00","og_image":[{"width":750,"height":350,"url":"https:\/\/www.ewigerbund.org\/film\/wp-content\/uploads\/sites\/38\/2023\/02\/EB-Mediathek-Film10_v.jpg","type":"image\/jpeg"}],"twitter_card":"summary_large_image","twitter_title":"Vatikan und das Kaiserreich.","twitter_description":"Friedrich I. Kr\u00f6nt sich selbst zum K\u00f6nig von Preu\u00dfen. Mit diesem Akt der Souver\u00e4nit\u00e4t bricht das Haus Hohenzollern f\u00fcr alle Zeiten mit der r\u00f6mischen Kirche.","twitter_image":"https:\/\/www.ewigerbund.org\/film\/wp-content\/uploads\/sites\/38\/2023\/02\/EB-Mediathek-Film10_v.jpg","twitter_misc":{"Verfasst von":"","Gesch\u00e4tzte Lesezeit":"3\u00a0Minuten"},"schema":{"@context":"https:\/\/schema.org","@graph":[{"@type":"Article","@id":"https:\/\/www.ewigerbund.org\/film\/10-vatikan-und-das-kaiserreich\/#article","isPartOf":{"@id":"https:\/\/www.ewigerbund.org\/film\/10-vatikan-und-das-kaiserreich\/"},"author":{"name":"","@id":""},"headline":"#10 Vatikan und das Kaiserreich.","datePublished":"2022-05-18T18:13:36+00:00","dateModified":"2025-03-27T12:58:56+00:00","mainEntityOfPage":{"@id":"https:\/\/www.ewigerbund.org\/film\/10-vatikan-und-das-kaiserreich\/"},"wordCount":384,"publisher":{"@id":"https:\/\/www.ewigerbund.org\/film\/#organization"},"image":{"@id":"https:\/\/www.ewigerbund.org\/film\/10-vatikan-und-das-kaiserreich\/#primaryimage"},"thumbnailUrl":"https:\/\/www.ewigerbund.org\/film\/wp-content\/uploads\/sites\/38\/2023\/02\/EB-Mediathek-Film10.jpg","articleSection":["Wissen ist eine Holschuld"],"inLanguage":"de"},{"@type":"WebPage","@id":"https:\/\/www.ewigerbund.org\/film\/10-vatikan-und-das-kaiserreich\/","url":"https:\/\/www.ewigerbund.org\/film\/10-vatikan-und-das-kaiserreich\/","name":"#10 Vatikan und das Kaiserreich. | Mediathek.","isPartOf":{"@id":"https:\/\/www.ewigerbund.org\/film\/#website"},"primaryImageOfPage":{"@id":"https:\/\/www.ewigerbund.org\/film\/10-vatikan-und-das-kaiserreich\/#primaryimage"},"image":{"@id":"https:\/\/www.ewigerbund.org\/film\/10-vatikan-und-das-kaiserreich\/#primaryimage"},"thumbnailUrl":"https:\/\/www.ewigerbund.org\/film\/wp-content\/uploads\/sites\/38\/2023\/02\/EB-Mediathek-Film10.jpg","datePublished":"2022-05-18T18:13:36+00:00","dateModified":"2025-03-27T12:58:56+00:00","description":"Friedrich I. Kr\u00f6nt sich selbst zum K\u00f6nig von Preu\u00dfen. Mit diesem Akt bricht das Haus Hohenzollern f\u00fcr alle Zeiten mit der r\u00f6mischen Kirche.","breadcrumb":{"@id":"https:\/\/www.ewigerbund.org\/film\/10-vatikan-und-das-kaiserreich\/#breadcrumb"},"inLanguage":"de","potentialAction":[{"@type":"ReadAction","target":["https:\/\/www.ewigerbund.org\/film\/10-vatikan-und-das-kaiserreich\/"]}]},{"@type":"ImageObject","inLanguage":"de","@id":"https:\/\/www.ewigerbund.org\/film\/10-vatikan-und-das-kaiserreich\/#primaryimage","url":"https:\/\/www.ewigerbund.org\/film\/wp-content\/uploads\/sites\/38\/2023\/02\/EB-Mediathek-Film10.jpg","contentUrl":"https:\/\/www.ewigerbund.org\/film\/wp-content\/uploads\/sites\/38\/2023\/02\/EB-Mediathek-Film10.jpg","width":1748,"height":994},{"@type":"BreadcrumbList","@id":"https:\/\/www.ewigerbund.org\/film\/10-vatikan-und-das-kaiserreich\/#breadcrumb","itemListElement":[{"@type":"ListItem","position":1,"name":"Startseite","item":"https:\/\/www.ewigerbund.org\/film\/"},{"@type":"ListItem","position":2,"name":"#10 Vatikan und das Kaiserreich."}]},{"@type":"WebSite","@id":"https:\/\/www.ewigerbund.org\/film\/#website","url":"https:\/\/www.ewigerbund.org\/film\/","name":"Mediathek.","description":"Verfassungsb\u00fcndnis der deutschen Einzelstaaten.","publisher":{"@id":"https:\/\/www.ewigerbund.org\/film\/#organization"},"potentialAction":[{"@type":"SearchAction","target":{"@type":"EntryPoint","urlTemplate":"https:\/\/www.ewigerbund.org\/film\/?s={search_term_string}"},"query-input":"required name=search_term_string"}],"inLanguage":"de"},{"@type":"Organization","@id":"https:\/\/www.ewigerbund.org\/film\/#organization","name":"Mediathek.","url":"https:\/\/www.ewigerbund.org\/film\/","logo":{"@type":"ImageObject","inLanguage":"de","@id":"https:\/\/www.ewigerbund.org\/film\/#\/schema\/logo\/image\/","url":"https:\/\/www.ewigerbund.org\/film\/wp-content\/uploads\/sites\/38\/2022\/11\/2022-09-20-Logo-EB_Schutzzone_V4_Transparent.png","contentUrl":"https:\/\/www.ewigerbund.org\/film\/wp-content\/uploads\/sites\/38\/2022\/11\/2022-09-20-Logo-EB_Schutzzone_V4_Transparent.png","width":2000,"height":1982,"caption":"Mediathek."},"image":{"@id":"https:\/\/www.ewigerbund.org\/film\/#\/schema\/logo\/image\/"}},{"@type":"Person","@id":"","url":"https:\/\/www.ewigerbund.org\/film\/author\/"}]}},"_links":{"self":[{"href":"https:\/\/www.ewigerbund.org\/film\/wp-json\/wp\/v2\/posts\/1008","targetHints":{"allow":["GET"]}}],"collection":[{"href":"https:\/\/www.ewigerbund.org\/film\/wp-json\/wp\/v2\/posts"}],"about":[{"href":"https:\/\/www.ewigerbund.org\/film\/wp-json\/wp\/v2\/types\/post"}],"author":[{"embeddable":true,"href":"https:\/\/www.ewigerbund.org\/film\/wp-json\/wp\/v2\/users\/16"}],"replies":[{"embeddable":true,"href":"https:\/\/www.ewigerbund.org\/film\/wp-json\/wp\/v2\/comments?post=1008"}],"version-history":[{"count":9,"href":"https:\/\/www.ewigerbund.org\/film\/wp-json\/wp\/v2\/posts\/1008\/revisions"}],"predecessor-version":[{"id":3394,"href":"https:\/\/www.ewigerbund.org\/film\/wp-json\/wp\/v2\/posts\/1008\/revisions\/3394"}],"wp:featuredmedia":[{"embeddable":true,"href":"https:\/\/www.ewigerbund.org\/film\/wp-json\/wp\/v2\/media\/2415"}],"wp:attachment":[{"href":"https:\/\/www.ewigerbund.org\/film\/wp-json\/wp\/v2\/media?parent=1008"}],"wp:term":[{"taxonomy":"category","embeddable":true,"href":"https:\/\/www.ewigerbund.org\/film\/wp-json\/wp\/v2\/categories?post=1008"},{"taxonomy":"post_tag","embeddable":true,"href":"https:\/\/www.ewigerbund.org\/film\/wp-json\/wp\/v2\/tags?post=1008"}],"curies":[{"name":"wp","href":"https:\/\/api.w.org\/{rel}","templated":true}]}}