{"id":3139,"date":"2024-08-11T10:00:00","date_gmt":"2024-08-11T08:00:00","guid":{"rendered":"https:\/\/www.ewigerbund.org\/eb\/?p=3139"},"modified":"2025-04-28T11:09:16","modified_gmt":"2025-04-28T09:09:16","slug":"janas-weg-zum-ewigen-bund","status":"publish","type":"post","link":"https:\/\/www.ewigerbund.org\/eb\/janas-weg-zum-ewigen-bund\/","title":{"rendered":"Janas Weg zum ewigen Bund."},"content":{"rendered":"<div class=\"gb-grid-wrapper gb-grid-wrapper-e4b93fc0\">\n<div class=\"gb-grid-column gb-grid-column-90936cb7\"><div class=\"gb-container gb-container-90936cb7\"><\/div><\/div>\n\n<div class=\"gb-grid-column gb-grid-column-64198983\"><div class=\"gb-container gb-container-64198983\">\n\n<div class=\"wp-block-my-custom-block-2-cat-box-2 is-layout-flex wp-container-3 wp-block-columns cat-box-border\"><div class=\"is-layout-flow wp-block-column\"><figure class=\"wp-block-image size-large\"><img decoding=\"async\" src=\"https:\/\/www.ewigerbund.org\/eb\/wp-content\/uploads\/sites\/42\/2024\/08\/2024-07-29-meine-geschichte-jana-podcastbild.jpg\" alt=\"\"\/><\/figure><\/div><div class=\"is-layout-flow wp-block-column\"><p class=\"has-contrast-3-color has-text-color has-small-font-size\"><\/p><p class=\"has-accent-color has-text-color has-medium-font-size\"><\/p><h2>Podcast.<\/h2><p><\/p><p><a href=\"https:\/\/podcast.ewigerbund.org\/podcast\/mut-kraft-und-heilung\/\">Janas Geschichte anh\u00f6ren. \u2192<\/a><\/p><\/div><\/div>\n\n<\/div><\/div>\n\n<div class=\"gb-grid-column gb-grid-column-30f339ca\"><div class=\"gb-container gb-container-30f339ca\"><\/div><\/div>\n<\/div>\n\n\n<h2 class=\"wp-block-heading\"><strong>Mut, Kraft und Heilung.<\/strong><\/h2>\n\n\n\n<p>Man nennt mich Jana, ich bin nachgewiesene Preu\u00dfin und stolz darauf. Wie ich zu meinen Ahnen fand und welche Begegnungen und Erkenntnisse ich dabei hatte, m\u00f6chte ich hier erz\u00e4hlen.<\/p>\n\n\n\n<p>Ich kann nicht mehr genau sagen, wann meine Faszination f\u00fcr Schl\u00f6sser, Parks und die Geschichte hinter deren Mauern begann. Aber irgendwie war ich st\u00e4ndig auf der Suche nach dem, so w\u00fcrde ich es heute bezeichnen, was der Sinn des Lebens ist.<\/p>\n\n\n\n<p>In den alten Geschichten verbarg sich f\u00fcr mich etwas Geheimnisvolles, das mich anzog, und dennoch konnte ich nie Antworten finden, woher die Vorliebe kam.<\/p>\n\n\n\n<p>Als Kind der DDR wuchs ich in sozialistischen Verh\u00e4ltnissen auf. Ich interessierte mich nur wenig f\u00fcr die politischen Belange. Es schwang jedoch immer eine gewisse \u201eAngst\u201c mit, da\u00df, wenn man nicht mit dem Strom schwimmt oder bestimmte Gedankenregeln nicht befolgte, es unangenehm werden k\u00f6nnte. Irgendetwas stimmte also nicht. Was es genau war, wu\u00dfte ich damals nat\u00fcrlich noch nicht. Die Zeit der sogenannten Wende betrachtete ich mit einem mulmigen Gef\u00fchl. Man erz\u00e4hlte uns damals, die DDR war Bankrott und die BRD hat die \u201eOssis\u201c gerettet. Es sollte jedoch noch mindestens 30 Jahre dauern, bis ich erfuhr, da\u00df mir meine Intuition damals ein Signal gab.<\/p>\n\n\n\n<p><strong>Die Zeit vor der Pandemie.<\/strong><\/p>\n\n\n\n<p>Eines Tages stutze ich, als ich auf Facebook eine Meinung von Markus Gelau zum Thema \u201eDDR Millionen\u201c las. Das war 2019. Ich fand heraus, da\u00df die DDR nie \u201ePleite\u201c war und die damaligen Demonstrationen zur Wende von Kirchendienern und westlichen Politikern veranstaltet wurden. Einer von ihnen war Gregor Gysi, aber auch Hans Joachim M\u00fcller. Hajo, wie er liebevoll genannt wird, nennt sich selbst einen Mann der ersten Stunde, der in der Leipziger Kirche, in der die Montagsdemos ihren Ursprung hatten, sowie sp\u00e4ter auch im Forum mitwirkte. Meine wachsende Erkenntnis, da\u00df nicht das \u201eDDR-Volk\u201c die Wende herbeigef\u00fchrt hatte, sondern eine handvoll Menschen die Masse geschickt lenkten, war schon sehr erdr\u00fcckend. Der \u201eAusverkauf der DDR\u201c durch Gorbatschow, der auf diese Art f\u00fcr die Sowjetunion Gelder generierte, schlug bei mir dem Fa\u00df den Boden aus. Wie skrupellos hier mir Menschen gespielt wurde, ist unbegreiflich. Gleicherma\u00dfen hatten DDR-Politiker wie Gregor Gysi oder Lothar de Maizi\u00e8re die vom \u201eDDR-Volk\u201c erwirtschafteten \u2212 insbesondere die Parteimitgliedsbeitr\u00e4ge \u2212 mal eben ins Ausland transferiert. (Quelle: \u2794 <a href=\"https:\/\/www.spiegel.de\/geschichte\/verschwundenes-sed-vermoegen-plastiktueten-voller-geld-ard-dokuserie-die-milliardenjagd-a-ad96cae1-084a-412e-a25d-f5e95357da3e\" target=\"_blank\" rel=\"noreferrer noopener\">www.spiegel.de<\/a>  , \u2794 <a href=\"https:\/\/www.welt.de\/wirtschaft\/article134088763\/Die-DDR-war-in-Wahrheit-gar-nicht-pleite.html#evox2xuatcq\" target=\"_blank\" rel=\"noreferrer noopener\">www.welt.de<\/a> ). Auch wenn man sp\u00e4ter durch die Medien vermitteln wollte, da\u00df diese Gelder angeblich in Projekte f\u00fcr die Bev\u00f6lkerung flo\u00dfen, so bleibt es in der breiten Masse ein Geheimnis und die meisten glauben nach wie vor, da\u00df die DDR wirtschaftlich am Boden war. Aber das ist ein anderes Thema.<\/p>\n\n\n\n<p>Bereits 2015 mit der gro\u00dfen, noch nie dagewesenen Migrationswelle, mit den Massenbegrapschungen am K\u00f6lner Dom zu Silvester stieg mein Frust \u00fcber das unsagbare Nichtstun der Politik enorm an. Damals dachte ich tats\u00e4chlich noch, \u00fcber Parteien k\u00f6nnte man etwas \u00e4ndern. Also las ich die Parteiprogramme, verglich sie und dort wo ich die meisten \u00dcbereinstimmungen hatte, sollte dann mein Kreuzchen gesetzt werden. Heute wei\u00df ich dank Aussagen unz\u00e4hliger Politiker, da\u00df dies nur der Effekthascherei dient und diese Programme nie Teil einer Umsetzung werden sollten und auch immer noch nicht sollen. Wie sagte Herr Seehofer so sch\u00f6n: \u201eDiejenigen, die gew\u00e4hlt werden, haben nicht das Sagen. Und diejenigen, die das Sagen haben, sind nicht gew\u00e4hlt.\u201c Diese Worte habe ich erst viel sp\u00e4ter begriffen. Nichtsdestotrotz, wo ich zuvor mal die Linke, mal die FDP w\u00e4hlte, war ich damals \u00fcberzeugt, es kann nur die AfD sein. Die Ern\u00fcchterung folgte prompt. Vier Jahre passierte genau genommen nichts. Unz\u00e4hlige Klagen und Petitionen verliefen im Sande bzw. wurden deren Ergebnisse gar nicht mehr an die W\u00e4hler herangetragen. Vielleicht weil es keine gab? Man las und h\u00f6rte einfach nichts mehr. Heute wei\u00df ich, es dient der Besch\u00e4ftigung der Massen. Die Leute sind beruhigt, denn sie haben ja etwas getan. Fatal. Es soll sich nichts \u00e4ndern!<\/p>\n\n\n\n<p><strong>Die Begegnungen mit dem Sumpf.<\/strong><\/p>\n\n\n\n<p>Durch den Algorithmus von Facebook wurde mir 2019 der Bauunternehmer Peter Weber vorgeschlagen. P. Weber ist noch heute sehr aktiv mit dem extra gegr\u00fcndeten Verein \u201eHallo Meinung\u201c, eine f\u00fcr mich damals neue M\u00f6glichkeit, den politischen Entgleisungen etwas entgegenzusetzen. Man hatte das Gef\u00fchl, endlich seinem Zorn freien Lauf lassen zu k\u00f6nnen und Gleichgesinnte gefunden zu haben. Ich zahlte freiwillig einen Mitgliedsbeitrag und hoffte darauf, da\u00df Themen aufgegriffen und in der \u00d6ffentlichkeit angesprochen werden. Zumindest hatte man bei den unz\u00e4hligen Formaten von \u201eHallo Meinung\u201c den Eindruck, endlich geh\u00f6rt zu werden. Schnell mu\u00dfte ich merken, da\u00df nicht die Stimmen der Mitglieder dieses Vereins z\u00e4hlten, sondern lediglich das Geld. Anregungen, Hinweise und Ideen wurden schlichtweg ignoriert. Stattdessen sollten sich die Menschen damit befassen, wie sie die GEZ boykottieren oder gegen diese schriftlich vorgehen. Daf\u00fcr wurde sogar ein Medienanwalt vorgestellt, der diese Schreiben als Vorlage verfa\u00dfte.<\/p>\n\n\n\n<p>Die Leute, die neue Hoffnung zur \u00c4nderung sch\u00f6pften, wurden, wie es sich herausstellen sollte, f\u00fcr die CDU vorbereitet und dazu ermutigt, die junge Union mit Herrn Maa\u00dfen (ehemaliger Chef des sogenannten Verfassungsschutzes) als den \u201evertrauensw\u00fcrdigen\u201c M\u00e4rtyrer, zu bef\u00fcrworten. Diese meine eigene Erkenntnis half mir auf meinem weiteren Weg, die wahrhaften Beweggr\u00fcnde verschiedener Gruppen zu erkennen, die wie Pilze aus dem Boden scho\u00dfen. Ich lernte, genauer hinzusehen.<\/p>\n\n\n\n<p>Parteien stellten f\u00fcr mich zu diesem Zeitpunkt schon den Teil unserer heutigen Probleme dar. Es ging um Steuerung der Meinungen und der Spaltung durch regelrechte Manifeste (Parteienprogramme) innerhalb der Gesellschaft. Erst viel sp\u00e4ter las ich im \u00a7 129 des Strafgesetzbuches zur Bildung krimineller Vereinigungen, worauf bis zu f\u00fcnf Jahre Freiheitsstrafe oder Geldstrafe steht, unter dem Absatz 3, da\u00df explizit Parteien ausgeschlossen werden. Zitat: \u201eAbsatz 1 ist nicht anzuwenden, &#8230;wenn die Vereinigung eine politische Partei ist, die das Bundesverfassungsgericht nicht f\u00fcr verfassungswidrig erkl\u00e4rt hat,\u2026\u201c Eine kriminelle Vereinigung ist also per \u201eGesetz\u201c erlaubt, wenn es eine Partei ist? Wow. Was f\u00fcr eine Offenbarung.<\/p>\n\n\n\n<p>Fast zeitgleich, also Anfang 2020, fiel mir die Drucksache 17\/12051 (Quelle: <a href=\"https:\/\/dserver.bundestag.de\/btd\/17\/120\/1712051.pdf\" target=\"_blank\" rel=\"noreferrer noopener\">https:\/\/dserver.bundestag.de\/<\/a>) vom 3. Januar 2013 in die H\u00e4nde. Dieses Papier der sogenannten Bundesregierung dokumentierte zwei Szenarien in Form des Katastrophenschutzes. Als Argument wird hier gern vermittelt, da\u00df diese Szenarien nur \u201e\u00dcbungszwecken\u201c dienen, die beschreiben, wie man in solchen Situationen innerhalb des Landes vorgehen m\u00fcsse. Jedenfalls wurden darin Sars-Cov2 und ein Hochwasserszenario er\u00f6rtert. Mit der Corona-Pandemie las sich dieses Dokument wie ein Drehbuch. Ausbruchsort, Verbreitung, Ma\u00dfnahmen, Impfstoffe usw. Alles traf in den darauf folgenden Monaten ein. Die Einsperrma\u00dfnahmen, Impfstoffe, Separation der Menschen \u2212 alles sauber beschrieben. Ab hier wu\u00dfte ich, da\u00df wir ordentlich belogen und betrogen werden.<\/p>\n\n\n\n<p><strong>Fluch und Segen \u2013 Internet.<\/strong><\/p>\n\n\n\n<p>Innerhalb weniger Monate durchforstete ich massenweise Informationen im Weltnetz und in den sozialen Medien wie x22-Report, Veikko St\u00f6lzer, Hajo M\u00fcller mit seiner Tageskorrektur und den Vortr\u00e4gen an der Thaya sowie den zahlreichen G\u00e4sten, u. a. Gernot v. Hagen, J\u00f6rn Austinat oder Sam J\u00f6lig. Fast \u00fcberall ging es anfangs irgendwie um das Thema Kaiser, Friedensvertrag oder vorwiegend die Machenschaften der Politik und Prominenz im In- aber vor allem im Ausland, speziell die USA. Ich las mitunter \u00fcber 500 Kurzmeldungen pro Tag, versuchte sie in meinem Ged\u00e4chtnis abzuspeichern. Dadurch verkn\u00fcpfte ich Punkte und konnte meine Sicht auf die politischen Geschehnisse so allm\u00e4hlich zusammenf\u00fcgen.<\/p>\n\n\n\n<p>In Hajos Tageskorrektur war irgendwann einmal ein Flugblatt vom ewigen Bund zu sehen. Ich suchte danach und wurde auf YouTube f\u00fcndig. So kam ich mit der Filmreihe \u201eWissen ist eine Holschuld\u201c in Ber\u00fchrung, die den inneren Funken z\u00fcnden lie\u00df. Es sollte aber noch ein Weilchen dauern, bis mir klar wurde, da\u00df der aufgezeigte Weg im ewigen Bund der Einzige sein kann. Ich sah mir immer wieder und wieder die Filme und auch die Vortr\u00e4ge an. Zwischendurch stie\u00df ich in YouTube auf andere Dokumentationen, u.a. \u201eDie Geheime Geschichte I\u201c und \u201eII\u201c. Ich erfuhr vom Hooten-, Morgenthau-Plan, Paperclip und all die b\u00f6sartigen Verbrechen in der Weltgeschichte. Mein Herz blutete. Ich konnte es nicht verstehen, wozu Menschen in der Lage sind und konnte noch schwerer fassen, was mir die ganzen Jahre, nein, mein ganzes Leben, verschwiegen und vertuscht wurde.<\/p>\n\n\n\n<p>Im weiteren Verlauf stie\u00df ich dann auf Leute wie Ratzeburg, \u201eK\u00f6nig Maik\u201c und Herrn Fitzek, dem selbsternannten \u201eK\u00f6nig von Deutschland\u201c, wie ihn Rio Raiser einst besang, weiterhin auf Frank Radon, Heinrich G\u00f6ttsche, R\u00fcdiger Hoffmann, um nur einige zu nennen. Sie alle hatten eins gemeinsam. Sie erz\u00e4hlten wahnsinnig viel, aber es gab keine Aussicht auf irgendeinen Ausweg aus der Situation, au\u00dfer, da\u00df wir uns auf Trump, Putin und Co. verlassen oder gegen das System ank\u00e4mpfen sollten. Gemalte Szenarien wie B\u00fcrgerkrieg, die aus meinem Verst\u00e4ndnis insbesondere durch gezielt inszenierte Demonstrationen wie in der DDR-Endzeit hervorgerufen werden, lie\u00dfen mich innerlich erschaudern.<\/p>\n\n\n\n<p><strong>Das Ziel bestimmt den Weg.<\/strong><\/p>\n\n\n\n<p>So begann in mir der Gedanke zu reifen, da\u00df all das nicht f\u00f6rderlich ist, um wirklich etwas \u00e4ndern zu k\u00f6nnen. Beim ewigen Bund las ich immer mal wieder die bereitgestellten Quellen und bekam die ersten Aha-Momente. Die eingangs erw\u00e4hnte Vorliebe f\u00fcr Schl\u00f6sser und deren Geschichten dahinter fand ich in der Reihe \u201eWissen ist eine Holschuld\u201c wieder und mir wurde klar, was meine innere Stimme mir l\u00e4ngst sagte. Die deutsche Geschichte besteht aus sehr viel mehr als nur einem unendlichen Krieg. Ich verstand nach und nach, was uns eigentlich weggenommen wurde. Jeder Mensch hat ein nat\u00fcrlich ausgepr\u00e4gtes Rechtsempfinden. Der Spruch: \u201eAus Unrecht kann niemals Recht erwachsen.\u201c ist so wahr und verst\u00e4rkt in mir nach wie vor den Drang, dieses Unrecht zu heilen.<\/p>\n\n\n\n<p>Ende 2020 meldete ich mich beim ewigen Bund. Ich dachte damals: \u201eSch\u2026 drauf, was hast du zu verlieren? Das ganze Land ist am Zusammenbrechen und es kann nicht schlimmer werden.\u201c oder \u201eAber, bin ich dann vielleicht Reichsb\u00fcrger?\u201c Auch dieser Gedanke, da\u00df ich mich da auf d\u00fcnnes Eis begebe und wom\u00f6glich in eine Schublade gesteckt werde, bzw. ob ich Konsequenzen bef\u00fcrchten m\u00fc\u00dfte, war mir mittlerweile egal. Heute wei\u00df ich, warum man Begriffe wie Verschw\u00f6rungstheoretiker oder Reichsb\u00fcrger medial in die Gesellschaft streut. Es dient, wie Parteien auch, der Spaltung und Stigmatisierung von Menschen, die sich ihres eigenen Verstandes bedienen. Ich habe mich immer gefragt: \u201eWie konnten die Menschen fr\u00fcher nur wegsehen? Es waren Nachbarn, Freunde ja, sogar Eheleute. Wie konnten die Menschen damals alles zulassen, verraten oder wegschauen?\u201c Jetzt wei\u00df ich die Antworten. Sie wurden beeinflu\u00dft und in einer permanenten Angst gehalten, so wie wir heute.<\/p>\n\n\n\n<p>Ich habe diese Angst mit dem Wissen um den ewigen Bund komplett verloren. Heute bin ich von der Zuversicht getragen und arbeite zielstrebig ohne Wenn und Aber f\u00fcr die Freiheit aller Menschen, insbesondere der Deutschen, egal ob sie es wollen oder nicht. Ich bin stolz, Preu\u00dfin zu sein und noch stolzer, meinem K\u00f6nig den gr\u00f6\u00dften Dienst erweisen zu d\u00fcrfen: Treue gegen\u00fcber seinem Erbe, Loyalit\u00e4t gegen\u00fcber seiner Person und die Ehre, diese gro\u00dfe Aufgabe angenommen zu haben und mit vielen anderen den Weg in den Frieden zu gehen. Ich w\u00fcnsche mir f\u00fcr alle Leser, da\u00df sie mit meiner Geschichte, den ersten Schritt wagen k\u00f6nnen.<\/p>\n\n\n\n<div style=\"height:30px\" aria-hidden=\"true\" class=\"wp-block-spacer\"><\/div>\n","protected":false},"excerpt":{"rendered":"<p>Mut, Kraft und Heilung. Man nennt mich Jana, ich bin nachgewiesene Preu\u00dfin und stolz darauf. Wie ich zu meinen Ahnen fand und welche Begegnungen und Erkenntnisse ich dabei hatte, m\u00f6chte ich hier erz\u00e4hlen. Ich kann nicht mehr genau sagen, wann meine Faszination f\u00fcr Schl\u00f6sser, Parks und die Geschichte hinter deren Mauern begann. Aber irgendwie war [&hellip;]<\/p>\n","protected":false},"author":16,"featured_media":3140,"comment_status":"open","ping_status":"open","sticky":false,"template":"","format":"standard","meta":{"footnotes":""},"categories":[24],"tags":[],"class_list":["post-3139","post","type-post","status-publish","format-standard","has-post-thumbnail","hentry","category-meine-geschichte"],"yoast_head":"<!-- This site is optimized with the Yoast SEO plugin v23.1 - https:\/\/yoast.com\/wordpress\/plugins\/seo\/ -->\n<title>Janas Weg zum ewigen Bund. | Der ewige Bund.<\/title>\n<meta name=\"description\" content=\"Man nennt mich Jana, ich bin nachgewiesene Preu\u00dfin und stolz darauf. Wie ich zu meinen Ahnen fand und welche Begegnungen und Erkenntnisse ich dabei hatte, m\u00f6chte ich hier erz\u00e4hlen.\" \/>\n<meta name=\"robots\" content=\"index, follow, max-snippet:-1, max-image-preview:large, max-video-preview:-1\" \/>\n<link rel=\"canonical\" href=\"https:\/\/www.ewigerbund.org\/eb\/janas-weg-zum-ewigen-bund\/\" \/>\n<meta property=\"og:locale\" content=\"de_DE\" \/>\n<meta property=\"og:type\" content=\"article\" \/>\n<meta property=\"og:title\" content=\"Janas Weg zum ewigen Bund. | Der ewige Bund.\" \/>\n<meta property=\"og:description\" content=\"Man nennt mich Jana, ich bin nachgewiesene Preu\u00dfin und stolz darauf. Wie ich zu meinen Ahnen fand und welche Begegnungen und Erkenntnisse ich dabei hatte, m\u00f6chte ich hier erz\u00e4hlen.\" \/>\n<meta property=\"og:url\" content=\"https:\/\/www.ewigerbund.org\/eb\/janas-weg-zum-ewigen-bund\/\" \/>\n<meta property=\"og:site_name\" content=\"Der ewige Bund.\" \/>\n<meta property=\"article:published_time\" content=\"2024-08-11T08:00:00+00:00\" \/>\n<meta property=\"article:modified_time\" content=\"2025-04-28T09:09:16+00:00\" \/>\n<meta property=\"og:image\" content=\"https:\/\/www.ewigerbund.org\/eb\/wp-content\/uploads\/sites\/42\/2024\/08\/2024-07-29-meine-geschichte-jana-beitragsbild.jpg\" \/>\n\t<meta property=\"og:image:width\" content=\"1748\" \/>\n\t<meta property=\"og:image:height\" content=\"994\" \/>\n\t<meta property=\"og:image:type\" content=\"image\/jpeg\" \/>\n<meta name=\"twitter:card\" content=\"summary_large_image\" \/>\n<meta name=\"twitter:label1\" content=\"Verfasst von\" \/>\n\t<meta name=\"twitter:data1\" content=\"\" \/>\n\t<meta name=\"twitter:label2\" content=\"Gesch\u00e4tzte Lesezeit\" \/>\n\t<meta name=\"twitter:data2\" content=\"11\u00a0Minuten\" \/>\n<script type=\"application\/ld+json\" class=\"yoast-schema-graph\">{\"@context\":\"https:\/\/schema.org\",\"@graph\":[{\"@type\":\"Article\",\"@id\":\"https:\/\/www.ewigerbund.org\/eb\/janas-weg-zum-ewigen-bund\/#article\",\"isPartOf\":{\"@id\":\"https:\/\/www.ewigerbund.org\/eb\/janas-weg-zum-ewigen-bund\/\"},\"author\":{\"name\":\"\",\"@id\":\"\"},\"headline\":\"Janas Weg zum ewigen Bund.\",\"datePublished\":\"2024-08-11T08:00:00+00:00\",\"dateModified\":\"2025-04-28T09:09:16+00:00\",\"mainEntityOfPage\":{\"@id\":\"https:\/\/www.ewigerbund.org\/eb\/janas-weg-zum-ewigen-bund\/\"},\"wordCount\":1889,\"commentCount\":0,\"publisher\":{\"@id\":\"https:\/\/www.ewigerbund.org\/eb\/#organization\"},\"image\":{\"@id\":\"https:\/\/www.ewigerbund.org\/eb\/janas-weg-zum-ewigen-bund\/#primaryimage\"},\"thumbnailUrl\":\"https:\/\/www.ewigerbund.org\/eb\/wp-content\/uploads\/sites\/42\/2024\/08\/2024-07-29-meine-geschichte-jana-beitragsbild.jpg\",\"articleSection\":[\"Meine Geschichte\"],\"inLanguage\":\"de\",\"potentialAction\":[{\"@type\":\"CommentAction\",\"name\":\"Comment\",\"target\":[\"https:\/\/www.ewigerbund.org\/eb\/janas-weg-zum-ewigen-bund\/#respond\"]}]},{\"@type\":\"WebPage\",\"@id\":\"https:\/\/www.ewigerbund.org\/eb\/janas-weg-zum-ewigen-bund\/\",\"url\":\"https:\/\/www.ewigerbund.org\/eb\/janas-weg-zum-ewigen-bund\/\",\"name\":\"Janas Weg zum ewigen Bund. | Der ewige Bund.\",\"isPartOf\":{\"@id\":\"https:\/\/www.ewigerbund.org\/eb\/#website\"},\"primaryImageOfPage\":{\"@id\":\"https:\/\/www.ewigerbund.org\/eb\/janas-weg-zum-ewigen-bund\/#primaryimage\"},\"image\":{\"@id\":\"https:\/\/www.ewigerbund.org\/eb\/janas-weg-zum-ewigen-bund\/#primaryimage\"},\"thumbnailUrl\":\"https:\/\/www.ewigerbund.org\/eb\/wp-content\/uploads\/sites\/42\/2024\/08\/2024-07-29-meine-geschichte-jana-beitragsbild.jpg\",\"datePublished\":\"2024-08-11T08:00:00+00:00\",\"dateModified\":\"2025-04-28T09:09:16+00:00\",\"description\":\"Man nennt mich Jana, ich bin nachgewiesene Preu\u00dfin und stolz darauf. Wie ich zu meinen Ahnen fand und welche Begegnungen und Erkenntnisse ich dabei hatte, m\u00f6chte ich hier erz\u00e4hlen.\",\"breadcrumb\":{\"@id\":\"https:\/\/www.ewigerbund.org\/eb\/janas-weg-zum-ewigen-bund\/#breadcrumb\"},\"inLanguage\":\"de\",\"potentialAction\":[{\"@type\":\"ReadAction\",\"target\":[\"https:\/\/www.ewigerbund.org\/eb\/janas-weg-zum-ewigen-bund\/\"]}]},{\"@type\":\"ImageObject\",\"inLanguage\":\"de\",\"@id\":\"https:\/\/www.ewigerbund.org\/eb\/janas-weg-zum-ewigen-bund\/#primaryimage\",\"url\":\"https:\/\/www.ewigerbund.org\/eb\/wp-content\/uploads\/sites\/42\/2024\/08\/2024-07-29-meine-geschichte-jana-beitragsbild.jpg\",\"contentUrl\":\"https:\/\/www.ewigerbund.org\/eb\/wp-content\/uploads\/sites\/42\/2024\/08\/2024-07-29-meine-geschichte-jana-beitragsbild.jpg\",\"width\":1748,\"height\":994},{\"@type\":\"BreadcrumbList\",\"@id\":\"https:\/\/www.ewigerbund.org\/eb\/janas-weg-zum-ewigen-bund\/#breadcrumb\",\"itemListElement\":[{\"@type\":\"ListItem\",\"position\":1,\"name\":\"Startseite\",\"item\":\"https:\/\/www.ewigerbund.org\/eb\/\"},{\"@type\":\"ListItem\",\"position\":2,\"name\":\"Janas Weg zum ewigen Bund.\"}]},{\"@type\":\"WebSite\",\"@id\":\"https:\/\/www.ewigerbund.org\/eb\/#website\",\"url\":\"https:\/\/www.ewigerbund.org\/eb\/\",\"name\":\"Der ewige Bund.\",\"description\":\"Verfassungsb\u00fcndnis der deutschen Einzelstaaten.\",\"publisher\":{\"@id\":\"https:\/\/www.ewigerbund.org\/eb\/#organization\"},\"potentialAction\":[{\"@type\":\"SearchAction\",\"target\":{\"@type\":\"EntryPoint\",\"urlTemplate\":\"https:\/\/www.ewigerbund.org\/eb\/?s={search_term_string}\"},\"query-input\":\"required name=search_term_string\"}],\"inLanguage\":\"de\"},{\"@type\":\"Organization\",\"@id\":\"https:\/\/www.ewigerbund.org\/eb\/#organization\",\"name\":\"Der ewige Bund.\",\"url\":\"https:\/\/www.ewigerbund.org\/eb\/\",\"logo\":{\"@type\":\"ImageObject\",\"inLanguage\":\"de\",\"@id\":\"https:\/\/www.ewigerbund.org\/eb\/#\/schema\/logo\/image\/\",\"url\":\"https:\/\/www.ewigerbund.org\/eb\/wp-content\/uploads\/sites\/42\/2023\/01\/2022-09-20-Logo-EB_Schutzzone_V4_Transparent.png\",\"contentUrl\":\"https:\/\/www.ewigerbund.org\/eb\/wp-content\/uploads\/sites\/42\/2023\/01\/2022-09-20-Logo-EB_Schutzzone_V4_Transparent.png\",\"width\":2000,\"height\":1982,\"caption\":\"Der ewige Bund.\"},\"image\":{\"@id\":\"https:\/\/www.ewigerbund.org\/eb\/#\/schema\/logo\/image\/\"}},{\"@type\":\"Person\",\"@id\":\"\",\"url\":\"https:\/\/www.ewigerbund.org\/eb\/author\/\"}]}<\/script>\n<!-- \/ Yoast SEO plugin. -->","yoast_head_json":{"title":"Janas Weg zum ewigen Bund. | Der ewige Bund.","description":"Man nennt mich Jana, ich bin nachgewiesene Preu\u00dfin und stolz darauf. Wie ich zu meinen Ahnen fand und welche Begegnungen und Erkenntnisse ich dabei hatte, m\u00f6chte ich hier erz\u00e4hlen.","robots":{"index":"index","follow":"follow","max-snippet":"max-snippet:-1","max-image-preview":"max-image-preview:large","max-video-preview":"max-video-preview:-1"},"canonical":"https:\/\/www.ewigerbund.org\/eb\/janas-weg-zum-ewigen-bund\/","og_locale":"de_DE","og_type":"article","og_title":"Janas Weg zum ewigen Bund. | Der ewige Bund.","og_description":"Man nennt mich Jana, ich bin nachgewiesene Preu\u00dfin und stolz darauf. Wie ich zu meinen Ahnen fand und welche Begegnungen und Erkenntnisse ich dabei hatte, m\u00f6chte ich hier erz\u00e4hlen.","og_url":"https:\/\/www.ewigerbund.org\/eb\/janas-weg-zum-ewigen-bund\/","og_site_name":"Der ewige Bund.","article_published_time":"2024-08-11T08:00:00+00:00","article_modified_time":"2025-04-28T09:09:16+00:00","og_image":[{"width":1748,"height":994,"url":"https:\/\/www.ewigerbund.org\/eb\/wp-content\/uploads\/sites\/42\/2024\/08\/2024-07-29-meine-geschichte-jana-beitragsbild.jpg","type":"image\/jpeg"}],"twitter_card":"summary_large_image","twitter_misc":{"Verfasst von":"","Gesch\u00e4tzte Lesezeit":"11\u00a0Minuten"},"schema":{"@context":"https:\/\/schema.org","@graph":[{"@type":"Article","@id":"https:\/\/www.ewigerbund.org\/eb\/janas-weg-zum-ewigen-bund\/#article","isPartOf":{"@id":"https:\/\/www.ewigerbund.org\/eb\/janas-weg-zum-ewigen-bund\/"},"author":{"name":"","@id":""},"headline":"Janas Weg zum ewigen Bund.","datePublished":"2024-08-11T08:00:00+00:00","dateModified":"2025-04-28T09:09:16+00:00","mainEntityOfPage":{"@id":"https:\/\/www.ewigerbund.org\/eb\/janas-weg-zum-ewigen-bund\/"},"wordCount":1889,"commentCount":0,"publisher":{"@id":"https:\/\/www.ewigerbund.org\/eb\/#organization"},"image":{"@id":"https:\/\/www.ewigerbund.org\/eb\/janas-weg-zum-ewigen-bund\/#primaryimage"},"thumbnailUrl":"https:\/\/www.ewigerbund.org\/eb\/wp-content\/uploads\/sites\/42\/2024\/08\/2024-07-29-meine-geschichte-jana-beitragsbild.jpg","articleSection":["Meine Geschichte"],"inLanguage":"de","potentialAction":[{"@type":"CommentAction","name":"Comment","target":["https:\/\/www.ewigerbund.org\/eb\/janas-weg-zum-ewigen-bund\/#respond"]}]},{"@type":"WebPage","@id":"https:\/\/www.ewigerbund.org\/eb\/janas-weg-zum-ewigen-bund\/","url":"https:\/\/www.ewigerbund.org\/eb\/janas-weg-zum-ewigen-bund\/","name":"Janas Weg zum ewigen Bund. | Der ewige Bund.","isPartOf":{"@id":"https:\/\/www.ewigerbund.org\/eb\/#website"},"primaryImageOfPage":{"@id":"https:\/\/www.ewigerbund.org\/eb\/janas-weg-zum-ewigen-bund\/#primaryimage"},"image":{"@id":"https:\/\/www.ewigerbund.org\/eb\/janas-weg-zum-ewigen-bund\/#primaryimage"},"thumbnailUrl":"https:\/\/www.ewigerbund.org\/eb\/wp-content\/uploads\/sites\/42\/2024\/08\/2024-07-29-meine-geschichte-jana-beitragsbild.jpg","datePublished":"2024-08-11T08:00:00+00:00","dateModified":"2025-04-28T09:09:16+00:00","description":"Man nennt mich Jana, ich bin nachgewiesene Preu\u00dfin und stolz darauf. Wie ich zu meinen Ahnen fand und welche Begegnungen und Erkenntnisse ich dabei hatte, m\u00f6chte ich hier erz\u00e4hlen.","breadcrumb":{"@id":"https:\/\/www.ewigerbund.org\/eb\/janas-weg-zum-ewigen-bund\/#breadcrumb"},"inLanguage":"de","potentialAction":[{"@type":"ReadAction","target":["https:\/\/www.ewigerbund.org\/eb\/janas-weg-zum-ewigen-bund\/"]}]},{"@type":"ImageObject","inLanguage":"de","@id":"https:\/\/www.ewigerbund.org\/eb\/janas-weg-zum-ewigen-bund\/#primaryimage","url":"https:\/\/www.ewigerbund.org\/eb\/wp-content\/uploads\/sites\/42\/2024\/08\/2024-07-29-meine-geschichte-jana-beitragsbild.jpg","contentUrl":"https:\/\/www.ewigerbund.org\/eb\/wp-content\/uploads\/sites\/42\/2024\/08\/2024-07-29-meine-geschichte-jana-beitragsbild.jpg","width":1748,"height":994},{"@type":"BreadcrumbList","@id":"https:\/\/www.ewigerbund.org\/eb\/janas-weg-zum-ewigen-bund\/#breadcrumb","itemListElement":[{"@type":"ListItem","position":1,"name":"Startseite","item":"https:\/\/www.ewigerbund.org\/eb\/"},{"@type":"ListItem","position":2,"name":"Janas Weg zum ewigen Bund."}]},{"@type":"WebSite","@id":"https:\/\/www.ewigerbund.org\/eb\/#website","url":"https:\/\/www.ewigerbund.org\/eb\/","name":"Der ewige Bund.","description":"Verfassungsb\u00fcndnis der deutschen Einzelstaaten.","publisher":{"@id":"https:\/\/www.ewigerbund.org\/eb\/#organization"},"potentialAction":[{"@type":"SearchAction","target":{"@type":"EntryPoint","urlTemplate":"https:\/\/www.ewigerbund.org\/eb\/?s={search_term_string}"},"query-input":"required name=search_term_string"}],"inLanguage":"de"},{"@type":"Organization","@id":"https:\/\/www.ewigerbund.org\/eb\/#organization","name":"Der ewige Bund.","url":"https:\/\/www.ewigerbund.org\/eb\/","logo":{"@type":"ImageObject","inLanguage":"de","@id":"https:\/\/www.ewigerbund.org\/eb\/#\/schema\/logo\/image\/","url":"https:\/\/www.ewigerbund.org\/eb\/wp-content\/uploads\/sites\/42\/2023\/01\/2022-09-20-Logo-EB_Schutzzone_V4_Transparent.png","contentUrl":"https:\/\/www.ewigerbund.org\/eb\/wp-content\/uploads\/sites\/42\/2023\/01\/2022-09-20-Logo-EB_Schutzzone_V4_Transparent.png","width":2000,"height":1982,"caption":"Der ewige Bund."},"image":{"@id":"https:\/\/www.ewigerbund.org\/eb\/#\/schema\/logo\/image\/"}},{"@type":"Person","@id":"","url":"https:\/\/www.ewigerbund.org\/eb\/author\/"}]}},"_links":{"self":[{"href":"https:\/\/www.ewigerbund.org\/eb\/wp-json\/wp\/v2\/posts\/3139","targetHints":{"allow":["GET"]}}],"collection":[{"href":"https:\/\/www.ewigerbund.org\/eb\/wp-json\/wp\/v2\/posts"}],"about":[{"href":"https:\/\/www.ewigerbund.org\/eb\/wp-json\/wp\/v2\/types\/post"}],"author":[{"embeddable":true,"href":"https:\/\/www.ewigerbund.org\/eb\/wp-json\/wp\/v2\/users\/16"}],"replies":[{"embeddable":true,"href":"https:\/\/www.ewigerbund.org\/eb\/wp-json\/wp\/v2\/comments?post=3139"}],"version-history":[{"count":3,"href":"https:\/\/www.ewigerbund.org\/eb\/wp-json\/wp\/v2\/posts\/3139\/revisions"}],"predecessor-version":[{"id":3425,"href":"https:\/\/www.ewigerbund.org\/eb\/wp-json\/wp\/v2\/posts\/3139\/revisions\/3425"}],"wp:featuredmedia":[{"embeddable":true,"href":"https:\/\/www.ewigerbund.org\/eb\/wp-json\/wp\/v2\/media\/3140"}],"wp:attachment":[{"href":"https:\/\/www.ewigerbund.org\/eb\/wp-json\/wp\/v2\/media?parent=3139"}],"wp:term":[{"taxonomy":"category","embeddable":true,"href":"https:\/\/www.ewigerbund.org\/eb\/wp-json\/wp\/v2\/categories?post=3139"},{"taxonomy":"post_tag","embeddable":true,"href":"https:\/\/www.ewigerbund.org\/eb\/wp-json\/wp\/v2\/tags?post=3139"}],"curies":[{"name":"wp","href":"https:\/\/api.w.org\/{rel}","templated":true}]}}