{"id":3113,"date":"2024-07-28T10:00:00","date_gmt":"2024-07-28T08:00:00","guid":{"rendered":"https:\/\/www.ewigerbund.org\/eb\/?p=3113"},"modified":"2025-04-28T11:11:01","modified_gmt":"2025-04-28T09:11:01","slug":"sebastians-weg-zum-ewigen-bund","status":"publish","type":"post","link":"https:\/\/www.ewigerbund.org\/eb\/sebastians-weg-zum-ewigen-bund\/","title":{"rendered":"Sebastians Weg zum ewigen Bund."},"content":{"rendered":"<div class=\"gb-grid-wrapper gb-grid-wrapper-e4b93fc0\">\n<div class=\"gb-grid-column gb-grid-column-90936cb7\"><div class=\"gb-container gb-container-90936cb7\"><\/div><\/div>\n\n<div class=\"gb-grid-column gb-grid-column-64198983\"><div class=\"gb-container gb-container-64198983\">\n\n<div class=\"wp-block-my-custom-block-2-cat-box-2 is-layout-flex wp-container-3 wp-block-columns cat-box-border\"><div class=\"is-layout-flow wp-block-column\"><figure class=\"wp-block-image size-large\"><img decoding=\"async\" src=\"https:\/\/www.ewigerbund.org\/eb\/wp-content\/uploads\/sites\/42\/2024\/07\/2024-07-03-sebastian-meine-geschichte-podcast.jpg\" alt=\"\"\/><\/figure><\/div><div class=\"is-layout-flow wp-block-column\"><p class=\"has-contrast-3-color has-text-color has-small-font-size\"><\/p><p class=\"has-accent-color has-text-color has-medium-font-size\"><\/p><h2>Podcast.<\/h2><p><\/p><p><a href=\"https:\/\/podcast.ewigerbund.org\/podcast\/der-koenig-der-loewen\/\">Sebastians Geschichte anh\u00f6ren. \u2192<\/a><\/p><\/div><\/div>\n\n<\/div><\/div>\n\n<div class=\"gb-grid-column gb-grid-column-30f339ca\"><div class=\"gb-container gb-container-30f339ca\"><\/div><\/div>\n<\/div>\n\n\n<h2 class=\"wp-block-heading\"><strong>Der K\u00f6nig der L\u00f6wen<\/strong>.<\/h2>\n\n\n\n<p>Ich bin Sebastian und m\u00f6chte meine Geschichte \u00fcber den Weg zum ewigen Bund erz\u00e4hlen.<\/p>\n\n\n\n<p>Angefangen hat mein Nachdenken, als ich so Anfang 20 war, mit einer Reportage, die \u201cThrive\u201c oder so \u00e4hnlich hie\u00df. Darin ging es um einen Erben des P&amp;G Konzerns, der sich eine gro\u00dfe Abfindung von seiner Firma auszahlen lie\u00df. Er konnte die Unternehmensphilosophie mit sich selbst nicht mehr vereinbaren und verzichtete darauf, dort weiterzuarbeiten. Krass. Das Geld nutzte er, um \u00fcber freie Energie zu forschen. In dieser Reportage wurden auch ein paar Geschichten der Vergangenheit angeschnitten, wie z. B. die, wie Nikolai Tesla um seine Forschungsergebnisse betrogen wurde.<\/p>\n\n\n\n<p>Zum ersten Mal erkannte ich, da\u00df Vieles in Wahrheit nicht so ist, wie es offiziell dargestellt wird. Ich erkannte die Halbwahrheiten und L\u00fcgen. Als die Eurokrise 2008 sichtbar wurde, habe ich es schon als sehr eigenartig empfunden, wie sich die Banken in Unschuld gewaschen haben und alles auf den \u201ekleinen Mann\u201c abgew\u00e4lzt wurde.<\/p>\n\n\n\n<p>Vor etwa 10 Jahren habe ich von unserem \u00f6rtlichen Dachdeckermeister den Hinweis bekommen, mir Andreas Clauss anzusehen &#8211; wer oder was ist die BRD? In diesem Vortrag h\u00f6rte ich zum ersten Mal, warum das Deutschland, welches alle kennen, eine Firma sein soll.<\/p>\n\n\n\n<p>Ich hatte Feuer gefangen und forschte dazu weiter. Von Andreas Popp gab es ein paar Videos zum Finanzsystem, dem Goldstandard und wer eigentlich dieser Rothschild ist. Zeitgleich war in Dresden Pegida ganz gro\u00df. Da ich zu der Zeit wegen meiner 2. Ausbildung \u00f6fter in Dresden war, konnte ich mir ein eigenes Bild machen. Ich nahm an den Spazierg\u00e4ngen teil und erkannte &#8211; in den Medien wird gelogen.<\/p>\n\n\n\n<p>\u00dcber diese Pegida Demonstrationen und \u00fcber unseren Dachdeckermeister bin ich dann zu einer Gruppe gesto\u00dfen, die sich schon viel mit Themen wie dem Grundgesetz, SHAEF Gesetzen usw. auseinandergesetzt hatte. Diese Gruppe hielt jeden Monat einen Stammtisch im Ort ab. Es wurde versucht, \u00fcber die verschiedensten Wege irgendetwas zum Besseren zu bewegen. Die Restauration war unter anderem ein Thema. Dort bin ich dann auch mehrmals gewesen, lernte Menschen und ihre Beweggr\u00fcnde kennen.<\/p>\n\n\n\n<p>Ich bin dann nach einer Weile nicht mehr hingegangen. Der Grund war, da\u00df man nichts wirklich tun konnte, ich sah keinen Ausweg aus der Misere. Es wurde immer wieder \u00fcber das gleiche geredet und nichts passierte. Als ich einen Abend hunderte Bilder des Himmels anschauen musste, weil es um Chemtrails ging, habe ich beschlossen, die Zeit anders zu nutzen. Aber wie?<\/p>\n\n\n\n<p>Als dann die Corona Zeit begann, war mir sofort klar, da\u00df das der gr\u00f6\u00dfte Betrug war, den ich je miterleben musste. Nun war ja alles verboten und alles geschlossen. Ich hatte pl\u00f6tzlich Zeit. Der Kontakt zu den alten Stammtisch-Sitzern f\u00fchrte zu neuen Einblicken.<\/p>\n\n\n\n<p>Ich wurde dann mit zu den Protesten an der B96 genommen. Ich habe mich dort gefragt, warum stehen denn hier so viele Leute mit schwarz-wei\u00df-roten Fahnen? Was sind denn das f\u00fcr Farben und wann galten sie denn?<\/p>\n\n\n\n<p>Ich h\u00f6rte dort das erste Mal vom ewigen Bund. Saschas ber\u00fchmte zwei Vortr\u00e4ge sollte ich mir ansehen, und ich solle doch mal wieder zum Stammtisch kommen, wenn ich mehr wissen will. Das tat ich. An einem Abend waren zwei Meldestellenleiter beim Treffen. Das war im Sommer 2020. Es hat mich genau dort erwischt \u2013 ich sah die Perspektive und damit das Ziel vor Augen! Zum n\u00e4chsten Treffen brachte ich meine Abstammungsunterlagen mit und meldete mich freiwillig zur Restauration unseres Gesamtstaates.<\/p>\n\n\n\n<p>Nun ja, und seitdem bin ich dabei, und es f\u00fchlt sich richtig an.<\/p>\n\n\n\n<p>Ich bin recht schnell in die Arbeiten eingelernt worden. Mittlerweile sind 4 Jahre vergangen und fast genauso lange bin ich nun Meldestellenleiter. Es ist sch\u00f6n zu sehen was in dieser Zeit schon alles entstanden ist und wie strukturiert und gut organisiert gearbeitet wird. Da k\u00f6nnte sich das Beamtenwesen der BRD eine dicke Scheibe abschneiden.<\/p>\n\n\n\n<p>Ich erinnere mich noch, wie ich als Kind den Film \u201eDer K\u00f6nig der L\u00f6wen\u201c bestimmt 100 Mal gesehen habe. Als der B\u00f6sewicht <em>Skar<\/em> \u00fcber das Land von K\u00f6nig Musfasa herrschte, den er zuvor ermordet und seinen Sohn Simba vertrieben hatte, vertrocknete die Vegetation und alle Tiere mussten leiden. Es war eine d\u00fcstere Atmosph\u00e4re, so wie heute, denn das ist unsere Gegenwart. Am Ende des Films kehrte der rechtm\u00e4\u00dfige K\u00f6nig Simba zur\u00fcck und die Landschaft erbl\u00fchte wieder. Das wird unsere Zukunft sein.<\/p>\n\n\n\n<p>Ich bin mir sehr sicher, eines Tages wird die Welt am Deutschen Wesen genesen.<\/p>\n\n\n\n<div style=\"height:30px\" aria-hidden=\"true\" class=\"wp-block-spacer\"><\/div>\n","protected":false},"excerpt":{"rendered":"<p>Der K\u00f6nig der L\u00f6wen. Ich bin Sebastian und m\u00f6chte meine Geschichte \u00fcber den Weg zum ewigen Bund erz\u00e4hlen. Angefangen hat mein Nachdenken, als ich so Anfang 20 war, mit einer Reportage, die \u201cThrive\u201c oder so \u00e4hnlich hie\u00df. Darin ging es um einen Erben des P&amp;G Konzerns, der sich eine gro\u00dfe Abfindung von seiner Firma auszahlen [&hellip;]<\/p>\n","protected":false},"author":16,"featured_media":3117,"comment_status":"open","ping_status":"open","sticky":false,"template":"","format":"standard","meta":{"footnotes":""},"categories":[24],"tags":[],"class_list":["post-3113","post","type-post","status-publish","format-standard","has-post-thumbnail","hentry","category-meine-geschichte"],"yoast_head":"<!-- This site is optimized with the Yoast SEO plugin v23.1 - https:\/\/yoast.com\/wordpress\/plugins\/seo\/ -->\n<title>Sebastians Weg zum ewigen Bund. | Der ewige Bund.<\/title>\n<meta name=\"description\" content=\"Ich bin Sebastian und m\u00f6chte meine Geschichte \u00fcber den Weg zum ewigen Bund erz\u00e4hlen. Angefangen hat mein Nachdenken, als ich so Anfang 20 war.\" \/>\n<meta name=\"robots\" content=\"index, follow, max-snippet:-1, max-image-preview:large, max-video-preview:-1\" \/>\n<link rel=\"canonical\" href=\"https:\/\/www.ewigerbund.org\/eb\/sebastians-weg-zum-ewigen-bund\/\" \/>\n<meta property=\"og:locale\" content=\"de_DE\" \/>\n<meta property=\"og:type\" content=\"article\" \/>\n<meta property=\"og:title\" content=\"Sebastians Weg zum ewigen Bund. | Der ewige Bund.\" \/>\n<meta property=\"og:description\" content=\"Ich bin Sebastian und m\u00f6chte meine Geschichte \u00fcber den Weg zum ewigen Bund erz\u00e4hlen. Angefangen hat mein Nachdenken, als ich so Anfang 20 war.\" \/>\n<meta property=\"og:url\" content=\"https:\/\/www.ewigerbund.org\/eb\/sebastians-weg-zum-ewigen-bund\/\" \/>\n<meta property=\"og:site_name\" content=\"Der ewige Bund.\" \/>\n<meta property=\"article:published_time\" content=\"2024-07-28T08:00:00+00:00\" \/>\n<meta property=\"article:modified_time\" content=\"2025-04-28T09:11:01+00:00\" \/>\n<meta property=\"og:image\" content=\"https:\/\/www.ewigerbund.org\/eb\/wp-content\/uploads\/sites\/42\/2024\/07\/2024-07-03-sebastian-meine-geschichte-beitragsbild.jpg\" \/>\n\t<meta property=\"og:image:width\" content=\"1748\" \/>\n\t<meta property=\"og:image:height\" content=\"994\" \/>\n\t<meta property=\"og:image:type\" content=\"image\/jpeg\" \/>\n<meta name=\"twitter:card\" content=\"summary_large_image\" \/>\n<meta name=\"twitter:label1\" content=\"Verfasst von\" \/>\n\t<meta name=\"twitter:data1\" content=\"\" \/>\n\t<meta name=\"twitter:label2\" content=\"Gesch\u00e4tzte Lesezeit\" \/>\n\t<meta name=\"twitter:data2\" content=\"5\u00a0Minuten\" \/>\n<script type=\"application\/ld+json\" class=\"yoast-schema-graph\">{\"@context\":\"https:\/\/schema.org\",\"@graph\":[{\"@type\":\"Article\",\"@id\":\"https:\/\/www.ewigerbund.org\/eb\/sebastians-weg-zum-ewigen-bund\/#article\",\"isPartOf\":{\"@id\":\"https:\/\/www.ewigerbund.org\/eb\/sebastians-weg-zum-ewigen-bund\/\"},\"author\":{\"name\":\"\",\"@id\":\"\"},\"headline\":\"Sebastians Weg zum ewigen Bund.\",\"datePublished\":\"2024-07-28T08:00:00+00:00\",\"dateModified\":\"2025-04-28T09:11:01+00:00\",\"mainEntityOfPage\":{\"@id\":\"https:\/\/www.ewigerbund.org\/eb\/sebastians-weg-zum-ewigen-bund\/\"},\"wordCount\":758,\"commentCount\":0,\"publisher\":{\"@id\":\"https:\/\/www.ewigerbund.org\/eb\/#organization\"},\"image\":{\"@id\":\"https:\/\/www.ewigerbund.org\/eb\/sebastians-weg-zum-ewigen-bund\/#primaryimage\"},\"thumbnailUrl\":\"https:\/\/www.ewigerbund.org\/eb\/wp-content\/uploads\/sites\/42\/2024\/07\/2024-07-03-sebastian-meine-geschichte-beitragsbild.jpg\",\"articleSection\":[\"Meine Geschichte\"],\"inLanguage\":\"de\",\"potentialAction\":[{\"@type\":\"CommentAction\",\"name\":\"Comment\",\"target\":[\"https:\/\/www.ewigerbund.org\/eb\/sebastians-weg-zum-ewigen-bund\/#respond\"]}]},{\"@type\":\"WebPage\",\"@id\":\"https:\/\/www.ewigerbund.org\/eb\/sebastians-weg-zum-ewigen-bund\/\",\"url\":\"https:\/\/www.ewigerbund.org\/eb\/sebastians-weg-zum-ewigen-bund\/\",\"name\":\"Sebastians Weg zum ewigen Bund. | Der ewige Bund.\",\"isPartOf\":{\"@id\":\"https:\/\/www.ewigerbund.org\/eb\/#website\"},\"primaryImageOfPage\":{\"@id\":\"https:\/\/www.ewigerbund.org\/eb\/sebastians-weg-zum-ewigen-bund\/#primaryimage\"},\"image\":{\"@id\":\"https:\/\/www.ewigerbund.org\/eb\/sebastians-weg-zum-ewigen-bund\/#primaryimage\"},\"thumbnailUrl\":\"https:\/\/www.ewigerbund.org\/eb\/wp-content\/uploads\/sites\/42\/2024\/07\/2024-07-03-sebastian-meine-geschichte-beitragsbild.jpg\",\"datePublished\":\"2024-07-28T08:00:00+00:00\",\"dateModified\":\"2025-04-28T09:11:01+00:00\",\"description\":\"Ich bin Sebastian und m\u00f6chte meine Geschichte \u00fcber den Weg zum ewigen Bund erz\u00e4hlen. Angefangen hat mein Nachdenken, als ich so Anfang 20 war.\",\"breadcrumb\":{\"@id\":\"https:\/\/www.ewigerbund.org\/eb\/sebastians-weg-zum-ewigen-bund\/#breadcrumb\"},\"inLanguage\":\"de\",\"potentialAction\":[{\"@type\":\"ReadAction\",\"target\":[\"https:\/\/www.ewigerbund.org\/eb\/sebastians-weg-zum-ewigen-bund\/\"]}]},{\"@type\":\"ImageObject\",\"inLanguage\":\"de\",\"@id\":\"https:\/\/www.ewigerbund.org\/eb\/sebastians-weg-zum-ewigen-bund\/#primaryimage\",\"url\":\"https:\/\/www.ewigerbund.org\/eb\/wp-content\/uploads\/sites\/42\/2024\/07\/2024-07-03-sebastian-meine-geschichte-beitragsbild.jpg\",\"contentUrl\":\"https:\/\/www.ewigerbund.org\/eb\/wp-content\/uploads\/sites\/42\/2024\/07\/2024-07-03-sebastian-meine-geschichte-beitragsbild.jpg\",\"width\":1748,\"height\":994},{\"@type\":\"BreadcrumbList\",\"@id\":\"https:\/\/www.ewigerbund.org\/eb\/sebastians-weg-zum-ewigen-bund\/#breadcrumb\",\"itemListElement\":[{\"@type\":\"ListItem\",\"position\":1,\"name\":\"Startseite\",\"item\":\"https:\/\/www.ewigerbund.org\/eb\/\"},{\"@type\":\"ListItem\",\"position\":2,\"name\":\"Sebastians Weg zum ewigen Bund.\"}]},{\"@type\":\"WebSite\",\"@id\":\"https:\/\/www.ewigerbund.org\/eb\/#website\",\"url\":\"https:\/\/www.ewigerbund.org\/eb\/\",\"name\":\"Der ewige Bund.\",\"description\":\"Verfassungsb\u00fcndnis der deutschen Einzelstaaten.\",\"publisher\":{\"@id\":\"https:\/\/www.ewigerbund.org\/eb\/#organization\"},\"potentialAction\":[{\"@type\":\"SearchAction\",\"target\":{\"@type\":\"EntryPoint\",\"urlTemplate\":\"https:\/\/www.ewigerbund.org\/eb\/?s={search_term_string}\"},\"query-input\":\"required name=search_term_string\"}],\"inLanguage\":\"de\"},{\"@type\":\"Organization\",\"@id\":\"https:\/\/www.ewigerbund.org\/eb\/#organization\",\"name\":\"Der ewige Bund.\",\"url\":\"https:\/\/www.ewigerbund.org\/eb\/\",\"logo\":{\"@type\":\"ImageObject\",\"inLanguage\":\"de\",\"@id\":\"https:\/\/www.ewigerbund.org\/eb\/#\/schema\/logo\/image\/\",\"url\":\"https:\/\/www.ewigerbund.org\/eb\/wp-content\/uploads\/sites\/42\/2023\/01\/2022-09-20-Logo-EB_Schutzzone_V4_Transparent.png\",\"contentUrl\":\"https:\/\/www.ewigerbund.org\/eb\/wp-content\/uploads\/sites\/42\/2023\/01\/2022-09-20-Logo-EB_Schutzzone_V4_Transparent.png\",\"width\":2000,\"height\":1982,\"caption\":\"Der ewige Bund.\"},\"image\":{\"@id\":\"https:\/\/www.ewigerbund.org\/eb\/#\/schema\/logo\/image\/\"}},{\"@type\":\"Person\",\"@id\":\"\",\"url\":\"https:\/\/www.ewigerbund.org\/eb\/author\/\"}]}<\/script>\n<!-- \/ Yoast SEO plugin. -->","yoast_head_json":{"title":"Sebastians Weg zum ewigen Bund. | Der ewige Bund.","description":"Ich bin Sebastian und m\u00f6chte meine Geschichte \u00fcber den Weg zum ewigen Bund erz\u00e4hlen. Angefangen hat mein Nachdenken, als ich so Anfang 20 war.","robots":{"index":"index","follow":"follow","max-snippet":"max-snippet:-1","max-image-preview":"max-image-preview:large","max-video-preview":"max-video-preview:-1"},"canonical":"https:\/\/www.ewigerbund.org\/eb\/sebastians-weg-zum-ewigen-bund\/","og_locale":"de_DE","og_type":"article","og_title":"Sebastians Weg zum ewigen Bund. | Der ewige Bund.","og_description":"Ich bin Sebastian und m\u00f6chte meine Geschichte \u00fcber den Weg zum ewigen Bund erz\u00e4hlen. Angefangen hat mein Nachdenken, als ich so Anfang 20 war.","og_url":"https:\/\/www.ewigerbund.org\/eb\/sebastians-weg-zum-ewigen-bund\/","og_site_name":"Der ewige Bund.","article_published_time":"2024-07-28T08:00:00+00:00","article_modified_time":"2025-04-28T09:11:01+00:00","og_image":[{"width":1748,"height":994,"url":"https:\/\/www.ewigerbund.org\/eb\/wp-content\/uploads\/sites\/42\/2024\/07\/2024-07-03-sebastian-meine-geschichte-beitragsbild.jpg","type":"image\/jpeg"}],"twitter_card":"summary_large_image","twitter_misc":{"Verfasst von":"","Gesch\u00e4tzte Lesezeit":"5\u00a0Minuten"},"schema":{"@context":"https:\/\/schema.org","@graph":[{"@type":"Article","@id":"https:\/\/www.ewigerbund.org\/eb\/sebastians-weg-zum-ewigen-bund\/#article","isPartOf":{"@id":"https:\/\/www.ewigerbund.org\/eb\/sebastians-weg-zum-ewigen-bund\/"},"author":{"name":"","@id":""},"headline":"Sebastians Weg zum ewigen Bund.","datePublished":"2024-07-28T08:00:00+00:00","dateModified":"2025-04-28T09:11:01+00:00","mainEntityOfPage":{"@id":"https:\/\/www.ewigerbund.org\/eb\/sebastians-weg-zum-ewigen-bund\/"},"wordCount":758,"commentCount":0,"publisher":{"@id":"https:\/\/www.ewigerbund.org\/eb\/#organization"},"image":{"@id":"https:\/\/www.ewigerbund.org\/eb\/sebastians-weg-zum-ewigen-bund\/#primaryimage"},"thumbnailUrl":"https:\/\/www.ewigerbund.org\/eb\/wp-content\/uploads\/sites\/42\/2024\/07\/2024-07-03-sebastian-meine-geschichte-beitragsbild.jpg","articleSection":["Meine Geschichte"],"inLanguage":"de","potentialAction":[{"@type":"CommentAction","name":"Comment","target":["https:\/\/www.ewigerbund.org\/eb\/sebastians-weg-zum-ewigen-bund\/#respond"]}]},{"@type":"WebPage","@id":"https:\/\/www.ewigerbund.org\/eb\/sebastians-weg-zum-ewigen-bund\/","url":"https:\/\/www.ewigerbund.org\/eb\/sebastians-weg-zum-ewigen-bund\/","name":"Sebastians Weg zum ewigen Bund. | Der ewige Bund.","isPartOf":{"@id":"https:\/\/www.ewigerbund.org\/eb\/#website"},"primaryImageOfPage":{"@id":"https:\/\/www.ewigerbund.org\/eb\/sebastians-weg-zum-ewigen-bund\/#primaryimage"},"image":{"@id":"https:\/\/www.ewigerbund.org\/eb\/sebastians-weg-zum-ewigen-bund\/#primaryimage"},"thumbnailUrl":"https:\/\/www.ewigerbund.org\/eb\/wp-content\/uploads\/sites\/42\/2024\/07\/2024-07-03-sebastian-meine-geschichte-beitragsbild.jpg","datePublished":"2024-07-28T08:00:00+00:00","dateModified":"2025-04-28T09:11:01+00:00","description":"Ich bin Sebastian und m\u00f6chte meine Geschichte \u00fcber den Weg zum ewigen Bund erz\u00e4hlen. Angefangen hat mein Nachdenken, als ich so Anfang 20 war.","breadcrumb":{"@id":"https:\/\/www.ewigerbund.org\/eb\/sebastians-weg-zum-ewigen-bund\/#breadcrumb"},"inLanguage":"de","potentialAction":[{"@type":"ReadAction","target":["https:\/\/www.ewigerbund.org\/eb\/sebastians-weg-zum-ewigen-bund\/"]}]},{"@type":"ImageObject","inLanguage":"de","@id":"https:\/\/www.ewigerbund.org\/eb\/sebastians-weg-zum-ewigen-bund\/#primaryimage","url":"https:\/\/www.ewigerbund.org\/eb\/wp-content\/uploads\/sites\/42\/2024\/07\/2024-07-03-sebastian-meine-geschichte-beitragsbild.jpg","contentUrl":"https:\/\/www.ewigerbund.org\/eb\/wp-content\/uploads\/sites\/42\/2024\/07\/2024-07-03-sebastian-meine-geschichte-beitragsbild.jpg","width":1748,"height":994},{"@type":"BreadcrumbList","@id":"https:\/\/www.ewigerbund.org\/eb\/sebastians-weg-zum-ewigen-bund\/#breadcrumb","itemListElement":[{"@type":"ListItem","position":1,"name":"Startseite","item":"https:\/\/www.ewigerbund.org\/eb\/"},{"@type":"ListItem","position":2,"name":"Sebastians Weg zum ewigen Bund."}]},{"@type":"WebSite","@id":"https:\/\/www.ewigerbund.org\/eb\/#website","url":"https:\/\/www.ewigerbund.org\/eb\/","name":"Der ewige Bund.","description":"Verfassungsb\u00fcndnis der deutschen Einzelstaaten.","publisher":{"@id":"https:\/\/www.ewigerbund.org\/eb\/#organization"},"potentialAction":[{"@type":"SearchAction","target":{"@type":"EntryPoint","urlTemplate":"https:\/\/www.ewigerbund.org\/eb\/?s={search_term_string}"},"query-input":"required name=search_term_string"}],"inLanguage":"de"},{"@type":"Organization","@id":"https:\/\/www.ewigerbund.org\/eb\/#organization","name":"Der ewige Bund.","url":"https:\/\/www.ewigerbund.org\/eb\/","logo":{"@type":"ImageObject","inLanguage":"de","@id":"https:\/\/www.ewigerbund.org\/eb\/#\/schema\/logo\/image\/","url":"https:\/\/www.ewigerbund.org\/eb\/wp-content\/uploads\/sites\/42\/2023\/01\/2022-09-20-Logo-EB_Schutzzone_V4_Transparent.png","contentUrl":"https:\/\/www.ewigerbund.org\/eb\/wp-content\/uploads\/sites\/42\/2023\/01\/2022-09-20-Logo-EB_Schutzzone_V4_Transparent.png","width":2000,"height":1982,"caption":"Der ewige Bund."},"image":{"@id":"https:\/\/www.ewigerbund.org\/eb\/#\/schema\/logo\/image\/"}},{"@type":"Person","@id":"","url":"https:\/\/www.ewigerbund.org\/eb\/author\/"}]}},"_links":{"self":[{"href":"https:\/\/www.ewigerbund.org\/eb\/wp-json\/wp\/v2\/posts\/3113","targetHints":{"allow":["GET"]}}],"collection":[{"href":"https:\/\/www.ewigerbund.org\/eb\/wp-json\/wp\/v2\/posts"}],"about":[{"href":"https:\/\/www.ewigerbund.org\/eb\/wp-json\/wp\/v2\/types\/post"}],"author":[{"embeddable":true,"href":"https:\/\/www.ewigerbund.org\/eb\/wp-json\/wp\/v2\/users\/16"}],"replies":[{"embeddable":true,"href":"https:\/\/www.ewigerbund.org\/eb\/wp-json\/wp\/v2\/comments?post=3113"}],"version-history":[{"count":3,"href":"https:\/\/www.ewigerbund.org\/eb\/wp-json\/wp\/v2\/posts\/3113\/revisions"}],"predecessor-version":[{"id":3426,"href":"https:\/\/www.ewigerbund.org\/eb\/wp-json\/wp\/v2\/posts\/3113\/revisions\/3426"}],"wp:featuredmedia":[{"embeddable":true,"href":"https:\/\/www.ewigerbund.org\/eb\/wp-json\/wp\/v2\/media\/3117"}],"wp:attachment":[{"href":"https:\/\/www.ewigerbund.org\/eb\/wp-json\/wp\/v2\/media?parent=3113"}],"wp:term":[{"taxonomy":"category","embeddable":true,"href":"https:\/\/www.ewigerbund.org\/eb\/wp-json\/wp\/v2\/categories?post=3113"},{"taxonomy":"post_tag","embeddable":true,"href":"https:\/\/www.ewigerbund.org\/eb\/wp-json\/wp\/v2\/tags?post=3113"}],"curies":[{"name":"wp","href":"https:\/\/api.w.org\/{rel}","templated":true}]}}