{"id":3103,"date":"2024-07-21T10:00:00","date_gmt":"2024-07-21T08:00:00","guid":{"rendered":"https:\/\/www.ewigerbund.org\/eb\/?p=3103"},"modified":"2024-07-20T18:20:45","modified_gmt":"2024-07-20T16:20:45","slug":"rons-weg-zum-ewigen-bund","status":"publish","type":"post","link":"https:\/\/www.ewigerbund.org\/eb\/rons-weg-zum-ewigen-bund\/","title":{"rendered":"Rons Weg zum ewigen Bund."},"content":{"rendered":"\n<h2 class=\"wp-block-heading\">Penzliner Runde.<\/h2>\n\n\n\n<figure class=\"wp-block-embed is-type-video is-provider-vimeo wp-block-embed-vimeo wp-embed-aspect-16-9 wp-has-aspect-ratio\"><div class=\"wp-block-embed__wrapper\">\n<iframe loading=\"lazy\" src=\"https:\/\/player.vimeo.com\/video\/987554083?h=fa85d35f36&amp;dnt=1&amp;app_id=122963\" width=\"500\" height=\"281\" frameborder=\"0\" allow=\"autoplay; fullscreen; picture-in-picture; clipboard-write\"><\/iframe>\n<\/div><\/figure>\n\n\n\n<div style=\"height:25px\" aria-hidden=\"true\" class=\"wp-block-spacer\"><\/div>\n\n\n\n<p>Die Wiederentdeckung des vaterl\u00e4ndischen Hilfsdienstes und damit der Aufbau des ewigen Bundes sowie die allererste Begegnung mit Sascha &#8211; dar\u00fcber wird heute Ron erz\u00e4hlen. Alles hatte seinen Ursprung in der Penzliner Runde. Auch heute finden sich noch zahlreiche Interessierte dort ein, um \u00fcber die aktuellen Themen zu reden, aber vor allem, um den Weg zum ewigen Bund zu finden. Ron ist eines der Gesichter des ewigen Bundes und seit der Entdeckung der L\u00f6sung der deutschen Frage dabei. Er sagt: \u201eIn jeder Stadt sollte es eine solche Runde geben, damit immer mehr Deutsche nach Hause finden.\u201c Freu Dich auf die Geschichte von Ron.<\/p>\n\n\n\n<div style=\"height:30px\" aria-hidden=\"true\" class=\"wp-block-spacer\"><\/div>\n\n\n<div class=\"gb-grid-wrapper gb-grid-wrapper-e4b93fc0\">\n<div class=\"gb-grid-column gb-grid-column-90936cb7\"><div class=\"gb-container gb-container-90936cb7\"><\/div><\/div>\n\n<div class=\"gb-grid-column gb-grid-column-64198983\"><div class=\"gb-container gb-container-64198983\">\n\n<div class=\"wp-block-my-custom-block-2-cat-box-2 is-layout-flex wp-container-3 wp-block-columns cat-box-border\"><div class=\"is-layout-flow wp-block-column\"><figure class=\"wp-block-image size-large\"><img decoding=\"async\" src=\"https:\/\/www.ewigerbund.org\/eb\/wp-content\/uploads\/sites\/42\/2024\/07\/2024-07-18-meine-geschichte-ron-podcastbild.jpg\" alt=\"\"\/><\/figure><\/div><div class=\"is-layout-flow wp-block-column\"><p class=\"has-contrast-3-color has-text-color has-small-font-size\"><\/p><p class=\"has-accent-color has-text-color has-medium-font-size\"><\/p><h2>Podcast.<\/h2><p><\/p><p><a href=\"https:\/\/podcast.ewigerbund.org\/podcast\/penzliner-runde\/\">Rons Geschichte anh\u00f6ren. \u2192<\/a><\/p><\/div><\/div>\n\n<\/div><\/div>\n\n<div class=\"gb-grid-column gb-grid-column-30f339ca\"><div class=\"gb-container gb-container-30f339ca\"><\/div><\/div>\n<\/div>","protected":false},"excerpt":{"rendered":"<p>Penzliner Runde. Die Wiederentdeckung des vaterl\u00e4ndischen Hilfsdienstes und damit der Aufbau des ewigen Bundes sowie die allererste Begegnung mit Sascha &#8211; dar\u00fcber wird heute Ron erz\u00e4hlen. Alles hatte seinen Ursprung in der Penzliner Runde. Auch heute finden sich noch zahlreiche Interessierte dort ein, um \u00fcber die aktuellen Themen zu reden, aber vor allem, um den [&hellip;]<\/p>\n","protected":false},"author":16,"featured_media":3105,"comment_status":"open","ping_status":"open","sticky":false,"template":"","format":"standard","meta":{"footnotes":""},"categories":[24],"tags":[],"class_list":["post-3103","post","type-post","status-publish","format-standard","has-post-thumbnail","hentry","category-meine-geschichte"],"yoast_head":"<!-- This site is optimized with the Yoast SEO plugin v23.1 - https:\/\/yoast.com\/wordpress\/plugins\/seo\/ -->\n<title>Rons Weg zum ewigen Bund. | Der ewige Bund.<\/title>\n<meta name=\"description\" content=\"Die Wiederentdeckung des VHD und damit der Aufbau des ewigen Bundes sowie die allererste Begegnung mit Sascha - dar\u00fcber wird heute Ron erz\u00e4hlen.\" \/>\n<meta name=\"robots\" content=\"index, follow, max-snippet:-1, max-image-preview:large, max-video-preview:-1\" \/>\n<link rel=\"canonical\" href=\"https:\/\/www.ewigerbund.org\/eb\/rons-weg-zum-ewigen-bund\/\" \/>\n<meta property=\"og:locale\" content=\"de_DE\" \/>\n<meta property=\"og:type\" content=\"article\" \/>\n<meta property=\"og:title\" content=\"Rons Weg zum ewigen Bund. | Der ewige Bund.\" \/>\n<meta property=\"og:description\" content=\"Die Wiederentdeckung des VHD und damit der Aufbau des ewigen Bundes sowie die allererste Begegnung mit Sascha - dar\u00fcber wird heute Ron erz\u00e4hlen.\" \/>\n<meta property=\"og:url\" content=\"https:\/\/www.ewigerbund.org\/eb\/rons-weg-zum-ewigen-bund\/\" \/>\n<meta property=\"og:site_name\" content=\"Der ewige Bund.\" \/>\n<meta property=\"article:published_time\" content=\"2024-07-21T08:00:00+00:00\" \/>\n<meta property=\"article:modified_time\" content=\"2024-07-20T16:20:45+00:00\" \/>\n<meta property=\"og:image\" content=\"https:\/\/www.ewigerbund.org\/eb\/wp-content\/uploads\/sites\/42\/2024\/07\/2024-07-18-meine-geschichte-ron-beitragsbild.jpg\" \/>\n\t<meta property=\"og:image:width\" content=\"1748\" \/>\n\t<meta property=\"og:image:height\" content=\"994\" \/>\n\t<meta property=\"og:image:type\" content=\"image\/jpeg\" \/>\n<meta name=\"twitter:card\" content=\"summary_large_image\" \/>\n<meta name=\"twitter:label1\" content=\"Verfasst von\" \/>\n\t<meta name=\"twitter:data1\" content=\"\" \/>\n\t<meta name=\"twitter:label2\" content=\"Gesch\u00e4tzte Lesezeit\" \/>\n\t<meta name=\"twitter:data2\" content=\"1\u00a0Minute\" \/>\n<script type=\"application\/ld+json\" class=\"yoast-schema-graph\">{\"@context\":\"https:\/\/schema.org\",\"@graph\":[{\"@type\":\"Article\",\"@id\":\"https:\/\/www.ewigerbund.org\/eb\/rons-weg-zum-ewigen-bund\/#article\",\"isPartOf\":{\"@id\":\"https:\/\/www.ewigerbund.org\/eb\/rons-weg-zum-ewigen-bund\/\"},\"author\":{\"name\":\"\",\"@id\":\"\"},\"headline\":\"Rons Weg zum ewigen Bund.\",\"datePublished\":\"2024-07-21T08:00:00+00:00\",\"dateModified\":\"2024-07-20T16:20:45+00:00\",\"mainEntityOfPage\":{\"@id\":\"https:\/\/www.ewigerbund.org\/eb\/rons-weg-zum-ewigen-bund\/\"},\"wordCount\":124,\"commentCount\":0,\"publisher\":{\"@id\":\"https:\/\/www.ewigerbund.org\/eb\/#organization\"},\"image\":{\"@id\":\"https:\/\/www.ewigerbund.org\/eb\/rons-weg-zum-ewigen-bund\/#primaryimage\"},\"thumbnailUrl\":\"https:\/\/www.ewigerbund.org\/eb\/wp-content\/uploads\/sites\/42\/2024\/07\/2024-07-18-meine-geschichte-ron-beitragsbild.jpg\",\"articleSection\":[\"Meine Geschichte\"],\"inLanguage\":\"de\",\"potentialAction\":[{\"@type\":\"CommentAction\",\"name\":\"Comment\",\"target\":[\"https:\/\/www.ewigerbund.org\/eb\/rons-weg-zum-ewigen-bund\/#respond\"]}]},{\"@type\":\"WebPage\",\"@id\":\"https:\/\/www.ewigerbund.org\/eb\/rons-weg-zum-ewigen-bund\/\",\"url\":\"https:\/\/www.ewigerbund.org\/eb\/rons-weg-zum-ewigen-bund\/\",\"name\":\"Rons Weg zum ewigen Bund. | Der ewige Bund.\",\"isPartOf\":{\"@id\":\"https:\/\/www.ewigerbund.org\/eb\/#website\"},\"primaryImageOfPage\":{\"@id\":\"https:\/\/www.ewigerbund.org\/eb\/rons-weg-zum-ewigen-bund\/#primaryimage\"},\"image\":{\"@id\":\"https:\/\/www.ewigerbund.org\/eb\/rons-weg-zum-ewigen-bund\/#primaryimage\"},\"thumbnailUrl\":\"https:\/\/www.ewigerbund.org\/eb\/wp-content\/uploads\/sites\/42\/2024\/07\/2024-07-18-meine-geschichte-ron-beitragsbild.jpg\",\"datePublished\":\"2024-07-21T08:00:00+00:00\",\"dateModified\":\"2024-07-20T16:20:45+00:00\",\"description\":\"Die Wiederentdeckung des VHD und damit der Aufbau des ewigen Bundes sowie die allererste Begegnung mit Sascha - dar\u00fcber wird heute Ron erz\u00e4hlen.\",\"breadcrumb\":{\"@id\":\"https:\/\/www.ewigerbund.org\/eb\/rons-weg-zum-ewigen-bund\/#breadcrumb\"},\"inLanguage\":\"de\",\"potentialAction\":[{\"@type\":\"ReadAction\",\"target\":[\"https:\/\/www.ewigerbund.org\/eb\/rons-weg-zum-ewigen-bund\/\"]}]},{\"@type\":\"ImageObject\",\"inLanguage\":\"de\",\"@id\":\"https:\/\/www.ewigerbund.org\/eb\/rons-weg-zum-ewigen-bund\/#primaryimage\",\"url\":\"https:\/\/www.ewigerbund.org\/eb\/wp-content\/uploads\/sites\/42\/2024\/07\/2024-07-18-meine-geschichte-ron-beitragsbild.jpg\",\"contentUrl\":\"https:\/\/www.ewigerbund.org\/eb\/wp-content\/uploads\/sites\/42\/2024\/07\/2024-07-18-meine-geschichte-ron-beitragsbild.jpg\",\"width\":1748,\"height\":994},{\"@type\":\"BreadcrumbList\",\"@id\":\"https:\/\/www.ewigerbund.org\/eb\/rons-weg-zum-ewigen-bund\/#breadcrumb\",\"itemListElement\":[{\"@type\":\"ListItem\",\"position\":1,\"name\":\"Startseite\",\"item\":\"https:\/\/www.ewigerbund.org\/eb\/\"},{\"@type\":\"ListItem\",\"position\":2,\"name\":\"Rons Weg zum ewigen Bund.\"}]},{\"@type\":\"WebSite\",\"@id\":\"https:\/\/www.ewigerbund.org\/eb\/#website\",\"url\":\"https:\/\/www.ewigerbund.org\/eb\/\",\"name\":\"Der ewige Bund.\",\"description\":\"Verfassungsb\u00fcndnis der deutschen Einzelstaaten.\",\"publisher\":{\"@id\":\"https:\/\/www.ewigerbund.org\/eb\/#organization\"},\"potentialAction\":[{\"@type\":\"SearchAction\",\"target\":{\"@type\":\"EntryPoint\",\"urlTemplate\":\"https:\/\/www.ewigerbund.org\/eb\/?s={search_term_string}\"},\"query-input\":\"required name=search_term_string\"}],\"inLanguage\":\"de\"},{\"@type\":\"Organization\",\"@id\":\"https:\/\/www.ewigerbund.org\/eb\/#organization\",\"name\":\"Der ewige Bund.\",\"url\":\"https:\/\/www.ewigerbund.org\/eb\/\",\"logo\":{\"@type\":\"ImageObject\",\"inLanguage\":\"de\",\"@id\":\"https:\/\/www.ewigerbund.org\/eb\/#\/schema\/logo\/image\/\",\"url\":\"https:\/\/www.ewigerbund.org\/eb\/wp-content\/uploads\/sites\/42\/2023\/01\/2022-09-20-Logo-EB_Schutzzone_V4_Transparent.png\",\"contentUrl\":\"https:\/\/www.ewigerbund.org\/eb\/wp-content\/uploads\/sites\/42\/2023\/01\/2022-09-20-Logo-EB_Schutzzone_V4_Transparent.png\",\"width\":2000,\"height\":1982,\"caption\":\"Der ewige Bund.\"},\"image\":{\"@id\":\"https:\/\/www.ewigerbund.org\/eb\/#\/schema\/logo\/image\/\"}},{\"@type\":\"Person\",\"@id\":\"\",\"url\":\"https:\/\/www.ewigerbund.org\/eb\/author\/\"}]}<\/script>\n<!-- \/ Yoast SEO plugin. -->","yoast_head_json":{"title":"Rons Weg zum ewigen Bund. | Der ewige Bund.","description":"Die Wiederentdeckung des VHD und damit der Aufbau des ewigen Bundes sowie die allererste Begegnung mit Sascha - dar\u00fcber wird heute Ron erz\u00e4hlen.","robots":{"index":"index","follow":"follow","max-snippet":"max-snippet:-1","max-image-preview":"max-image-preview:large","max-video-preview":"max-video-preview:-1"},"canonical":"https:\/\/www.ewigerbund.org\/eb\/rons-weg-zum-ewigen-bund\/","og_locale":"de_DE","og_type":"article","og_title":"Rons Weg zum ewigen Bund. | Der ewige Bund.","og_description":"Die Wiederentdeckung des VHD und damit der Aufbau des ewigen Bundes sowie die allererste Begegnung mit Sascha - dar\u00fcber wird heute Ron erz\u00e4hlen.","og_url":"https:\/\/www.ewigerbund.org\/eb\/rons-weg-zum-ewigen-bund\/","og_site_name":"Der ewige Bund.","article_published_time":"2024-07-21T08:00:00+00:00","article_modified_time":"2024-07-20T16:20:45+00:00","og_image":[{"width":1748,"height":994,"url":"https:\/\/www.ewigerbund.org\/eb\/wp-content\/uploads\/sites\/42\/2024\/07\/2024-07-18-meine-geschichte-ron-beitragsbild.jpg","type":"image\/jpeg"}],"twitter_card":"summary_large_image","twitter_misc":{"Verfasst von":"","Gesch\u00e4tzte Lesezeit":"1\u00a0Minute"},"schema":{"@context":"https:\/\/schema.org","@graph":[{"@type":"Article","@id":"https:\/\/www.ewigerbund.org\/eb\/rons-weg-zum-ewigen-bund\/#article","isPartOf":{"@id":"https:\/\/www.ewigerbund.org\/eb\/rons-weg-zum-ewigen-bund\/"},"author":{"name":"","@id":""},"headline":"Rons Weg zum ewigen Bund.","datePublished":"2024-07-21T08:00:00+00:00","dateModified":"2024-07-20T16:20:45+00:00","mainEntityOfPage":{"@id":"https:\/\/www.ewigerbund.org\/eb\/rons-weg-zum-ewigen-bund\/"},"wordCount":124,"commentCount":0,"publisher":{"@id":"https:\/\/www.ewigerbund.org\/eb\/#organization"},"image":{"@id":"https:\/\/www.ewigerbund.org\/eb\/rons-weg-zum-ewigen-bund\/#primaryimage"},"thumbnailUrl":"https:\/\/www.ewigerbund.org\/eb\/wp-content\/uploads\/sites\/42\/2024\/07\/2024-07-18-meine-geschichte-ron-beitragsbild.jpg","articleSection":["Meine Geschichte"],"inLanguage":"de","potentialAction":[{"@type":"CommentAction","name":"Comment","target":["https:\/\/www.ewigerbund.org\/eb\/rons-weg-zum-ewigen-bund\/#respond"]}]},{"@type":"WebPage","@id":"https:\/\/www.ewigerbund.org\/eb\/rons-weg-zum-ewigen-bund\/","url":"https:\/\/www.ewigerbund.org\/eb\/rons-weg-zum-ewigen-bund\/","name":"Rons Weg zum ewigen Bund. | Der ewige Bund.","isPartOf":{"@id":"https:\/\/www.ewigerbund.org\/eb\/#website"},"primaryImageOfPage":{"@id":"https:\/\/www.ewigerbund.org\/eb\/rons-weg-zum-ewigen-bund\/#primaryimage"},"image":{"@id":"https:\/\/www.ewigerbund.org\/eb\/rons-weg-zum-ewigen-bund\/#primaryimage"},"thumbnailUrl":"https:\/\/www.ewigerbund.org\/eb\/wp-content\/uploads\/sites\/42\/2024\/07\/2024-07-18-meine-geschichte-ron-beitragsbild.jpg","datePublished":"2024-07-21T08:00:00+00:00","dateModified":"2024-07-20T16:20:45+00:00","description":"Die Wiederentdeckung des VHD und damit der Aufbau des ewigen Bundes sowie die allererste Begegnung mit Sascha - dar\u00fcber wird heute Ron erz\u00e4hlen.","breadcrumb":{"@id":"https:\/\/www.ewigerbund.org\/eb\/rons-weg-zum-ewigen-bund\/#breadcrumb"},"inLanguage":"de","potentialAction":[{"@type":"ReadAction","target":["https:\/\/www.ewigerbund.org\/eb\/rons-weg-zum-ewigen-bund\/"]}]},{"@type":"ImageObject","inLanguage":"de","@id":"https:\/\/www.ewigerbund.org\/eb\/rons-weg-zum-ewigen-bund\/#primaryimage","url":"https:\/\/www.ewigerbund.org\/eb\/wp-content\/uploads\/sites\/42\/2024\/07\/2024-07-18-meine-geschichte-ron-beitragsbild.jpg","contentUrl":"https:\/\/www.ewigerbund.org\/eb\/wp-content\/uploads\/sites\/42\/2024\/07\/2024-07-18-meine-geschichte-ron-beitragsbild.jpg","width":1748,"height":994},{"@type":"BreadcrumbList","@id":"https:\/\/www.ewigerbund.org\/eb\/rons-weg-zum-ewigen-bund\/#breadcrumb","itemListElement":[{"@type":"ListItem","position":1,"name":"Startseite","item":"https:\/\/www.ewigerbund.org\/eb\/"},{"@type":"ListItem","position":2,"name":"Rons Weg zum ewigen Bund."}]},{"@type":"WebSite","@id":"https:\/\/www.ewigerbund.org\/eb\/#website","url":"https:\/\/www.ewigerbund.org\/eb\/","name":"Der ewige Bund.","description":"Verfassungsb\u00fcndnis der deutschen Einzelstaaten.","publisher":{"@id":"https:\/\/www.ewigerbund.org\/eb\/#organization"},"potentialAction":[{"@type":"SearchAction","target":{"@type":"EntryPoint","urlTemplate":"https:\/\/www.ewigerbund.org\/eb\/?s={search_term_string}"},"query-input":"required name=search_term_string"}],"inLanguage":"de"},{"@type":"Organization","@id":"https:\/\/www.ewigerbund.org\/eb\/#organization","name":"Der ewige Bund.","url":"https:\/\/www.ewigerbund.org\/eb\/","logo":{"@type":"ImageObject","inLanguage":"de","@id":"https:\/\/www.ewigerbund.org\/eb\/#\/schema\/logo\/image\/","url":"https:\/\/www.ewigerbund.org\/eb\/wp-content\/uploads\/sites\/42\/2023\/01\/2022-09-20-Logo-EB_Schutzzone_V4_Transparent.png","contentUrl":"https:\/\/www.ewigerbund.org\/eb\/wp-content\/uploads\/sites\/42\/2023\/01\/2022-09-20-Logo-EB_Schutzzone_V4_Transparent.png","width":2000,"height":1982,"caption":"Der ewige Bund."},"image":{"@id":"https:\/\/www.ewigerbund.org\/eb\/#\/schema\/logo\/image\/"}},{"@type":"Person","@id":"","url":"https:\/\/www.ewigerbund.org\/eb\/author\/"}]}},"_links":{"self":[{"href":"https:\/\/www.ewigerbund.org\/eb\/wp-json\/wp\/v2\/posts\/3103","targetHints":{"allow":["GET"]}}],"collection":[{"href":"https:\/\/www.ewigerbund.org\/eb\/wp-json\/wp\/v2\/posts"}],"about":[{"href":"https:\/\/www.ewigerbund.org\/eb\/wp-json\/wp\/v2\/types\/post"}],"author":[{"embeddable":true,"href":"https:\/\/www.ewigerbund.org\/eb\/wp-json\/wp\/v2\/users\/16"}],"replies":[{"embeddable":true,"href":"https:\/\/www.ewigerbund.org\/eb\/wp-json\/wp\/v2\/comments?post=3103"}],"version-history":[{"count":2,"href":"https:\/\/www.ewigerbund.org\/eb\/wp-json\/wp\/v2\/posts\/3103\/revisions"}],"predecessor-version":[{"id":3108,"href":"https:\/\/www.ewigerbund.org\/eb\/wp-json\/wp\/v2\/posts\/3103\/revisions\/3108"}],"wp:featuredmedia":[{"embeddable":true,"href":"https:\/\/www.ewigerbund.org\/eb\/wp-json\/wp\/v2\/media\/3105"}],"wp:attachment":[{"href":"https:\/\/www.ewigerbund.org\/eb\/wp-json\/wp\/v2\/media?parent=3103"}],"wp:term":[{"taxonomy":"category","embeddable":true,"href":"https:\/\/www.ewigerbund.org\/eb\/wp-json\/wp\/v2\/categories?post=3103"},{"taxonomy":"post_tag","embeddable":true,"href":"https:\/\/www.ewigerbund.org\/eb\/wp-json\/wp\/v2\/tags?post=3103"}],"curies":[{"name":"wp","href":"https:\/\/api.w.org\/{rel}","templated":true}]}}