{"id":3057,"date":"2024-07-14T10:00:00","date_gmt":"2024-07-14T08:00:00","guid":{"rendered":"https:\/\/www.ewigerbund.org\/eb\/?p=3057"},"modified":"2025-04-28T11:11:47","modified_gmt":"2025-04-28T09:11:47","slug":"maices-weg-zum-ewigen-bund","status":"publish","type":"post","link":"https:\/\/www.ewigerbund.org\/eb\/maices-weg-zum-ewigen-bund\/","title":{"rendered":"Maices Weg zum ewigen Bund."},"content":{"rendered":"<div class=\"gb-grid-wrapper gb-grid-wrapper-e4b93fc0\">\n<div class=\"gb-grid-column gb-grid-column-90936cb7\"><div class=\"gb-container gb-container-90936cb7\"><\/div><\/div>\n\n<div class=\"gb-grid-column gb-grid-column-64198983\"><div class=\"gb-container gb-container-64198983\">\n\n<div class=\"wp-block-my-custom-block-2-cat-box-2 is-layout-flex wp-container-3 wp-block-columns cat-box-border\"><div class=\"is-layout-flow wp-block-column\"><figure class=\"wp-block-image size-large\"><img decoding=\"async\" src=\"https:\/\/www.ewigerbund.org\/eb\/wp-content\/uploads\/sites\/42\/2024\/07\/2024-06-18-meine-geschichte-maice-podcast.jpg\" alt=\"\"\/><\/figure><\/div><div class=\"is-layout-flow wp-block-column\"><p class=\"has-contrast-3-color has-text-color has-small-font-size\"><\/p><p class=\"has-accent-color has-text-color has-medium-font-size\"><\/p><h2>Podcast.<\/h2><p><\/p><p><a href=\"https:\/\/podcast.ewigerbund.org\/podcast\/die-grossmutter-und-der-kaiser\/\">Maices Geschichte anh\u00f6ren. \u2192<\/a><\/p><\/div><\/div>\n\n<\/div><\/div>\n\n<div class=\"gb-grid-column gb-grid-column-30f339ca\"><div class=\"gb-container gb-container-30f339ca\"><\/div><\/div>\n<\/div>\n\n\n<h2 class=\"wp-block-heading\">Die Gro\u00dfmutter und der Kaiser.<\/h2>\n\n\n\n<p>Mein Weg zum ewigen Bund war ein Weg der Umwege und ja \u2013 auch der Irrt\u00fcmer. Ich bin Maice und erz\u00e4hle euch meine Geschichte.<\/p>\n\n\n\n<p>Schon in meiner fr\u00fchen Kindheit war mir das Kaiserreich vertraut. Meine Familie stammt urspr\u00fcnglich aus Ostpreu\u00dfen. Ich erinnere mich lebhaft an die Erz\u00e4hlungen meiner Gro\u00dfmutter aus der Zeit des Deutschen Reiches. Im Klassenzimmer, so berichtete sie, hing ein Bild des Preu\u00dfenk\u00f6nigs und Deutschen Kaisers Wilhelm II. Aus Baukl\u00f6tzen bauten wir das Brandenburger Tor nach. Gemeinsam mit der Oma und einer Tante besuchten wir verschiedene Treffen der Heimatvertriebenen. Dabei wurde mir der schmerzliche Teil der deutschen Geschichte bewu\u00dft.<\/p>\n\n\n\n<p>Mein Vater versuchte Gutes f\u00fcr sein Volk zu bewirken, indem er sich in der FDP engagierte. Auch ich war damals der Meinung, die L\u00f6sung der Deutschen Frage sei im republikanischen Parteiensystem zu finden. Ich orientierte mich bei sogenannten nationalen Parteien und hier speziell bei Anh\u00e4ngern der Monarchie.<\/p>\n\n\n\n<p>Als es nach 1990 f\u00fcr uns Westdeutsche wieder m\u00f6glich war, in das Gebiet der ehemaligen DDR zu reisen, nahm ich die Gelegenheit wahr und fuhr ins angrenzende Ostpreu\u00dfen, um die Heimat meiner Ahnen kennenzulernen; auch in der Hoffnung, etwas f\u00fcr diese Provinz tun zu k\u00f6nnen.<\/p>\n\n\n\n<p>Im Jahre 1991 wurde ich Zeuge eines f\u00fcr mich einschneidenden Erlebnisses. Die \u00dcberf\u00fchrung und Beisetzung des Soldatenk\u00f6nigs Friedrich Wilhelm I. und seines Sohnes Friedrich des Gro\u00dfen erneuerten meine Liebe zur Monarchie.<\/p>\n\n\n\n<p>In der Zeit, in der ich mich ganz meiner Rolle als Mutter hingab, trat mein politisches Interesse zunehmend in den Hintergrund. Als mich dann eine schwere Erkrankung heimsuchte, war Politik zun\u00e4chst kein Thema mehr f\u00fcr mich.<\/p>\n\n\n\n<p>Die Corona-Krise sowie die zunehmende \u00dcberfremdung r\u00fcttelten mich auf. Pl\u00f6tzlich war mein Interesse wieder erwacht und ich suchte nach L\u00f6sungen. Inzwischen war mir klar, da\u00df Parteien daf\u00fcr nicht in Frage kommen. Ich trat verschiedenen lokalen Gruppen bei, um mich und meine Mitmenschen vor den Angriffen der Regierung zu sch\u00fctzen.<\/p>\n\n\n\n<p>Ich st\u00f6berte in den Sozialen Medien nach tragf\u00e4higen L\u00f6sungsstrategien f\u00fcr unser Land. F\u00fcndig wurde ich beim ewigen Bund. Ich nahm an einem Treffen teil und entschied mich nach Pr\u00fcfung der Zielsetzung sowie der Rechtm\u00e4\u00dfigkeit des vaterl\u00e4ndischen Hilfsdienstes f\u00fcr eine freiwillige Meldung.<\/p>\n\n\n\n<p>Nachdem ich mir die erforderlichen Grundlagen angeeignete hatte, absolvierte ich die Orientierungsstufen und anschlie\u00dfend die Grundausbildung. Inzwischen arbeite ich als Adjutant der Bezirksleitung nach Kr\u00e4ften an der Restaurationen unseres Staates mit. Meine Gro\u00dfmutter, die \u201edie gute alte Zeit\u201c noch selbst miterlebt hatte, w\u00e4re sicherlich einverstanden und sogar stolz mit meinem Tun.<\/p>\n\n\n\n<div style=\"height:30px\" aria-hidden=\"true\" class=\"wp-block-spacer\"><\/div>\n","protected":false},"excerpt":{"rendered":"<p>Die Gro\u00dfmutter und der Kaiser. Mein Weg zum ewigen Bund war ein Weg der Umwege und ja \u2013 auch der Irrt\u00fcmer. Ich bin Maice und erz\u00e4hle euch meine Geschichte. Schon in meiner fr\u00fchen Kindheit war mir das Kaiserreich vertraut. Meine Familie stammt urspr\u00fcnglich aus Ostpreu\u00dfen. Ich erinnere mich lebhaft an die Erz\u00e4hlungen meiner Gro\u00dfmutter aus [&hellip;]<\/p>\n","protected":false},"author":16,"featured_media":3058,"comment_status":"open","ping_status":"open","sticky":false,"template":"","format":"standard","meta":{"footnotes":""},"categories":[24],"tags":[],"class_list":["post-3057","post","type-post","status-publish","format-standard","has-post-thumbnail","hentry","category-meine-geschichte"],"yoast_head":"<!-- This site is optimized with the Yoast SEO plugin v23.1 - https:\/\/yoast.com\/wordpress\/plugins\/seo\/ -->\n<title>Maices Weg zum ewigen Bund. | Der ewige Bund.<\/title>\n<meta name=\"description\" content=\"Schon in meiner fr\u00fchen Kindheit war mir das Kaiserreich vertraut. Meine Familie stammt urspr\u00fcnglich aus Ostpreu\u00dfen.\" \/>\n<meta name=\"robots\" content=\"index, follow, max-snippet:-1, max-image-preview:large, max-video-preview:-1\" \/>\n<link rel=\"canonical\" href=\"https:\/\/www.ewigerbund.org\/eb\/maices-weg-zum-ewigen-bund\/\" \/>\n<meta property=\"og:locale\" content=\"de_DE\" \/>\n<meta property=\"og:type\" content=\"article\" \/>\n<meta property=\"og:title\" content=\"Maices Weg zum ewigen Bund. | Der ewige Bund.\" \/>\n<meta property=\"og:description\" content=\"Schon in meiner fr\u00fchen Kindheit war mir das Kaiserreich vertraut. Meine Familie stammt urspr\u00fcnglich aus Ostpreu\u00dfen.\" \/>\n<meta property=\"og:url\" content=\"https:\/\/www.ewigerbund.org\/eb\/maices-weg-zum-ewigen-bund\/\" \/>\n<meta property=\"og:site_name\" content=\"Der ewige Bund.\" \/>\n<meta property=\"article:published_time\" content=\"2024-07-14T08:00:00+00:00\" \/>\n<meta property=\"article:modified_time\" content=\"2025-04-28T09:11:47+00:00\" \/>\n<meta property=\"og:image\" content=\"https:\/\/www.ewigerbund.org\/eb\/wp-content\/uploads\/sites\/42\/2024\/07\/2024-06-18-meine-geschichte-maice-Beitrag.jpg\" \/>\n\t<meta property=\"og:image:width\" content=\"1748\" \/>\n\t<meta property=\"og:image:height\" content=\"994\" \/>\n\t<meta property=\"og:image:type\" content=\"image\/jpeg\" \/>\n<meta name=\"twitter:card\" content=\"summary_large_image\" \/>\n<meta name=\"twitter:label1\" content=\"Verfasst von\" \/>\n\t<meta name=\"twitter:data1\" content=\"\" \/>\n\t<meta name=\"twitter:label2\" content=\"Gesch\u00e4tzte Lesezeit\" \/>\n\t<meta name=\"twitter:data2\" content=\"3\u00a0Minuten\" \/>\n<script type=\"application\/ld+json\" class=\"yoast-schema-graph\">{\"@context\":\"https:\/\/schema.org\",\"@graph\":[{\"@type\":\"Article\",\"@id\":\"https:\/\/www.ewigerbund.org\/eb\/maices-weg-zum-ewigen-bund\/#article\",\"isPartOf\":{\"@id\":\"https:\/\/www.ewigerbund.org\/eb\/maices-weg-zum-ewigen-bund\/\"},\"author\":{\"name\":\"\",\"@id\":\"\"},\"headline\":\"Maices Weg zum ewigen Bund.\",\"datePublished\":\"2024-07-14T08:00:00+00:00\",\"dateModified\":\"2025-04-28T09:11:47+00:00\",\"mainEntityOfPage\":{\"@id\":\"https:\/\/www.ewigerbund.org\/eb\/maices-weg-zum-ewigen-bund\/\"},\"wordCount\":457,\"commentCount\":0,\"publisher\":{\"@id\":\"https:\/\/www.ewigerbund.org\/eb\/#organization\"},\"image\":{\"@id\":\"https:\/\/www.ewigerbund.org\/eb\/maices-weg-zum-ewigen-bund\/#primaryimage\"},\"thumbnailUrl\":\"https:\/\/www.ewigerbund.org\/eb\/wp-content\/uploads\/sites\/42\/2024\/07\/2024-06-18-meine-geschichte-maice-Beitrag.jpg\",\"articleSection\":[\"Meine Geschichte\"],\"inLanguage\":\"de\",\"potentialAction\":[{\"@type\":\"CommentAction\",\"name\":\"Comment\",\"target\":[\"https:\/\/www.ewigerbund.org\/eb\/maices-weg-zum-ewigen-bund\/#respond\"]}]},{\"@type\":\"WebPage\",\"@id\":\"https:\/\/www.ewigerbund.org\/eb\/maices-weg-zum-ewigen-bund\/\",\"url\":\"https:\/\/www.ewigerbund.org\/eb\/maices-weg-zum-ewigen-bund\/\",\"name\":\"Maices Weg zum ewigen Bund. | Der ewige Bund.\",\"isPartOf\":{\"@id\":\"https:\/\/www.ewigerbund.org\/eb\/#website\"},\"primaryImageOfPage\":{\"@id\":\"https:\/\/www.ewigerbund.org\/eb\/maices-weg-zum-ewigen-bund\/#primaryimage\"},\"image\":{\"@id\":\"https:\/\/www.ewigerbund.org\/eb\/maices-weg-zum-ewigen-bund\/#primaryimage\"},\"thumbnailUrl\":\"https:\/\/www.ewigerbund.org\/eb\/wp-content\/uploads\/sites\/42\/2024\/07\/2024-06-18-meine-geschichte-maice-Beitrag.jpg\",\"datePublished\":\"2024-07-14T08:00:00+00:00\",\"dateModified\":\"2025-04-28T09:11:47+00:00\",\"description\":\"Schon in meiner fr\u00fchen Kindheit war mir das Kaiserreich vertraut. Meine Familie stammt urspr\u00fcnglich aus Ostpreu\u00dfen.\",\"breadcrumb\":{\"@id\":\"https:\/\/www.ewigerbund.org\/eb\/maices-weg-zum-ewigen-bund\/#breadcrumb\"},\"inLanguage\":\"de\",\"potentialAction\":[{\"@type\":\"ReadAction\",\"target\":[\"https:\/\/www.ewigerbund.org\/eb\/maices-weg-zum-ewigen-bund\/\"]}]},{\"@type\":\"ImageObject\",\"inLanguage\":\"de\",\"@id\":\"https:\/\/www.ewigerbund.org\/eb\/maices-weg-zum-ewigen-bund\/#primaryimage\",\"url\":\"https:\/\/www.ewigerbund.org\/eb\/wp-content\/uploads\/sites\/42\/2024\/07\/2024-06-18-meine-geschichte-maice-Beitrag.jpg\",\"contentUrl\":\"https:\/\/www.ewigerbund.org\/eb\/wp-content\/uploads\/sites\/42\/2024\/07\/2024-06-18-meine-geschichte-maice-Beitrag.jpg\",\"width\":1748,\"height\":994},{\"@type\":\"BreadcrumbList\",\"@id\":\"https:\/\/www.ewigerbund.org\/eb\/maices-weg-zum-ewigen-bund\/#breadcrumb\",\"itemListElement\":[{\"@type\":\"ListItem\",\"position\":1,\"name\":\"Startseite\",\"item\":\"https:\/\/www.ewigerbund.org\/eb\/\"},{\"@type\":\"ListItem\",\"position\":2,\"name\":\"Maices Weg zum ewigen Bund.\"}]},{\"@type\":\"WebSite\",\"@id\":\"https:\/\/www.ewigerbund.org\/eb\/#website\",\"url\":\"https:\/\/www.ewigerbund.org\/eb\/\",\"name\":\"Der ewige Bund.\",\"description\":\"Verfassungsb\u00fcndnis der deutschen Einzelstaaten.\",\"publisher\":{\"@id\":\"https:\/\/www.ewigerbund.org\/eb\/#organization\"},\"potentialAction\":[{\"@type\":\"SearchAction\",\"target\":{\"@type\":\"EntryPoint\",\"urlTemplate\":\"https:\/\/www.ewigerbund.org\/eb\/?s={search_term_string}\"},\"query-input\":\"required name=search_term_string\"}],\"inLanguage\":\"de\"},{\"@type\":\"Organization\",\"@id\":\"https:\/\/www.ewigerbund.org\/eb\/#organization\",\"name\":\"Der ewige Bund.\",\"url\":\"https:\/\/www.ewigerbund.org\/eb\/\",\"logo\":{\"@type\":\"ImageObject\",\"inLanguage\":\"de\",\"@id\":\"https:\/\/www.ewigerbund.org\/eb\/#\/schema\/logo\/image\/\",\"url\":\"https:\/\/www.ewigerbund.org\/eb\/wp-content\/uploads\/sites\/42\/2023\/01\/2022-09-20-Logo-EB_Schutzzone_V4_Transparent.png\",\"contentUrl\":\"https:\/\/www.ewigerbund.org\/eb\/wp-content\/uploads\/sites\/42\/2023\/01\/2022-09-20-Logo-EB_Schutzzone_V4_Transparent.png\",\"width\":2000,\"height\":1982,\"caption\":\"Der ewige Bund.\"},\"image\":{\"@id\":\"https:\/\/www.ewigerbund.org\/eb\/#\/schema\/logo\/image\/\"}},{\"@type\":\"Person\",\"@id\":\"\",\"url\":\"https:\/\/www.ewigerbund.org\/eb\/author\/\"}]}<\/script>\n<!-- \/ Yoast SEO plugin. -->","yoast_head_json":{"title":"Maices Weg zum ewigen Bund. | Der ewige Bund.","description":"Schon in meiner fr\u00fchen Kindheit war mir das Kaiserreich vertraut. Meine Familie stammt urspr\u00fcnglich aus Ostpreu\u00dfen.","robots":{"index":"index","follow":"follow","max-snippet":"max-snippet:-1","max-image-preview":"max-image-preview:large","max-video-preview":"max-video-preview:-1"},"canonical":"https:\/\/www.ewigerbund.org\/eb\/maices-weg-zum-ewigen-bund\/","og_locale":"de_DE","og_type":"article","og_title":"Maices Weg zum ewigen Bund. | Der ewige Bund.","og_description":"Schon in meiner fr\u00fchen Kindheit war mir das Kaiserreich vertraut. Meine Familie stammt urspr\u00fcnglich aus Ostpreu\u00dfen.","og_url":"https:\/\/www.ewigerbund.org\/eb\/maices-weg-zum-ewigen-bund\/","og_site_name":"Der ewige Bund.","article_published_time":"2024-07-14T08:00:00+00:00","article_modified_time":"2025-04-28T09:11:47+00:00","og_image":[{"width":1748,"height":994,"url":"https:\/\/www.ewigerbund.org\/eb\/wp-content\/uploads\/sites\/42\/2024\/07\/2024-06-18-meine-geschichte-maice-Beitrag.jpg","type":"image\/jpeg"}],"twitter_card":"summary_large_image","twitter_misc":{"Verfasst von":"","Gesch\u00e4tzte Lesezeit":"3\u00a0Minuten"},"schema":{"@context":"https:\/\/schema.org","@graph":[{"@type":"Article","@id":"https:\/\/www.ewigerbund.org\/eb\/maices-weg-zum-ewigen-bund\/#article","isPartOf":{"@id":"https:\/\/www.ewigerbund.org\/eb\/maices-weg-zum-ewigen-bund\/"},"author":{"name":"","@id":""},"headline":"Maices Weg zum ewigen Bund.","datePublished":"2024-07-14T08:00:00+00:00","dateModified":"2025-04-28T09:11:47+00:00","mainEntityOfPage":{"@id":"https:\/\/www.ewigerbund.org\/eb\/maices-weg-zum-ewigen-bund\/"},"wordCount":457,"commentCount":0,"publisher":{"@id":"https:\/\/www.ewigerbund.org\/eb\/#organization"},"image":{"@id":"https:\/\/www.ewigerbund.org\/eb\/maices-weg-zum-ewigen-bund\/#primaryimage"},"thumbnailUrl":"https:\/\/www.ewigerbund.org\/eb\/wp-content\/uploads\/sites\/42\/2024\/07\/2024-06-18-meine-geschichte-maice-Beitrag.jpg","articleSection":["Meine Geschichte"],"inLanguage":"de","potentialAction":[{"@type":"CommentAction","name":"Comment","target":["https:\/\/www.ewigerbund.org\/eb\/maices-weg-zum-ewigen-bund\/#respond"]}]},{"@type":"WebPage","@id":"https:\/\/www.ewigerbund.org\/eb\/maices-weg-zum-ewigen-bund\/","url":"https:\/\/www.ewigerbund.org\/eb\/maices-weg-zum-ewigen-bund\/","name":"Maices Weg zum ewigen Bund. | Der ewige Bund.","isPartOf":{"@id":"https:\/\/www.ewigerbund.org\/eb\/#website"},"primaryImageOfPage":{"@id":"https:\/\/www.ewigerbund.org\/eb\/maices-weg-zum-ewigen-bund\/#primaryimage"},"image":{"@id":"https:\/\/www.ewigerbund.org\/eb\/maices-weg-zum-ewigen-bund\/#primaryimage"},"thumbnailUrl":"https:\/\/www.ewigerbund.org\/eb\/wp-content\/uploads\/sites\/42\/2024\/07\/2024-06-18-meine-geschichte-maice-Beitrag.jpg","datePublished":"2024-07-14T08:00:00+00:00","dateModified":"2025-04-28T09:11:47+00:00","description":"Schon in meiner fr\u00fchen Kindheit war mir das Kaiserreich vertraut. Meine Familie stammt urspr\u00fcnglich aus Ostpreu\u00dfen.","breadcrumb":{"@id":"https:\/\/www.ewigerbund.org\/eb\/maices-weg-zum-ewigen-bund\/#breadcrumb"},"inLanguage":"de","potentialAction":[{"@type":"ReadAction","target":["https:\/\/www.ewigerbund.org\/eb\/maices-weg-zum-ewigen-bund\/"]}]},{"@type":"ImageObject","inLanguage":"de","@id":"https:\/\/www.ewigerbund.org\/eb\/maices-weg-zum-ewigen-bund\/#primaryimage","url":"https:\/\/www.ewigerbund.org\/eb\/wp-content\/uploads\/sites\/42\/2024\/07\/2024-06-18-meine-geschichte-maice-Beitrag.jpg","contentUrl":"https:\/\/www.ewigerbund.org\/eb\/wp-content\/uploads\/sites\/42\/2024\/07\/2024-06-18-meine-geschichte-maice-Beitrag.jpg","width":1748,"height":994},{"@type":"BreadcrumbList","@id":"https:\/\/www.ewigerbund.org\/eb\/maices-weg-zum-ewigen-bund\/#breadcrumb","itemListElement":[{"@type":"ListItem","position":1,"name":"Startseite","item":"https:\/\/www.ewigerbund.org\/eb\/"},{"@type":"ListItem","position":2,"name":"Maices Weg zum ewigen Bund."}]},{"@type":"WebSite","@id":"https:\/\/www.ewigerbund.org\/eb\/#website","url":"https:\/\/www.ewigerbund.org\/eb\/","name":"Der ewige Bund.","description":"Verfassungsb\u00fcndnis der deutschen Einzelstaaten.","publisher":{"@id":"https:\/\/www.ewigerbund.org\/eb\/#organization"},"potentialAction":[{"@type":"SearchAction","target":{"@type":"EntryPoint","urlTemplate":"https:\/\/www.ewigerbund.org\/eb\/?s={search_term_string}"},"query-input":"required name=search_term_string"}],"inLanguage":"de"},{"@type":"Organization","@id":"https:\/\/www.ewigerbund.org\/eb\/#organization","name":"Der ewige Bund.","url":"https:\/\/www.ewigerbund.org\/eb\/","logo":{"@type":"ImageObject","inLanguage":"de","@id":"https:\/\/www.ewigerbund.org\/eb\/#\/schema\/logo\/image\/","url":"https:\/\/www.ewigerbund.org\/eb\/wp-content\/uploads\/sites\/42\/2023\/01\/2022-09-20-Logo-EB_Schutzzone_V4_Transparent.png","contentUrl":"https:\/\/www.ewigerbund.org\/eb\/wp-content\/uploads\/sites\/42\/2023\/01\/2022-09-20-Logo-EB_Schutzzone_V4_Transparent.png","width":2000,"height":1982,"caption":"Der ewige Bund."},"image":{"@id":"https:\/\/www.ewigerbund.org\/eb\/#\/schema\/logo\/image\/"}},{"@type":"Person","@id":"","url":"https:\/\/www.ewigerbund.org\/eb\/author\/"}]}},"_links":{"self":[{"href":"https:\/\/www.ewigerbund.org\/eb\/wp-json\/wp\/v2\/posts\/3057","targetHints":{"allow":["GET"]}}],"collection":[{"href":"https:\/\/www.ewigerbund.org\/eb\/wp-json\/wp\/v2\/posts"}],"about":[{"href":"https:\/\/www.ewigerbund.org\/eb\/wp-json\/wp\/v2\/types\/post"}],"author":[{"embeddable":true,"href":"https:\/\/www.ewigerbund.org\/eb\/wp-json\/wp\/v2\/users\/16"}],"replies":[{"embeddable":true,"href":"https:\/\/www.ewigerbund.org\/eb\/wp-json\/wp\/v2\/comments?post=3057"}],"version-history":[{"count":4,"href":"https:\/\/www.ewigerbund.org\/eb\/wp-json\/wp\/v2\/posts\/3057\/revisions"}],"predecessor-version":[{"id":3427,"href":"https:\/\/www.ewigerbund.org\/eb\/wp-json\/wp\/v2\/posts\/3057\/revisions\/3427"}],"wp:featuredmedia":[{"embeddable":true,"href":"https:\/\/www.ewigerbund.org\/eb\/wp-json\/wp\/v2\/media\/3058"}],"wp:attachment":[{"href":"https:\/\/www.ewigerbund.org\/eb\/wp-json\/wp\/v2\/media?parent=3057"}],"wp:term":[{"taxonomy":"category","embeddable":true,"href":"https:\/\/www.ewigerbund.org\/eb\/wp-json\/wp\/v2\/categories?post=3057"},{"taxonomy":"post_tag","embeddable":true,"href":"https:\/\/www.ewigerbund.org\/eb\/wp-json\/wp\/v2\/tags?post=3057"}],"curies":[{"name":"wp","href":"https:\/\/api.w.org\/{rel}","templated":true}]}}