{"id":2798,"date":"2025-11-19T19:02:00","date_gmt":"2025-11-19T18:02:00","guid":{"rendered":"https:\/\/www.ewigerbund.org\/aktuelles\/?p=2798"},"modified":"2026-02-09T18:28:15","modified_gmt":"2026-02-09T17:28:15","slug":"volkstrauertag-2025","status":"publish","type":"post","link":"https:\/\/www.ewigerbund.org\/aktuelles\/volkstrauertag-2025\/","title":{"rendered":"Volkstrauertag 2025."},"content":{"rendered":"<div style=\"padding:57% 0 0 0;position:relative;\"><iframe src=\"https:\/\/player.vimeo.com\/video\/1163047151?h=37ce3218c1&amp;badge=0&amp;autopause=0&amp;player_id=0&amp;app_id=58479\" allow=\"autoplay; fullscreen; picture-in-picture\" allowfullscreen=\"\" style=\"position:absolute;top:0;left:0;width:100%;height:100%;\" frameborder=\"0\"><\/iframe><\/div><script src=\"https:\/\/player.vimeo.com\/api\/player.js\"><\/script>\n\n\n\n<h2 class=\"wp-block-heading\"><br>Volkstrauertag \u2013 Gedenken an unsere Ahnen.<\/h2>\n\n\n\n<p class=\"zitat-style\"><br><em>\u201eDie Gr\u00e4ber unserer Ahnen sind die stummen Zeugen ihrer Pflichttreue und unseres Gedenkens.\u201c <\/em><br>&#8211; Wilhelm II.<\/p>\n\n\n\n<p>Es ist einer der wichtigsten Feiertage der Deutschen.<\/p>\n\n\n\n<p>Am Volkstrauertag wird den Leistungen unserer Ahnen gedacht und eine Br\u00fccke zwischen uns und unserer Vergangenheit geschlagen. Dieser Gedanke treibt jedes Jahr viele Deutsche zu den Ehrenmalen, um sich bei unseren Vorfahren f\u00fcr ihre Opferbereitschaft und Hingabe zum Schutz unserer Heimat zu bedanken. In stiller Andacht wird im gesamten Bundesgebiet der Toten gedacht und dieses Gedenken mit dem Aufstellen von Kerzen und der Niederlegung von Kr\u00e4nzen zelebriert.<\/p>\n\n\n\n<p>Wir ehren in tiefster Dankbarkeit, was unsere Gro\u00df- und Urgro\u00dfv\u00e4ter uns als Geschenk hinterlassen haben. Der Volkstrauertag erinnert uns aber auch daran, was wir zu tun haben. Den Blick nach hinten zu richten, um uns bewu\u00dft zu machen, welches Erbe wir anzutreten haben.<\/p>\n\n\n\n<p>Dieses Bewu\u00dftsein soll uns ein Ansporn sein, aktiv den ewigen Bund mit Leben zu f\u00fcllen und zu erkennen, da\u00df es eine deutsche Zukunft nur im ewigen Bund geben wird.<\/p>\n","protected":false},"excerpt":{"rendered":"<p>Volkstrauertag \u2013 Gedenken an unsere Ahnen. \u201eDie Gr\u00e4ber unserer Ahnen sind die stummen Zeugen ihrer Pflichttreue und unseres Gedenkens.\u201c &#8211; Wilhelm II. Es ist einer der wichtigsten Feiertage der Deutschen. Am Volkstrauertag wird den Leistungen unserer Ahnen gedacht und eine Br\u00fccke zwischen uns und unserer Vergangenheit geschlagen. Dieser Gedanke treibt jedes Jahr viele Deutsche zu &#8230; <a title=\"Volkstrauertag 2025.\" class=\"read-more\" href=\"https:\/\/www.ewigerbund.org\/aktuelles\/volkstrauertag-2025\/\" aria-label=\"Mehr zu Volkstrauertag 2025.\">Weiterlesen &#8230;<\/a><\/p>\n","protected":false},"author":29,"featured_media":2799,"comment_status":"open","ping_status":"open","sticky":false,"template":"","format":"standard","meta":{"footnotes":""},"categories":[1],"tags":[265],"class_list":["post-2798","post","type-post","status-publish","format-standard","has-post-thumbnail","hentry","category-allgemein","tag-neues","resize-featured-image"],"yoast_head":"<!-- This site is optimized with the Yoast SEO plugin v23.1 - https:\/\/yoast.com\/wordpress\/plugins\/seo\/ -->\n<title>Volkstrauertag 2025. - Aktuelles<\/title>\n<meta name=\"description\" content=\"Am Volkstrauertag ehren wir das Erbe unserer Ahnen. Erfahren Sie mehr \u00fcber den Weg in eine deutsche Zukunft im ewigen Bund.\" \/>\n<meta name=\"robots\" content=\"index, follow, max-snippet:-1, max-image-preview:large, max-video-preview:-1\" \/>\n<link rel=\"canonical\" href=\"https:\/\/www.ewigerbund.org\/aktuelles\/volkstrauertag-2025\/\" \/>\n<meta property=\"og:locale\" content=\"de_DE\" \/>\n<meta property=\"og:type\" content=\"article\" \/>\n<meta property=\"og:title\" content=\"Volkstrauertag \u2013 Gedenken an unsere Ahnen.\" \/>\n<meta property=\"og:description\" content=\"Am Volkstrauertag ehren wir das Erbe unserer Ahnen. Erfahren Sie mehr \u00fcber die Bedeutung von Opferbereitschaft und den Weg in eine deutsche Zukunft im ewigen Bund.\" \/>\n<meta property=\"og:url\" content=\"https:\/\/www.ewigerbund.org\/aktuelles\/volkstrauertag-2025\/\" \/>\n<meta property=\"og:site_name\" content=\"Aktuelles\" \/>\n<meta property=\"article:published_time\" content=\"2025-11-19T18:02:00+00:00\" \/>\n<meta property=\"article:modified_time\" content=\"2026-02-09T17:28:15+00:00\" \/>\n<meta property=\"og:image\" content=\"https:\/\/www.ewigerbund.org\/aktuelles\/wp-content\/uploads\/sites\/37\/2026\/02\/EB-Aktuelles-Volkstrauertag_v.png\" \/>\n\t<meta property=\"og:image:width\" content=\"750\" \/>\n\t<meta property=\"og:image:height\" content=\"350\" \/>\n\t<meta property=\"og:image:type\" content=\"image\/png\" \/>\n<meta name=\"author\" content=\"jana\" \/>\n<meta name=\"twitter:card\" content=\"summary_large_image\" \/>\n<meta name=\"twitter:label1\" content=\"Verfasst von\" \/>\n\t<meta name=\"twitter:data1\" content=\"jana\" \/>\n\t<meta name=\"twitter:label2\" content=\"Gesch\u00e4tzte Lesezeit\" \/>\n\t<meta name=\"twitter:data2\" content=\"2\u00a0Minuten\" \/>\n<script type=\"application\/ld+json\" class=\"yoast-schema-graph\">{\"@context\":\"https:\/\/schema.org\",\"@graph\":[{\"@type\":\"Article\",\"@id\":\"https:\/\/www.ewigerbund.org\/aktuelles\/volkstrauertag-2025\/#article\",\"isPartOf\":{\"@id\":\"https:\/\/www.ewigerbund.org\/aktuelles\/volkstrauertag-2025\/\"},\"author\":{\"name\":\"jana\",\"@id\":\"https:\/\/www.ewigerbund.org\/aktuelles\/#\/schema\/person\/7a99825bb43acd9c1bd04d4ca2861988\"},\"headline\":\"Volkstrauertag 2025.\",\"datePublished\":\"2025-11-19T18:02:00+00:00\",\"dateModified\":\"2026-02-09T17:28:15+00:00\",\"mainEntityOfPage\":{\"@id\":\"https:\/\/www.ewigerbund.org\/aktuelles\/volkstrauertag-2025\/\"},\"wordCount\":186,\"commentCount\":0,\"publisher\":{\"@id\":\"https:\/\/www.ewigerbund.org\/aktuelles\/#organization\"},\"image\":{\"@id\":\"https:\/\/www.ewigerbund.org\/aktuelles\/volkstrauertag-2025\/#primaryimage\"},\"thumbnailUrl\":\"https:\/\/www.ewigerbund.org\/aktuelles\/wp-content\/uploads\/sites\/37\/2026\/02\/EB-Aktuelles-Volkstrauertag_v.png\",\"keywords\":[\"neues\"],\"inLanguage\":\"de\",\"potentialAction\":[{\"@type\":\"CommentAction\",\"name\":\"Comment\",\"target\":[\"https:\/\/www.ewigerbund.org\/aktuelles\/volkstrauertag-2025\/#respond\"]}]},{\"@type\":\"WebPage\",\"@id\":\"https:\/\/www.ewigerbund.org\/aktuelles\/volkstrauertag-2025\/\",\"url\":\"https:\/\/www.ewigerbund.org\/aktuelles\/volkstrauertag-2025\/\",\"name\":\"Volkstrauertag 2025. - Aktuelles\",\"isPartOf\":{\"@id\":\"https:\/\/www.ewigerbund.org\/aktuelles\/#website\"},\"primaryImageOfPage\":{\"@id\":\"https:\/\/www.ewigerbund.org\/aktuelles\/volkstrauertag-2025\/#primaryimage\"},\"image\":{\"@id\":\"https:\/\/www.ewigerbund.org\/aktuelles\/volkstrauertag-2025\/#primaryimage\"},\"thumbnailUrl\":\"https:\/\/www.ewigerbund.org\/aktuelles\/wp-content\/uploads\/sites\/37\/2026\/02\/EB-Aktuelles-Volkstrauertag_v.png\",\"datePublished\":\"2025-11-19T18:02:00+00:00\",\"dateModified\":\"2026-02-09T17:28:15+00:00\",\"description\":\"Am Volkstrauertag ehren wir das Erbe unserer Ahnen. Erfahren Sie mehr \u00fcber den Weg in eine deutsche Zukunft im ewigen Bund.\",\"breadcrumb\":{\"@id\":\"https:\/\/www.ewigerbund.org\/aktuelles\/volkstrauertag-2025\/#breadcrumb\"},\"inLanguage\":\"de\",\"potentialAction\":[{\"@type\":\"ReadAction\",\"target\":[\"https:\/\/www.ewigerbund.org\/aktuelles\/volkstrauertag-2025\/\"]}]},{\"@type\":\"ImageObject\",\"inLanguage\":\"de\",\"@id\":\"https:\/\/www.ewigerbund.org\/aktuelles\/volkstrauertag-2025\/#primaryimage\",\"url\":\"https:\/\/www.ewigerbund.org\/aktuelles\/wp-content\/uploads\/sites\/37\/2026\/02\/EB-Aktuelles-Volkstrauertag_v.png\",\"contentUrl\":\"https:\/\/www.ewigerbund.org\/aktuelles\/wp-content\/uploads\/sites\/37\/2026\/02\/EB-Aktuelles-Volkstrauertag_v.png\",\"width\":750,\"height\":350,\"caption\":\"Volkstrauertag Bild\"},{\"@type\":\"BreadcrumbList\",\"@id\":\"https:\/\/www.ewigerbund.org\/aktuelles\/volkstrauertag-2025\/#breadcrumb\",\"itemListElement\":[{\"@type\":\"ListItem\",\"position\":1,\"name\":\"Startseite\",\"item\":\"https:\/\/www.ewigerbund.org\/aktuelles\/\"},{\"@type\":\"ListItem\",\"position\":2,\"name\":\"Volkstrauertag 2025.\"}]},{\"@type\":\"WebSite\",\"@id\":\"https:\/\/www.ewigerbund.org\/aktuelles\/#website\",\"url\":\"https:\/\/www.ewigerbund.org\/aktuelles\/\",\"name\":\"Aktuelles\",\"description\":\"Verfassungsb\u00fcndnis der deutschen Einzelstaaten.\",\"publisher\":{\"@id\":\"https:\/\/www.ewigerbund.org\/aktuelles\/#organization\"},\"potentialAction\":[{\"@type\":\"SearchAction\",\"target\":{\"@type\":\"EntryPoint\",\"urlTemplate\":\"https:\/\/www.ewigerbund.org\/aktuelles\/?s={search_term_string}\"},\"query-input\":\"required name=search_term_string\"}],\"inLanguage\":\"de\"},{\"@type\":\"Organization\",\"@id\":\"https:\/\/www.ewigerbund.org\/aktuelles\/#organization\",\"name\":\"Aktuelles\",\"url\":\"https:\/\/www.ewigerbund.org\/aktuelles\/\",\"logo\":{\"@type\":\"ImageObject\",\"inLanguage\":\"de\",\"@id\":\"https:\/\/www.ewigerbund.org\/aktuelles\/#\/schema\/logo\/image\/\",\"url\":\"https:\/\/www.ewigerbund.org\/aktuelles\/wp-content\/uploads\/sites\/37\/2022\/11\/2022-09-20-Logo-EB_Schutzzone_V4_Transparent.png\",\"contentUrl\":\"https:\/\/www.ewigerbund.org\/aktuelles\/wp-content\/uploads\/sites\/37\/2022\/11\/2022-09-20-Logo-EB_Schutzzone_V4_Transparent.png\",\"width\":2000,\"height\":1982,\"caption\":\"Aktuelles\"},\"image\":{\"@id\":\"https:\/\/www.ewigerbund.org\/aktuelles\/#\/schema\/logo\/image\/\"}},{\"@type\":\"Person\",\"@id\":\"https:\/\/www.ewigerbund.org\/aktuelles\/#\/schema\/person\/7a99825bb43acd9c1bd04d4ca2861988\",\"name\":\"jana\",\"image\":{\"@type\":\"ImageObject\",\"inLanguage\":\"de\",\"@id\":\"https:\/\/www.ewigerbund.org\/aktuelles\/#\/schema\/person\/image\/\",\"url\":\"https:\/\/secure.gravatar.com\/avatar\/1dfa27acd33cb084c9d1003a585a739b?s=96&d=mm&r=g\",\"contentUrl\":\"https:\/\/secure.gravatar.com\/avatar\/1dfa27acd33cb084c9d1003a585a739b?s=96&d=mm&r=g\",\"caption\":\"jana\"},\"url\":\"https:\/\/www.ewigerbund.org\/aktuelles\/author\/jana\/\"}]}<\/script>\n<!-- \/ Yoast SEO plugin. -->","yoast_head_json":{"title":"Volkstrauertag 2025. - Aktuelles","description":"Am Volkstrauertag ehren wir das Erbe unserer Ahnen. Erfahren Sie mehr \u00fcber den Weg in eine deutsche Zukunft im ewigen Bund.","robots":{"index":"index","follow":"follow","max-snippet":"max-snippet:-1","max-image-preview":"max-image-preview:large","max-video-preview":"max-video-preview:-1"},"canonical":"https:\/\/www.ewigerbund.org\/aktuelles\/volkstrauertag-2025\/","og_locale":"de_DE","og_type":"article","og_title":"Volkstrauertag \u2013 Gedenken an unsere Ahnen.","og_description":"Am Volkstrauertag ehren wir das Erbe unserer Ahnen. Erfahren Sie mehr \u00fcber die Bedeutung von Opferbereitschaft und den Weg in eine deutsche Zukunft im ewigen Bund.","og_url":"https:\/\/www.ewigerbund.org\/aktuelles\/volkstrauertag-2025\/","og_site_name":"Aktuelles","article_published_time":"2025-11-19T18:02:00+00:00","article_modified_time":"2026-02-09T17:28:15+00:00","og_image":[{"width":750,"height":350,"url":"https:\/\/www.ewigerbund.org\/aktuelles\/wp-content\/uploads\/sites\/37\/2026\/02\/EB-Aktuelles-Volkstrauertag_v.png","type":"image\/png"}],"author":"jana","twitter_card":"summary_large_image","twitter_misc":{"Verfasst von":"jana","Gesch\u00e4tzte Lesezeit":"2\u00a0Minuten"},"schema":{"@context":"https:\/\/schema.org","@graph":[{"@type":"Article","@id":"https:\/\/www.ewigerbund.org\/aktuelles\/volkstrauertag-2025\/#article","isPartOf":{"@id":"https:\/\/www.ewigerbund.org\/aktuelles\/volkstrauertag-2025\/"},"author":{"name":"jana","@id":"https:\/\/www.ewigerbund.org\/aktuelles\/#\/schema\/person\/7a99825bb43acd9c1bd04d4ca2861988"},"headline":"Volkstrauertag 2025.","datePublished":"2025-11-19T18:02:00+00:00","dateModified":"2026-02-09T17:28:15+00:00","mainEntityOfPage":{"@id":"https:\/\/www.ewigerbund.org\/aktuelles\/volkstrauertag-2025\/"},"wordCount":186,"commentCount":0,"publisher":{"@id":"https:\/\/www.ewigerbund.org\/aktuelles\/#organization"},"image":{"@id":"https:\/\/www.ewigerbund.org\/aktuelles\/volkstrauertag-2025\/#primaryimage"},"thumbnailUrl":"https:\/\/www.ewigerbund.org\/aktuelles\/wp-content\/uploads\/sites\/37\/2026\/02\/EB-Aktuelles-Volkstrauertag_v.png","keywords":["neues"],"inLanguage":"de","potentialAction":[{"@type":"CommentAction","name":"Comment","target":["https:\/\/www.ewigerbund.org\/aktuelles\/volkstrauertag-2025\/#respond"]}]},{"@type":"WebPage","@id":"https:\/\/www.ewigerbund.org\/aktuelles\/volkstrauertag-2025\/","url":"https:\/\/www.ewigerbund.org\/aktuelles\/volkstrauertag-2025\/","name":"Volkstrauertag 2025. - Aktuelles","isPartOf":{"@id":"https:\/\/www.ewigerbund.org\/aktuelles\/#website"},"primaryImageOfPage":{"@id":"https:\/\/www.ewigerbund.org\/aktuelles\/volkstrauertag-2025\/#primaryimage"},"image":{"@id":"https:\/\/www.ewigerbund.org\/aktuelles\/volkstrauertag-2025\/#primaryimage"},"thumbnailUrl":"https:\/\/www.ewigerbund.org\/aktuelles\/wp-content\/uploads\/sites\/37\/2026\/02\/EB-Aktuelles-Volkstrauertag_v.png","datePublished":"2025-11-19T18:02:00+00:00","dateModified":"2026-02-09T17:28:15+00:00","description":"Am Volkstrauertag ehren wir das Erbe unserer Ahnen. Erfahren Sie mehr \u00fcber den Weg in eine deutsche Zukunft im ewigen Bund.","breadcrumb":{"@id":"https:\/\/www.ewigerbund.org\/aktuelles\/volkstrauertag-2025\/#breadcrumb"},"inLanguage":"de","potentialAction":[{"@type":"ReadAction","target":["https:\/\/www.ewigerbund.org\/aktuelles\/volkstrauertag-2025\/"]}]},{"@type":"ImageObject","inLanguage":"de","@id":"https:\/\/www.ewigerbund.org\/aktuelles\/volkstrauertag-2025\/#primaryimage","url":"https:\/\/www.ewigerbund.org\/aktuelles\/wp-content\/uploads\/sites\/37\/2026\/02\/EB-Aktuelles-Volkstrauertag_v.png","contentUrl":"https:\/\/www.ewigerbund.org\/aktuelles\/wp-content\/uploads\/sites\/37\/2026\/02\/EB-Aktuelles-Volkstrauertag_v.png","width":750,"height":350,"caption":"Volkstrauertag Bild"},{"@type":"BreadcrumbList","@id":"https:\/\/www.ewigerbund.org\/aktuelles\/volkstrauertag-2025\/#breadcrumb","itemListElement":[{"@type":"ListItem","position":1,"name":"Startseite","item":"https:\/\/www.ewigerbund.org\/aktuelles\/"},{"@type":"ListItem","position":2,"name":"Volkstrauertag 2025."}]},{"@type":"WebSite","@id":"https:\/\/www.ewigerbund.org\/aktuelles\/#website","url":"https:\/\/www.ewigerbund.org\/aktuelles\/","name":"Aktuelles","description":"Verfassungsb\u00fcndnis der deutschen Einzelstaaten.","publisher":{"@id":"https:\/\/www.ewigerbund.org\/aktuelles\/#organization"},"potentialAction":[{"@type":"SearchAction","target":{"@type":"EntryPoint","urlTemplate":"https:\/\/www.ewigerbund.org\/aktuelles\/?s={search_term_string}"},"query-input":"required name=search_term_string"}],"inLanguage":"de"},{"@type":"Organization","@id":"https:\/\/www.ewigerbund.org\/aktuelles\/#organization","name":"Aktuelles","url":"https:\/\/www.ewigerbund.org\/aktuelles\/","logo":{"@type":"ImageObject","inLanguage":"de","@id":"https:\/\/www.ewigerbund.org\/aktuelles\/#\/schema\/logo\/image\/","url":"https:\/\/www.ewigerbund.org\/aktuelles\/wp-content\/uploads\/sites\/37\/2022\/11\/2022-09-20-Logo-EB_Schutzzone_V4_Transparent.png","contentUrl":"https:\/\/www.ewigerbund.org\/aktuelles\/wp-content\/uploads\/sites\/37\/2022\/11\/2022-09-20-Logo-EB_Schutzzone_V4_Transparent.png","width":2000,"height":1982,"caption":"Aktuelles"},"image":{"@id":"https:\/\/www.ewigerbund.org\/aktuelles\/#\/schema\/logo\/image\/"}},{"@type":"Person","@id":"https:\/\/www.ewigerbund.org\/aktuelles\/#\/schema\/person\/7a99825bb43acd9c1bd04d4ca2861988","name":"jana","image":{"@type":"ImageObject","inLanguage":"de","@id":"https:\/\/www.ewigerbund.org\/aktuelles\/#\/schema\/person\/image\/","url":"https:\/\/secure.gravatar.com\/avatar\/1dfa27acd33cb084c9d1003a585a739b?s=96&d=mm&r=g","contentUrl":"https:\/\/secure.gravatar.com\/avatar\/1dfa27acd33cb084c9d1003a585a739b?s=96&d=mm&r=g","caption":"jana"},"url":"https:\/\/www.ewigerbund.org\/aktuelles\/author\/jana\/"}]}},"_links":{"self":[{"href":"https:\/\/www.ewigerbund.org\/aktuelles\/wp-json\/wp\/v2\/posts\/2798","targetHints":{"allow":["GET"]}}],"collection":[{"href":"https:\/\/www.ewigerbund.org\/aktuelles\/wp-json\/wp\/v2\/posts"}],"about":[{"href":"https:\/\/www.ewigerbund.org\/aktuelles\/wp-json\/wp\/v2\/types\/post"}],"author":[{"embeddable":true,"href":"https:\/\/www.ewigerbund.org\/aktuelles\/wp-json\/wp\/v2\/users\/29"}],"replies":[{"embeddable":true,"href":"https:\/\/www.ewigerbund.org\/aktuelles\/wp-json\/wp\/v2\/comments?post=2798"}],"version-history":[{"count":9,"href":"https:\/\/www.ewigerbund.org\/aktuelles\/wp-json\/wp\/v2\/posts\/2798\/revisions"}],"predecessor-version":[{"id":2825,"href":"https:\/\/www.ewigerbund.org\/aktuelles\/wp-json\/wp\/v2\/posts\/2798\/revisions\/2825"}],"wp:featuredmedia":[{"embeddable":true,"href":"https:\/\/www.ewigerbund.org\/aktuelles\/wp-json\/wp\/v2\/media\/2799"}],"wp:attachment":[{"href":"https:\/\/www.ewigerbund.org\/aktuelles\/wp-json\/wp\/v2\/media?parent=2798"}],"wp:term":[{"taxonomy":"category","embeddable":true,"href":"https:\/\/www.ewigerbund.org\/aktuelles\/wp-json\/wp\/v2\/categories?post=2798"},{"taxonomy":"post_tag","embeddable":true,"href":"https:\/\/www.ewigerbund.org\/aktuelles\/wp-json\/wp\/v2\/tags?post=2798"}],"curies":[{"name":"wp","href":"https:\/\/api.w.org\/{rel}","templated":true}]}}