{"id":2770,"date":"2025-11-13T21:02:57","date_gmt":"2025-11-13T20:02:57","guid":{"rendered":"https:\/\/www.ewigerbund.org\/aktuelles\/?p=2770"},"modified":"2026-02-09T18:27:51","modified_gmt":"2026-02-09T17:27:51","slug":"zum-fanal-des-jahres-der-9-november-gedenken-an-die-schicksalhafte","status":"publish","type":"post","link":"https:\/\/www.ewigerbund.org\/aktuelles\/zum-fanal-des-jahres-der-9-november-gedenken-an-die-schicksalhafte\/","title":{"rendered":"Zum Fanal des Jahres 2025."},"content":{"rendered":"<div style=\"padding:57% 0 0 0;position:relative;\"><iframe src=\"https:\/\/player.vimeo.com\/video\/1136624422?h=3f03e51f86&amp;badge=0&amp;autopause=0&amp;player_id=0&amp;app_id=58479\" allow=\"autoplay; fullscreen; picture-in-picture\" allowfullscreen=\"\" style=\"position:absolute;top:0;left:0;width:100%;height:100%;\" frameborder=\"0\"><\/iframe><\/div><script src=\"https:\/\/player.vimeo.com\/api\/player.js\"><\/script>\n\n\n\n<h2 class=\"wp-block-heading\">Der 9. November \u2013 Gedenken an die schicksalhafte Stunde der Deutschen.<\/h2>\n\n\n\n<p>9. November 2025 \u2013 die <strong>Schicksalsstunde der Deutschen<\/strong> j\u00e4hrte sich in diesem Jahr zum 107. Mal. Da\u00df dieser Riss im Zeitgef\u00fcge des gewaltsamen Staatsumsturzes nicht in Vergessenheit geraten ist und die Deutschen sich dessen bewu\u00dft zeigen, belegen die Aufnahmen zum diesj\u00e4hrigen Fanal des Jahres.<\/p>\n\n\n\n<p>Es ist ein Gebot der Stunde, diesen <strong>Staatsumsturz zu heilen<\/strong> und den verfassungsm\u00e4\u00dfigen Zustand wieder in ein w\u00fcrdiges Gleichma\u00df zu f\u00fchren. Ein jeder, dem das Wohl unseres deutschen Staates am Herzen liegt, wei\u00df um die Bedeutung dieser Aufgabe, die nicht blo\u00df die Gegenwart, sondern auch die fernere Zukunft tr\u00e4gt.<\/p>\n\n\n\n<p>M\u00f6ge mit ernstem Flei\u00df und treuer Hingabe das wiedererstehen, was einst ersch\u00fcttert ward, auf da\u00df der deutsche Staat erneut in Festigkeit und Tugend erstrahle.<\/p>\n\n\n\n<p><strong>,,Eine deutsche Zukunft gibt es nur mit dem ewigen Bund.&#8220;<\/strong><\/p>\n\n\n\n<p><\/p>\n","protected":false},"excerpt":{"rendered":"<p>Der 9. November \u2013 Gedenken an die schicksalhafte Stunde der Deutschen. 9. November 2025 \u2013 die Schicksalsstunde der Deutschen j\u00e4hrte sich in diesem Jahr zum 107. Mal. Da\u00df dieser Riss im Zeitgef\u00fcge des gewaltsamen Staatsumsturzes nicht in Vergessenheit geraten ist und die Deutschen sich dessen bewu\u00dft zeigen, belegen die Aufnahmen zum diesj\u00e4hrigen Fanal des Jahres. &#8230; <a title=\"Zum Fanal des Jahres 2025.\" class=\"read-more\" href=\"https:\/\/www.ewigerbund.org\/aktuelles\/zum-fanal-des-jahres-der-9-november-gedenken-an-die-schicksalhafte\/\" aria-label=\"Mehr zu Zum Fanal des Jahres 2025.\">Weiterlesen &#8230;<\/a><\/p>\n","protected":false},"author":8,"featured_media":2776,"comment_status":"open","ping_status":"open","sticky":false,"template":"template-6-beide-seitenleiste.php","format":"standard","meta":{"footnotes":""},"categories":[263],"tags":[264],"class_list":["post-2770","post","type-post","status-publish","format-standard","has-post-thumbnail","hentry","category-fanale","tag-fanaleeb","resize-featured-image"],"yoast_head":"<!-- This site is optimized with the Yoast SEO plugin v23.1 - https:\/\/yoast.com\/wordpress\/plugins\/seo\/ -->\n<title>Zum Fanal des Jahres 2025. - Aktuelles<\/title>\n<meta name=\"robots\" content=\"index, follow, max-snippet:-1, max-image-preview:large, max-video-preview:-1\" \/>\n<link rel=\"canonical\" href=\"https:\/\/www.ewigerbund.org\/aktuelles\/zum-fanal-des-jahres-der-9-november-gedenken-an-die-schicksalhafte\/\" \/>\n<meta property=\"og:locale\" content=\"de_DE\" \/>\n<meta property=\"og:type\" content=\"article\" \/>\n<meta property=\"og:title\" content=\"Zum Fanal des Jahres 2025. - Aktuelles\" \/>\n<meta property=\"og:description\" content=\"Der 9. November \u2013 Gedenken an die schicksalhafte Stunde der Deutschen. 9. November 2025 \u2013 die Schicksalsstunde der Deutschen j\u00e4hrte sich in diesem Jahr zum 107. Mal. Da\u00df dieser Riss im Zeitgef\u00fcge des gewaltsamen Staatsumsturzes nicht in Vergessenheit geraten ist und die Deutschen sich dessen bewu\u00dft zeigen, belegen die Aufnahmen zum diesj\u00e4hrigen Fanal des Jahres. ... Weiterlesen ...\" \/>\n<meta property=\"og:url\" content=\"https:\/\/www.ewigerbund.org\/aktuelles\/zum-fanal-des-jahres-der-9-november-gedenken-an-die-schicksalhafte\/\" \/>\n<meta property=\"og:site_name\" content=\"Aktuelles\" \/>\n<meta property=\"article:published_time\" content=\"2025-11-13T20:02:57+00:00\" \/>\n<meta property=\"article:modified_time\" content=\"2026-02-09T17:27:51+00:00\" \/>\n<meta property=\"og:image\" content=\"https:\/\/www.ewigerbund.org\/aktuelles\/wp-content\/uploads\/sites\/37\/2025\/11\/first_frame.jpg\" \/>\n\t<meta property=\"og:image:width\" content=\"1920\" \/>\n\t<meta property=\"og:image:height\" content=\"1080\" \/>\n\t<meta property=\"og:image:type\" content=\"image\/jpeg\" \/>\n<meta name=\"author\" content=\"Deutscher\" \/>\n<meta name=\"twitter:card\" content=\"summary_large_image\" \/>\n<meta name=\"twitter:label1\" content=\"Verfasst von\" \/>\n\t<meta name=\"twitter:data1\" content=\"Deutscher\" \/>\n\t<meta name=\"twitter:label2\" content=\"Gesch\u00e4tzte Lesezeit\" \/>\n\t<meta name=\"twitter:data2\" content=\"1\u00a0Minute\" \/>\n<script type=\"application\/ld+json\" class=\"yoast-schema-graph\">{\"@context\":\"https:\/\/schema.org\",\"@graph\":[{\"@type\":\"Article\",\"@id\":\"https:\/\/www.ewigerbund.org\/aktuelles\/zum-fanal-des-jahres-der-9-november-gedenken-an-die-schicksalhafte\/#article\",\"isPartOf\":{\"@id\":\"https:\/\/www.ewigerbund.org\/aktuelles\/zum-fanal-des-jahres-der-9-november-gedenken-an-die-schicksalhafte\/\"},\"author\":{\"name\":\"Deutscher\",\"@id\":\"https:\/\/www.ewigerbund.org\/aktuelles\/#\/schema\/person\/4095e8a5634933bdfc1d6de5b3262507\"},\"headline\":\"Zum Fanal des Jahres 2025.\",\"datePublished\":\"2025-11-13T20:02:57+00:00\",\"dateModified\":\"2026-02-09T17:27:51+00:00\",\"mainEntityOfPage\":{\"@id\":\"https:\/\/www.ewigerbund.org\/aktuelles\/zum-fanal-des-jahres-der-9-november-gedenken-an-die-schicksalhafte\/\"},\"wordCount\":154,\"commentCount\":0,\"publisher\":{\"@id\":\"https:\/\/www.ewigerbund.org\/aktuelles\/#organization\"},\"image\":{\"@id\":\"https:\/\/www.ewigerbund.org\/aktuelles\/zum-fanal-des-jahres-der-9-november-gedenken-an-die-schicksalhafte\/#primaryimage\"},\"thumbnailUrl\":\"https:\/\/www.ewigerbund.org\/aktuelles\/wp-content\/uploads\/sites\/37\/2025\/11\/first_frame.jpg\",\"keywords\":[\"fanaleeb\"],\"articleSection\":[\"Fanale des ewigen Bundes.\"],\"inLanguage\":\"de\",\"potentialAction\":[{\"@type\":\"CommentAction\",\"name\":\"Comment\",\"target\":[\"https:\/\/www.ewigerbund.org\/aktuelles\/zum-fanal-des-jahres-der-9-november-gedenken-an-die-schicksalhafte\/#respond\"]}]},{\"@type\":\"WebPage\",\"@id\":\"https:\/\/www.ewigerbund.org\/aktuelles\/zum-fanal-des-jahres-der-9-november-gedenken-an-die-schicksalhafte\/\",\"url\":\"https:\/\/www.ewigerbund.org\/aktuelles\/zum-fanal-des-jahres-der-9-november-gedenken-an-die-schicksalhafte\/\",\"name\":\"Zum Fanal des Jahres 2025. - Aktuelles\",\"isPartOf\":{\"@id\":\"https:\/\/www.ewigerbund.org\/aktuelles\/#website\"},\"primaryImageOfPage\":{\"@id\":\"https:\/\/www.ewigerbund.org\/aktuelles\/zum-fanal-des-jahres-der-9-november-gedenken-an-die-schicksalhafte\/#primaryimage\"},\"image\":{\"@id\":\"https:\/\/www.ewigerbund.org\/aktuelles\/zum-fanal-des-jahres-der-9-november-gedenken-an-die-schicksalhafte\/#primaryimage\"},\"thumbnailUrl\":\"https:\/\/www.ewigerbund.org\/aktuelles\/wp-content\/uploads\/sites\/37\/2025\/11\/first_frame.jpg\",\"datePublished\":\"2025-11-13T20:02:57+00:00\",\"dateModified\":\"2026-02-09T17:27:51+00:00\",\"breadcrumb\":{\"@id\":\"https:\/\/www.ewigerbund.org\/aktuelles\/zum-fanal-des-jahres-der-9-november-gedenken-an-die-schicksalhafte\/#breadcrumb\"},\"inLanguage\":\"de\",\"potentialAction\":[{\"@type\":\"ReadAction\",\"target\":[\"https:\/\/www.ewigerbund.org\/aktuelles\/zum-fanal-des-jahres-der-9-november-gedenken-an-die-schicksalhafte\/\"]}]},{\"@type\":\"ImageObject\",\"inLanguage\":\"de\",\"@id\":\"https:\/\/www.ewigerbund.org\/aktuelles\/zum-fanal-des-jahres-der-9-november-gedenken-an-die-schicksalhafte\/#primaryimage\",\"url\":\"https:\/\/www.ewigerbund.org\/aktuelles\/wp-content\/uploads\/sites\/37\/2025\/11\/first_frame.jpg\",\"contentUrl\":\"https:\/\/www.ewigerbund.org\/aktuelles\/wp-content\/uploads\/sites\/37\/2025\/11\/first_frame.jpg\",\"width\":1920,\"height\":1080},{\"@type\":\"BreadcrumbList\",\"@id\":\"https:\/\/www.ewigerbund.org\/aktuelles\/zum-fanal-des-jahres-der-9-november-gedenken-an-die-schicksalhafte\/#breadcrumb\",\"itemListElement\":[{\"@type\":\"ListItem\",\"position\":1,\"name\":\"Startseite\",\"item\":\"https:\/\/www.ewigerbund.org\/aktuelles\/\"},{\"@type\":\"ListItem\",\"position\":2,\"name\":\"Zum Fanal des Jahres 2025.\"}]},{\"@type\":\"WebSite\",\"@id\":\"https:\/\/www.ewigerbund.org\/aktuelles\/#website\",\"url\":\"https:\/\/www.ewigerbund.org\/aktuelles\/\",\"name\":\"Aktuelles\",\"description\":\"Verfassungsb\u00fcndnis der deutschen Einzelstaaten.\",\"publisher\":{\"@id\":\"https:\/\/www.ewigerbund.org\/aktuelles\/#organization\"},\"potentialAction\":[{\"@type\":\"SearchAction\",\"target\":{\"@type\":\"EntryPoint\",\"urlTemplate\":\"https:\/\/www.ewigerbund.org\/aktuelles\/?s={search_term_string}\"},\"query-input\":\"required name=search_term_string\"}],\"inLanguage\":\"de\"},{\"@type\":\"Organization\",\"@id\":\"https:\/\/www.ewigerbund.org\/aktuelles\/#organization\",\"name\":\"Aktuelles\",\"url\":\"https:\/\/www.ewigerbund.org\/aktuelles\/\",\"logo\":{\"@type\":\"ImageObject\",\"inLanguage\":\"de\",\"@id\":\"https:\/\/www.ewigerbund.org\/aktuelles\/#\/schema\/logo\/image\/\",\"url\":\"https:\/\/www.ewigerbund.org\/aktuelles\/wp-content\/uploads\/sites\/37\/2022\/11\/2022-09-20-Logo-EB_Schutzzone_V4_Transparent.png\",\"contentUrl\":\"https:\/\/www.ewigerbund.org\/aktuelles\/wp-content\/uploads\/sites\/37\/2022\/11\/2022-09-20-Logo-EB_Schutzzone_V4_Transparent.png\",\"width\":2000,\"height\":1982,\"caption\":\"Aktuelles\"},\"image\":{\"@id\":\"https:\/\/www.ewigerbund.org\/aktuelles\/#\/schema\/logo\/image\/\"}},{\"@type\":\"Person\",\"@id\":\"https:\/\/www.ewigerbund.org\/aktuelles\/#\/schema\/person\/4095e8a5634933bdfc1d6de5b3262507\",\"name\":\"Deutscher\",\"image\":{\"@type\":\"ImageObject\",\"inLanguage\":\"de\",\"@id\":\"https:\/\/www.ewigerbund.org\/aktuelles\/#\/schema\/person\/image\/\",\"url\":\"https:\/\/secure.gravatar.com\/avatar\/5f62619aadce2c8bf5a989b368adff38?s=96&d=mm&r=g\",\"contentUrl\":\"https:\/\/secure.gravatar.com\/avatar\/5f62619aadce2c8bf5a989b368adff38?s=96&d=mm&r=g\",\"caption\":\"Deutscher\"},\"url\":\"https:\/\/www.ewigerbund.org\/aktuelles\/author\/ewigerdaniel\/\"}]}<\/script>\n<!-- \/ Yoast SEO plugin. -->","yoast_head_json":{"title":"Zum Fanal des Jahres 2025. - Aktuelles","robots":{"index":"index","follow":"follow","max-snippet":"max-snippet:-1","max-image-preview":"max-image-preview:large","max-video-preview":"max-video-preview:-1"},"canonical":"https:\/\/www.ewigerbund.org\/aktuelles\/zum-fanal-des-jahres-der-9-november-gedenken-an-die-schicksalhafte\/","og_locale":"de_DE","og_type":"article","og_title":"Zum Fanal des Jahres 2025. - Aktuelles","og_description":"Der 9. November \u2013 Gedenken an die schicksalhafte Stunde der Deutschen. 9. November 2025 \u2013 die Schicksalsstunde der Deutschen j\u00e4hrte sich in diesem Jahr zum 107. Mal. Da\u00df dieser Riss im Zeitgef\u00fcge des gewaltsamen Staatsumsturzes nicht in Vergessenheit geraten ist und die Deutschen sich dessen bewu\u00dft zeigen, belegen die Aufnahmen zum diesj\u00e4hrigen Fanal des Jahres. ... Weiterlesen ...","og_url":"https:\/\/www.ewigerbund.org\/aktuelles\/zum-fanal-des-jahres-der-9-november-gedenken-an-die-schicksalhafte\/","og_site_name":"Aktuelles","article_published_time":"2025-11-13T20:02:57+00:00","article_modified_time":"2026-02-09T17:27:51+00:00","og_image":[{"width":1920,"height":1080,"url":"https:\/\/www.ewigerbund.org\/aktuelles\/wp-content\/uploads\/sites\/37\/2025\/11\/first_frame.jpg","type":"image\/jpeg"}],"author":"Deutscher","twitter_card":"summary_large_image","twitter_misc":{"Verfasst von":"Deutscher","Gesch\u00e4tzte Lesezeit":"1\u00a0Minute"},"schema":{"@context":"https:\/\/schema.org","@graph":[{"@type":"Article","@id":"https:\/\/www.ewigerbund.org\/aktuelles\/zum-fanal-des-jahres-der-9-november-gedenken-an-die-schicksalhafte\/#article","isPartOf":{"@id":"https:\/\/www.ewigerbund.org\/aktuelles\/zum-fanal-des-jahres-der-9-november-gedenken-an-die-schicksalhafte\/"},"author":{"name":"Deutscher","@id":"https:\/\/www.ewigerbund.org\/aktuelles\/#\/schema\/person\/4095e8a5634933bdfc1d6de5b3262507"},"headline":"Zum Fanal des Jahres 2025.","datePublished":"2025-11-13T20:02:57+00:00","dateModified":"2026-02-09T17:27:51+00:00","mainEntityOfPage":{"@id":"https:\/\/www.ewigerbund.org\/aktuelles\/zum-fanal-des-jahres-der-9-november-gedenken-an-die-schicksalhafte\/"},"wordCount":154,"commentCount":0,"publisher":{"@id":"https:\/\/www.ewigerbund.org\/aktuelles\/#organization"},"image":{"@id":"https:\/\/www.ewigerbund.org\/aktuelles\/zum-fanal-des-jahres-der-9-november-gedenken-an-die-schicksalhafte\/#primaryimage"},"thumbnailUrl":"https:\/\/www.ewigerbund.org\/aktuelles\/wp-content\/uploads\/sites\/37\/2025\/11\/first_frame.jpg","keywords":["fanaleeb"],"articleSection":["Fanale des ewigen Bundes."],"inLanguage":"de","potentialAction":[{"@type":"CommentAction","name":"Comment","target":["https:\/\/www.ewigerbund.org\/aktuelles\/zum-fanal-des-jahres-der-9-november-gedenken-an-die-schicksalhafte\/#respond"]}]},{"@type":"WebPage","@id":"https:\/\/www.ewigerbund.org\/aktuelles\/zum-fanal-des-jahres-der-9-november-gedenken-an-die-schicksalhafte\/","url":"https:\/\/www.ewigerbund.org\/aktuelles\/zum-fanal-des-jahres-der-9-november-gedenken-an-die-schicksalhafte\/","name":"Zum Fanal des Jahres 2025. - Aktuelles","isPartOf":{"@id":"https:\/\/www.ewigerbund.org\/aktuelles\/#website"},"primaryImageOfPage":{"@id":"https:\/\/www.ewigerbund.org\/aktuelles\/zum-fanal-des-jahres-der-9-november-gedenken-an-die-schicksalhafte\/#primaryimage"},"image":{"@id":"https:\/\/www.ewigerbund.org\/aktuelles\/zum-fanal-des-jahres-der-9-november-gedenken-an-die-schicksalhafte\/#primaryimage"},"thumbnailUrl":"https:\/\/www.ewigerbund.org\/aktuelles\/wp-content\/uploads\/sites\/37\/2025\/11\/first_frame.jpg","datePublished":"2025-11-13T20:02:57+00:00","dateModified":"2026-02-09T17:27:51+00:00","breadcrumb":{"@id":"https:\/\/www.ewigerbund.org\/aktuelles\/zum-fanal-des-jahres-der-9-november-gedenken-an-die-schicksalhafte\/#breadcrumb"},"inLanguage":"de","potentialAction":[{"@type":"ReadAction","target":["https:\/\/www.ewigerbund.org\/aktuelles\/zum-fanal-des-jahres-der-9-november-gedenken-an-die-schicksalhafte\/"]}]},{"@type":"ImageObject","inLanguage":"de","@id":"https:\/\/www.ewigerbund.org\/aktuelles\/zum-fanal-des-jahres-der-9-november-gedenken-an-die-schicksalhafte\/#primaryimage","url":"https:\/\/www.ewigerbund.org\/aktuelles\/wp-content\/uploads\/sites\/37\/2025\/11\/first_frame.jpg","contentUrl":"https:\/\/www.ewigerbund.org\/aktuelles\/wp-content\/uploads\/sites\/37\/2025\/11\/first_frame.jpg","width":1920,"height":1080},{"@type":"BreadcrumbList","@id":"https:\/\/www.ewigerbund.org\/aktuelles\/zum-fanal-des-jahres-der-9-november-gedenken-an-die-schicksalhafte\/#breadcrumb","itemListElement":[{"@type":"ListItem","position":1,"name":"Startseite","item":"https:\/\/www.ewigerbund.org\/aktuelles\/"},{"@type":"ListItem","position":2,"name":"Zum Fanal des Jahres 2025."}]},{"@type":"WebSite","@id":"https:\/\/www.ewigerbund.org\/aktuelles\/#website","url":"https:\/\/www.ewigerbund.org\/aktuelles\/","name":"Aktuelles","description":"Verfassungsb\u00fcndnis der deutschen Einzelstaaten.","publisher":{"@id":"https:\/\/www.ewigerbund.org\/aktuelles\/#organization"},"potentialAction":[{"@type":"SearchAction","target":{"@type":"EntryPoint","urlTemplate":"https:\/\/www.ewigerbund.org\/aktuelles\/?s={search_term_string}"},"query-input":"required name=search_term_string"}],"inLanguage":"de"},{"@type":"Organization","@id":"https:\/\/www.ewigerbund.org\/aktuelles\/#organization","name":"Aktuelles","url":"https:\/\/www.ewigerbund.org\/aktuelles\/","logo":{"@type":"ImageObject","inLanguage":"de","@id":"https:\/\/www.ewigerbund.org\/aktuelles\/#\/schema\/logo\/image\/","url":"https:\/\/www.ewigerbund.org\/aktuelles\/wp-content\/uploads\/sites\/37\/2022\/11\/2022-09-20-Logo-EB_Schutzzone_V4_Transparent.png","contentUrl":"https:\/\/www.ewigerbund.org\/aktuelles\/wp-content\/uploads\/sites\/37\/2022\/11\/2022-09-20-Logo-EB_Schutzzone_V4_Transparent.png","width":2000,"height":1982,"caption":"Aktuelles"},"image":{"@id":"https:\/\/www.ewigerbund.org\/aktuelles\/#\/schema\/logo\/image\/"}},{"@type":"Person","@id":"https:\/\/www.ewigerbund.org\/aktuelles\/#\/schema\/person\/4095e8a5634933bdfc1d6de5b3262507","name":"Deutscher","image":{"@type":"ImageObject","inLanguage":"de","@id":"https:\/\/www.ewigerbund.org\/aktuelles\/#\/schema\/person\/image\/","url":"https:\/\/secure.gravatar.com\/avatar\/5f62619aadce2c8bf5a989b368adff38?s=96&d=mm&r=g","contentUrl":"https:\/\/secure.gravatar.com\/avatar\/5f62619aadce2c8bf5a989b368adff38?s=96&d=mm&r=g","caption":"Deutscher"},"url":"https:\/\/www.ewigerbund.org\/aktuelles\/author\/ewigerdaniel\/"}]}},"_links":{"self":[{"href":"https:\/\/www.ewigerbund.org\/aktuelles\/wp-json\/wp\/v2\/posts\/2770","targetHints":{"allow":["GET"]}}],"collection":[{"href":"https:\/\/www.ewigerbund.org\/aktuelles\/wp-json\/wp\/v2\/posts"}],"about":[{"href":"https:\/\/www.ewigerbund.org\/aktuelles\/wp-json\/wp\/v2\/types\/post"}],"author":[{"embeddable":true,"href":"https:\/\/www.ewigerbund.org\/aktuelles\/wp-json\/wp\/v2\/users\/8"}],"replies":[{"embeddable":true,"href":"https:\/\/www.ewigerbund.org\/aktuelles\/wp-json\/wp\/v2\/comments?post=2770"}],"version-history":[{"count":5,"href":"https:\/\/www.ewigerbund.org\/aktuelles\/wp-json\/wp\/v2\/posts\/2770\/revisions"}],"predecessor-version":[{"id":2824,"href":"https:\/\/www.ewigerbund.org\/aktuelles\/wp-json\/wp\/v2\/posts\/2770\/revisions\/2824"}],"wp:featuredmedia":[{"embeddable":true,"href":"https:\/\/www.ewigerbund.org\/aktuelles\/wp-json\/wp\/v2\/media\/2776"}],"wp:attachment":[{"href":"https:\/\/www.ewigerbund.org\/aktuelles\/wp-json\/wp\/v2\/media?parent=2770"}],"wp:term":[{"taxonomy":"category","embeddable":true,"href":"https:\/\/www.ewigerbund.org\/aktuelles\/wp-json\/wp\/v2\/categories?post=2770"},{"taxonomy":"post_tag","embeddable":true,"href":"https:\/\/www.ewigerbund.org\/aktuelles\/wp-json\/wp\/v2\/tags?post=2770"}],"curies":[{"name":"wp","href":"https:\/\/api.w.org\/{rel}","templated":true}]}}