{"id":2683,"date":"2025-02-06T14:19:28","date_gmt":"2025-02-06T13:19:28","guid":{"rendered":"https:\/\/www.ewigerbund.org\/aktuelles\/?p=2683"},"modified":"2025-02-13T20:22:39","modified_gmt":"2025-02-13T19:22:39","slug":"fanale-18-januar-2025","status":"publish","type":"post","link":"https:\/\/www.ewigerbund.org\/aktuelles\/fanale-18-januar-2025\/","title":{"rendered":"Fanale 18. Januar 2025."},"content":{"rendered":"<div style=\"padding:57% 0 0 0;position:relative;\"><iframe src=\"https:\/\/player.vimeo.com\/video\/1056518386?h=d8893b73a1&amp;badge=0&amp;autopause=0&amp;player_id=0&amp;app_id=58479\" allow=\"autoplay; fullscreen; picture-in-picture\" allowfullscreen=\"\" style=\"position:absolute;top:0;left:0;width:100%;height:100%;\" frameborder=\"0\"><\/iframe><\/div><script src=\"https:\/\/player.vimeo.com\/api\/player.js\"><\/script>\n\n\n\n<div style=\"height:30px\" aria-hidden=\"true\" class=\"wp-block-spacer\"><\/div>\n\n\n\n<h2 class=\"wp-block-heading\">Fanale &#8211; 154. Jahre Reichgr\u00fcndung.<\/h2>\n\n\n\n<p>Der 18. Januar jeden Jahres ist immer ein ganz besonderer Tag f\u00fcr die Deutschen. Am 18. Januar 1871 wurden im Spiegelsaal von Versailles das Deutsche Reich und der K\u00f6nig von Preu\u00dfen als Deutscher Kaiser ausgerufen.<\/p>\n\n\n\n<p>Zum ersten Mal in der deutschen Geschichte formten sich die vielen deutschen V\u00f6lker durch das unerm\u00fcdliche Wirken von Wilhelms I. und Otto von Bismarcks zu einem deutschen Volk. Dank dem Wirken unserer Ahnen wurde ein Gesamtstaat erschaffen, durch den die v\u00f6lkerrechtliche Existenz des ewigen Bundes zementiert wurde.<\/p>\n\n\n\n<p>Um diese Leistung zu w\u00fcrdigen, zog es viele Deutsche am 18. Januar zu \u00fcberall im Bundesgebiet befindlichen Bismarckt\u00fcrmen und anderen Denkm\u00e4lern. Dort wurden zu Ehren dieses f\u00fcr die Deutschen so besonderen Tages gro\u00dfe Fanale entz\u00fcndet.<\/p>\n\n\n\n<p>Das Licht dieser Fanale soll uns am Tag der Reichsgr\u00fcndung ein Leuchtfeuer sein. Damit die Deutschen erkennen, was f\u00fcr uns Gro\u00dfes erschaffen wurde und wie wichtig es ist, unser Erbe im Namen des Friedens anzutreten.<\/p>\n\n\n\n<p>F\u00fcr Thron und Reich. Frieden und Freiheit.<\/p>\n\n\n\n<div style=\"height:50px\" aria-hidden=\"true\" class=\"wp-block-spacer\"><\/div>\n\n\n\n<h2 class=\"wp-block-heading\">Weitere Einreichungen.<\/h2>\n\n\n\n<p>Danke f\u00fcr die Zusendung des Bild und Filmmaterial.<\/p>\n\n\n<div style=\"padding:57% 0 0 0;position:relative;\"><iframe src=\"https:\/\/player.vimeo.com\/video\/1054126936?h=8936594d9c&amp;badge=0&amp;autopause=0&amp;player_id=0&amp;app_id=58479\" allow=\"autoplay; fullscreen; picture-in-picture\" allowfullscreen=\"\" style=\"position:absolute;top:0;left:0;width:100%;height:100%;\" frameborder=\"0\"><\/iframe><\/div><script src=\"https:\/\/player.vimeo.com\/api\/player.js\"><\/script>\n\n\n\n<figure class=\"wp-block-gallery has-nested-images columns-default is-cropped cat-box-border wp-block-gallery-1 is-layout-flex wp-block-gallery-is-layout-flex\">\n<figure class=\"wp-block-image size-large\"><img loading=\"lazy\" decoding=\"async\" width=\"1024\" height=\"682\" data-id=\"2688\" src=\"https:\/\/www.ewigerbund.org\/aktuelles\/wp-content\/uploads\/sites\/37\/2025\/02\/2025-01-18-bochum-am-ruhrpark-1024x682.jpeg\" alt=\"\" class=\"wp-image-2688\" srcset=\"https:\/\/www.ewigerbund.org\/aktuelles\/wp-content\/uploads\/sites\/37\/2025\/02\/2025-01-18-bochum-am-ruhrpark-1024x682.jpeg 1024w, https:\/\/www.ewigerbund.org\/aktuelles\/wp-content\/uploads\/sites\/37\/2025\/02\/2025-01-18-bochum-am-ruhrpark-300x200.jpeg 300w, https:\/\/www.ewigerbund.org\/aktuelles\/wp-content\/uploads\/sites\/37\/2025\/02\/2025-01-18-bochum-am-ruhrpark-768x512.jpeg 768w, https:\/\/www.ewigerbund.org\/aktuelles\/wp-content\/uploads\/sites\/37\/2025\/02\/2025-01-18-bochum-am-ruhrpark.jpeg 1280w\" sizes=\"auto, (max-width: 1024px) 100vw, 1024px\" \/><figcaption class=\"wp-element-caption\">Bismarcktum Bochum, K\u00f6nigreich Preu\u00dfen, Provinz Westphalen.<\/figcaption><\/figure>\n\n\n\n<figure class=\"wp-block-image size-large\"><img loading=\"lazy\" decoding=\"async\" width=\"768\" height=\"1024\" data-id=\"2690\" src=\"https:\/\/www.ewigerbund.org\/aktuelles\/wp-content\/uploads\/sites\/37\/2025\/02\/2025-01-18-weixdorf-kgr-sachsen-768x1024.jpeg\" alt=\"\" class=\"wp-image-2690\" srcset=\"https:\/\/www.ewigerbund.org\/aktuelles\/wp-content\/uploads\/sites\/37\/2025\/02\/2025-01-18-weixdorf-kgr-sachsen-768x1024.jpeg 768w, https:\/\/www.ewigerbund.org\/aktuelles\/wp-content\/uploads\/sites\/37\/2025\/02\/2025-01-18-weixdorf-kgr-sachsen-225x300.jpeg 225w, https:\/\/www.ewigerbund.org\/aktuelles\/wp-content\/uploads\/sites\/37\/2025\/02\/2025-01-18-weixdorf-kgr-sachsen.jpeg 960w\" sizes=\"auto, (max-width: 768px) 100vw, 768px\" \/><figcaption class=\"wp-element-caption\">Bismarck Gedenkstein Weixdorf, <br>K\u00f6nigreich Sachsen.<\/figcaption><\/figure>\n\n\n\n<figure class=\"wp-block-image size-large\"><img loading=\"lazy\" decoding=\"async\" width=\"1024\" height=\"682\" data-id=\"2692\" src=\"https:\/\/www.ewigerbund.org\/aktuelles\/wp-content\/uploads\/sites\/37\/2025\/02\/2025-01-18-bismarckturm-bochum-ruhrpark-1024x682.jpeg\" alt=\"Bismarcktum Bochum,\nK\u00f6nigreich Preu\u00dfen, Provinz Westphalen.\n\" class=\"wp-image-2692\" srcset=\"https:\/\/www.ewigerbund.org\/aktuelles\/wp-content\/uploads\/sites\/37\/2025\/02\/2025-01-18-bismarckturm-bochum-ruhrpark-1024x682.jpeg 1024w, https:\/\/www.ewigerbund.org\/aktuelles\/wp-content\/uploads\/sites\/37\/2025\/02\/2025-01-18-bismarckturm-bochum-ruhrpark-300x200.jpeg 300w, https:\/\/www.ewigerbund.org\/aktuelles\/wp-content\/uploads\/sites\/37\/2025\/02\/2025-01-18-bismarckturm-bochum-ruhrpark-768x512.jpeg 768w, https:\/\/www.ewigerbund.org\/aktuelles\/wp-content\/uploads\/sites\/37\/2025\/02\/2025-01-18-bismarckturm-bochum-ruhrpark.jpeg 1280w\" sizes=\"auto, (max-width: 1024px) 100vw, 1024px\" \/><figcaption class=\"wp-element-caption\">Bismarcktum Bochum,<br>K\u00f6nigreich Preu\u00dfen, Provinz Westphalen.<br><\/figcaption><\/figure>\n<\/figure>\n","protected":false},"excerpt":{"rendered":"<p>Fanale &#8211; 154. Jahre Reichgr\u00fcndung. Der 18. Januar jeden Jahres ist immer ein ganz besonderer Tag f\u00fcr die Deutschen. Am 18. Januar 1871 wurden im Spiegelsaal von Versailles das Deutsche Reich und der K\u00f6nig von Preu\u00dfen als Deutscher Kaiser ausgerufen. Zum ersten Mal in der deutschen Geschichte formten sich die vielen deutschen V\u00f6lker durch das &#8230; <a title=\"Fanale 18. Januar 2025.\" class=\"read-more\" href=\"https:\/\/www.ewigerbund.org\/aktuelles\/fanale-18-januar-2025\/\" aria-label=\"Mehr zu Fanale 18. Januar 2025.\">Weiterlesen &#8230;<\/a><\/p>\n","protected":false},"author":29,"featured_media":2685,"comment_status":"open","ping_status":"open","sticky":false,"template":"","format":"standard","meta":{"footnotes":""},"categories":[263],"tags":[264],"class_list":["post-2683","post","type-post","status-publish","format-standard","has-post-thumbnail","hentry","category-fanale","tag-fanaleeb","resize-featured-image"],"yoast_head":"<!-- This site is optimized with the Yoast SEO plugin v23.1 - https:\/\/yoast.com\/wordpress\/plugins\/seo\/ -->\n<title>Fanale 18. Januar 2025. - Aktuelles<\/title>\n<meta name=\"robots\" content=\"index, follow, max-snippet:-1, max-image-preview:large, max-video-preview:-1\" \/>\n<link rel=\"canonical\" href=\"https:\/\/www.ewigerbund.org\/aktuelles\/fanale-18-januar-2025\/\" \/>\n<meta property=\"og:locale\" content=\"de_DE\" \/>\n<meta property=\"og:type\" content=\"article\" \/>\n<meta property=\"og:title\" content=\"Fanale 18. Januar 2025. - Aktuelles\" \/>\n<meta property=\"og:description\" content=\"Fanale &#8211; 154. Jahre Reichgr\u00fcndung. Der 18. Januar jeden Jahres ist immer ein ganz besonderer Tag f\u00fcr die Deutschen. Am 18. Januar 1871 wurden im Spiegelsaal von Versailles das Deutsche Reich und der K\u00f6nig von Preu\u00dfen als Deutscher Kaiser ausgerufen. Zum ersten Mal in der deutschen Geschichte formten sich die vielen deutschen V\u00f6lker durch das ... Weiterlesen ...\" \/>\n<meta property=\"og:url\" content=\"https:\/\/www.ewigerbund.org\/aktuelles\/fanale-18-januar-2025\/\" \/>\n<meta property=\"og:site_name\" content=\"Aktuelles\" \/>\n<meta property=\"article:published_time\" content=\"2025-02-06T13:19:28+00:00\" \/>\n<meta property=\"article:modified_time\" content=\"2025-02-13T19:22:39+00:00\" \/>\n<meta property=\"og:image\" content=\"https:\/\/www.ewigerbund.org\/aktuelles\/wp-content\/uploads\/sites\/37\/2025\/02\/EB-EwigerBund-Fanale-01-2025.jpg\" \/>\n\t<meta property=\"og:image:width\" content=\"1748\" \/>\n\t<meta property=\"og:image:height\" content=\"994\" \/>\n\t<meta property=\"og:image:type\" content=\"image\/jpeg\" \/>\n<meta name=\"author\" content=\"jana\" \/>\n<meta name=\"twitter:card\" content=\"summary_large_image\" \/>\n<meta name=\"twitter:label1\" content=\"Verfasst von\" \/>\n\t<meta name=\"twitter:data1\" content=\"jana\" \/>\n\t<meta name=\"twitter:label2\" content=\"Gesch\u00e4tzte Lesezeit\" \/>\n\t<meta name=\"twitter:data2\" content=\"2\u00a0Minuten\" \/>\n<script type=\"application\/ld+json\" class=\"yoast-schema-graph\">{\"@context\":\"https:\/\/schema.org\",\"@graph\":[{\"@type\":\"Article\",\"@id\":\"https:\/\/www.ewigerbund.org\/aktuelles\/fanale-18-januar-2025\/#article\",\"isPartOf\":{\"@id\":\"https:\/\/www.ewigerbund.org\/aktuelles\/fanale-18-januar-2025\/\"},\"author\":{\"name\":\"jana\",\"@id\":\"https:\/\/www.ewigerbund.org\/aktuelles\/#\/schema\/person\/7a99825bb43acd9c1bd04d4ca2861988\"},\"headline\":\"Fanale 18. Januar 2025.\",\"datePublished\":\"2025-02-06T13:19:28+00:00\",\"dateModified\":\"2025-02-13T19:22:39+00:00\",\"mainEntityOfPage\":{\"@id\":\"https:\/\/www.ewigerbund.org\/aktuelles\/fanale-18-januar-2025\/\"},\"wordCount\":226,\"commentCount\":0,\"publisher\":{\"@id\":\"https:\/\/www.ewigerbund.org\/aktuelles\/#organization\"},\"image\":{\"@id\":\"https:\/\/www.ewigerbund.org\/aktuelles\/fanale-18-januar-2025\/#primaryimage\"},\"thumbnailUrl\":\"https:\/\/www.ewigerbund.org\/aktuelles\/wp-content\/uploads\/sites\/37\/2025\/02\/EB-EwigerBund-Fanale-01-2025.jpg\",\"keywords\":[\"fanaleeb\"],\"articleSection\":[\"Fanale des ewigen Bundes.\"],\"inLanguage\":\"de\",\"potentialAction\":[{\"@type\":\"CommentAction\",\"name\":\"Comment\",\"target\":[\"https:\/\/www.ewigerbund.org\/aktuelles\/fanale-18-januar-2025\/#respond\"]}]},{\"@type\":\"WebPage\",\"@id\":\"https:\/\/www.ewigerbund.org\/aktuelles\/fanale-18-januar-2025\/\",\"url\":\"https:\/\/www.ewigerbund.org\/aktuelles\/fanale-18-januar-2025\/\",\"name\":\"Fanale 18. Januar 2025. - Aktuelles\",\"isPartOf\":{\"@id\":\"https:\/\/www.ewigerbund.org\/aktuelles\/#website\"},\"primaryImageOfPage\":{\"@id\":\"https:\/\/www.ewigerbund.org\/aktuelles\/fanale-18-januar-2025\/#primaryimage\"},\"image\":{\"@id\":\"https:\/\/www.ewigerbund.org\/aktuelles\/fanale-18-januar-2025\/#primaryimage\"},\"thumbnailUrl\":\"https:\/\/www.ewigerbund.org\/aktuelles\/wp-content\/uploads\/sites\/37\/2025\/02\/EB-EwigerBund-Fanale-01-2025.jpg\",\"datePublished\":\"2025-02-06T13:19:28+00:00\",\"dateModified\":\"2025-02-13T19:22:39+00:00\",\"breadcrumb\":{\"@id\":\"https:\/\/www.ewigerbund.org\/aktuelles\/fanale-18-januar-2025\/#breadcrumb\"},\"inLanguage\":\"de\",\"potentialAction\":[{\"@type\":\"ReadAction\",\"target\":[\"https:\/\/www.ewigerbund.org\/aktuelles\/fanale-18-januar-2025\/\"]}]},{\"@type\":\"ImageObject\",\"inLanguage\":\"de\",\"@id\":\"https:\/\/www.ewigerbund.org\/aktuelles\/fanale-18-januar-2025\/#primaryimage\",\"url\":\"https:\/\/www.ewigerbund.org\/aktuelles\/wp-content\/uploads\/sites\/37\/2025\/02\/EB-EwigerBund-Fanale-01-2025.jpg\",\"contentUrl\":\"https:\/\/www.ewigerbund.org\/aktuelles\/wp-content\/uploads\/sites\/37\/2025\/02\/EB-EwigerBund-Fanale-01-2025.jpg\",\"width\":1748,\"height\":994,\"caption\":\"Fanale zum 154. Jahrestag der Reichsgr\u00fcndung.\"},{\"@type\":\"BreadcrumbList\",\"@id\":\"https:\/\/www.ewigerbund.org\/aktuelles\/fanale-18-januar-2025\/#breadcrumb\",\"itemListElement\":[{\"@type\":\"ListItem\",\"position\":1,\"name\":\"Startseite\",\"item\":\"https:\/\/www.ewigerbund.org\/aktuelles\/\"},{\"@type\":\"ListItem\",\"position\":2,\"name\":\"Fanale 18. Januar 2025.\"}]},{\"@type\":\"WebSite\",\"@id\":\"https:\/\/www.ewigerbund.org\/aktuelles\/#website\",\"url\":\"https:\/\/www.ewigerbund.org\/aktuelles\/\",\"name\":\"Aktuelles\",\"description\":\"Verfassungsb\u00fcndnis der deutschen Einzelstaaten.\",\"publisher\":{\"@id\":\"https:\/\/www.ewigerbund.org\/aktuelles\/#organization\"},\"potentialAction\":[{\"@type\":\"SearchAction\",\"target\":{\"@type\":\"EntryPoint\",\"urlTemplate\":\"https:\/\/www.ewigerbund.org\/aktuelles\/?s={search_term_string}\"},\"query-input\":\"required name=search_term_string\"}],\"inLanguage\":\"de\"},{\"@type\":\"Organization\",\"@id\":\"https:\/\/www.ewigerbund.org\/aktuelles\/#organization\",\"name\":\"Aktuelles\",\"url\":\"https:\/\/www.ewigerbund.org\/aktuelles\/\",\"logo\":{\"@type\":\"ImageObject\",\"inLanguage\":\"de\",\"@id\":\"https:\/\/www.ewigerbund.org\/aktuelles\/#\/schema\/logo\/image\/\",\"url\":\"https:\/\/www.ewigerbund.org\/aktuelles\/wp-content\/uploads\/sites\/37\/2022\/11\/2022-09-20-Logo-EB_Schutzzone_V4_Transparent.png\",\"contentUrl\":\"https:\/\/www.ewigerbund.org\/aktuelles\/wp-content\/uploads\/sites\/37\/2022\/11\/2022-09-20-Logo-EB_Schutzzone_V4_Transparent.png\",\"width\":2000,\"height\":1982,\"caption\":\"Aktuelles\"},\"image\":{\"@id\":\"https:\/\/www.ewigerbund.org\/aktuelles\/#\/schema\/logo\/image\/\"}},{\"@type\":\"Person\",\"@id\":\"https:\/\/www.ewigerbund.org\/aktuelles\/#\/schema\/person\/7a99825bb43acd9c1bd04d4ca2861988\",\"name\":\"jana\",\"image\":{\"@type\":\"ImageObject\",\"inLanguage\":\"de\",\"@id\":\"https:\/\/www.ewigerbund.org\/aktuelles\/#\/schema\/person\/image\/\",\"url\":\"https:\/\/secure.gravatar.com\/avatar\/1dfa27acd33cb084c9d1003a585a739b?s=96&d=mm&r=g\",\"contentUrl\":\"https:\/\/secure.gravatar.com\/avatar\/1dfa27acd33cb084c9d1003a585a739b?s=96&d=mm&r=g\",\"caption\":\"jana\"},\"url\":\"https:\/\/www.ewigerbund.org\/aktuelles\/author\/jana\/\"}]}<\/script>\n<!-- \/ Yoast SEO plugin. -->","yoast_head_json":{"title":"Fanale 18. Januar 2025. - Aktuelles","robots":{"index":"index","follow":"follow","max-snippet":"max-snippet:-1","max-image-preview":"max-image-preview:large","max-video-preview":"max-video-preview:-1"},"canonical":"https:\/\/www.ewigerbund.org\/aktuelles\/fanale-18-januar-2025\/","og_locale":"de_DE","og_type":"article","og_title":"Fanale 18. Januar 2025. - Aktuelles","og_description":"Fanale &#8211; 154. Jahre Reichgr\u00fcndung. Der 18. Januar jeden Jahres ist immer ein ganz besonderer Tag f\u00fcr die Deutschen. Am 18. Januar 1871 wurden im Spiegelsaal von Versailles das Deutsche Reich und der K\u00f6nig von Preu\u00dfen als Deutscher Kaiser ausgerufen. Zum ersten Mal in der deutschen Geschichte formten sich die vielen deutschen V\u00f6lker durch das ... Weiterlesen ...","og_url":"https:\/\/www.ewigerbund.org\/aktuelles\/fanale-18-januar-2025\/","og_site_name":"Aktuelles","article_published_time":"2025-02-06T13:19:28+00:00","article_modified_time":"2025-02-13T19:22:39+00:00","og_image":[{"width":1748,"height":994,"url":"https:\/\/www.ewigerbund.org\/aktuelles\/wp-content\/uploads\/sites\/37\/2025\/02\/EB-EwigerBund-Fanale-01-2025.jpg","type":"image\/jpeg"}],"author":"jana","twitter_card":"summary_large_image","twitter_misc":{"Verfasst von":"jana","Gesch\u00e4tzte Lesezeit":"2\u00a0Minuten"},"schema":{"@context":"https:\/\/schema.org","@graph":[{"@type":"Article","@id":"https:\/\/www.ewigerbund.org\/aktuelles\/fanale-18-januar-2025\/#article","isPartOf":{"@id":"https:\/\/www.ewigerbund.org\/aktuelles\/fanale-18-januar-2025\/"},"author":{"name":"jana","@id":"https:\/\/www.ewigerbund.org\/aktuelles\/#\/schema\/person\/7a99825bb43acd9c1bd04d4ca2861988"},"headline":"Fanale 18. Januar 2025.","datePublished":"2025-02-06T13:19:28+00:00","dateModified":"2025-02-13T19:22:39+00:00","mainEntityOfPage":{"@id":"https:\/\/www.ewigerbund.org\/aktuelles\/fanale-18-januar-2025\/"},"wordCount":226,"commentCount":0,"publisher":{"@id":"https:\/\/www.ewigerbund.org\/aktuelles\/#organization"},"image":{"@id":"https:\/\/www.ewigerbund.org\/aktuelles\/fanale-18-januar-2025\/#primaryimage"},"thumbnailUrl":"https:\/\/www.ewigerbund.org\/aktuelles\/wp-content\/uploads\/sites\/37\/2025\/02\/EB-EwigerBund-Fanale-01-2025.jpg","keywords":["fanaleeb"],"articleSection":["Fanale des ewigen Bundes."],"inLanguage":"de","potentialAction":[{"@type":"CommentAction","name":"Comment","target":["https:\/\/www.ewigerbund.org\/aktuelles\/fanale-18-januar-2025\/#respond"]}]},{"@type":"WebPage","@id":"https:\/\/www.ewigerbund.org\/aktuelles\/fanale-18-januar-2025\/","url":"https:\/\/www.ewigerbund.org\/aktuelles\/fanale-18-januar-2025\/","name":"Fanale 18. Januar 2025. - Aktuelles","isPartOf":{"@id":"https:\/\/www.ewigerbund.org\/aktuelles\/#website"},"primaryImageOfPage":{"@id":"https:\/\/www.ewigerbund.org\/aktuelles\/fanale-18-januar-2025\/#primaryimage"},"image":{"@id":"https:\/\/www.ewigerbund.org\/aktuelles\/fanale-18-januar-2025\/#primaryimage"},"thumbnailUrl":"https:\/\/www.ewigerbund.org\/aktuelles\/wp-content\/uploads\/sites\/37\/2025\/02\/EB-EwigerBund-Fanale-01-2025.jpg","datePublished":"2025-02-06T13:19:28+00:00","dateModified":"2025-02-13T19:22:39+00:00","breadcrumb":{"@id":"https:\/\/www.ewigerbund.org\/aktuelles\/fanale-18-januar-2025\/#breadcrumb"},"inLanguage":"de","potentialAction":[{"@type":"ReadAction","target":["https:\/\/www.ewigerbund.org\/aktuelles\/fanale-18-januar-2025\/"]}]},{"@type":"ImageObject","inLanguage":"de","@id":"https:\/\/www.ewigerbund.org\/aktuelles\/fanale-18-januar-2025\/#primaryimage","url":"https:\/\/www.ewigerbund.org\/aktuelles\/wp-content\/uploads\/sites\/37\/2025\/02\/EB-EwigerBund-Fanale-01-2025.jpg","contentUrl":"https:\/\/www.ewigerbund.org\/aktuelles\/wp-content\/uploads\/sites\/37\/2025\/02\/EB-EwigerBund-Fanale-01-2025.jpg","width":1748,"height":994,"caption":"Fanale zum 154. Jahrestag der Reichsgr\u00fcndung."},{"@type":"BreadcrumbList","@id":"https:\/\/www.ewigerbund.org\/aktuelles\/fanale-18-januar-2025\/#breadcrumb","itemListElement":[{"@type":"ListItem","position":1,"name":"Startseite","item":"https:\/\/www.ewigerbund.org\/aktuelles\/"},{"@type":"ListItem","position":2,"name":"Fanale 18. Januar 2025."}]},{"@type":"WebSite","@id":"https:\/\/www.ewigerbund.org\/aktuelles\/#website","url":"https:\/\/www.ewigerbund.org\/aktuelles\/","name":"Aktuelles","description":"Verfassungsb\u00fcndnis der deutschen Einzelstaaten.","publisher":{"@id":"https:\/\/www.ewigerbund.org\/aktuelles\/#organization"},"potentialAction":[{"@type":"SearchAction","target":{"@type":"EntryPoint","urlTemplate":"https:\/\/www.ewigerbund.org\/aktuelles\/?s={search_term_string}"},"query-input":"required name=search_term_string"}],"inLanguage":"de"},{"@type":"Organization","@id":"https:\/\/www.ewigerbund.org\/aktuelles\/#organization","name":"Aktuelles","url":"https:\/\/www.ewigerbund.org\/aktuelles\/","logo":{"@type":"ImageObject","inLanguage":"de","@id":"https:\/\/www.ewigerbund.org\/aktuelles\/#\/schema\/logo\/image\/","url":"https:\/\/www.ewigerbund.org\/aktuelles\/wp-content\/uploads\/sites\/37\/2022\/11\/2022-09-20-Logo-EB_Schutzzone_V4_Transparent.png","contentUrl":"https:\/\/www.ewigerbund.org\/aktuelles\/wp-content\/uploads\/sites\/37\/2022\/11\/2022-09-20-Logo-EB_Schutzzone_V4_Transparent.png","width":2000,"height":1982,"caption":"Aktuelles"},"image":{"@id":"https:\/\/www.ewigerbund.org\/aktuelles\/#\/schema\/logo\/image\/"}},{"@type":"Person","@id":"https:\/\/www.ewigerbund.org\/aktuelles\/#\/schema\/person\/7a99825bb43acd9c1bd04d4ca2861988","name":"jana","image":{"@type":"ImageObject","inLanguage":"de","@id":"https:\/\/www.ewigerbund.org\/aktuelles\/#\/schema\/person\/image\/","url":"https:\/\/secure.gravatar.com\/avatar\/1dfa27acd33cb084c9d1003a585a739b?s=96&d=mm&r=g","contentUrl":"https:\/\/secure.gravatar.com\/avatar\/1dfa27acd33cb084c9d1003a585a739b?s=96&d=mm&r=g","caption":"jana"},"url":"https:\/\/www.ewigerbund.org\/aktuelles\/author\/jana\/"}]}},"_links":{"self":[{"href":"https:\/\/www.ewigerbund.org\/aktuelles\/wp-json\/wp\/v2\/posts\/2683","targetHints":{"allow":["GET"]}}],"collection":[{"href":"https:\/\/www.ewigerbund.org\/aktuelles\/wp-json\/wp\/v2\/posts"}],"about":[{"href":"https:\/\/www.ewigerbund.org\/aktuelles\/wp-json\/wp\/v2\/types\/post"}],"author":[{"embeddable":true,"href":"https:\/\/www.ewigerbund.org\/aktuelles\/wp-json\/wp\/v2\/users\/29"}],"replies":[{"embeddable":true,"href":"https:\/\/www.ewigerbund.org\/aktuelles\/wp-json\/wp\/v2\/comments?post=2683"}],"version-history":[{"count":5,"href":"https:\/\/www.ewigerbund.org\/aktuelles\/wp-json\/wp\/v2\/posts\/2683\/revisions"}],"predecessor-version":[{"id":2702,"href":"https:\/\/www.ewigerbund.org\/aktuelles\/wp-json\/wp\/v2\/posts\/2683\/revisions\/2702"}],"wp:featuredmedia":[{"embeddable":true,"href":"https:\/\/www.ewigerbund.org\/aktuelles\/wp-json\/wp\/v2\/media\/2685"}],"wp:attachment":[{"href":"https:\/\/www.ewigerbund.org\/aktuelles\/wp-json\/wp\/v2\/media?parent=2683"}],"wp:term":[{"taxonomy":"category","embeddable":true,"href":"https:\/\/www.ewigerbund.org\/aktuelles\/wp-json\/wp\/v2\/categories?post=2683"},{"taxonomy":"post_tag","embeddable":true,"href":"https:\/\/www.ewigerbund.org\/aktuelles\/wp-json\/wp\/v2\/tags?post=2683"}],"curies":[{"name":"wp","href":"https:\/\/api.w.org\/{rel}","templated":true}]}}