{"id":2363,"date":"2024-07-31T07:00:00","date_gmt":"2024-07-31T05:00:00","guid":{"rendered":"https:\/\/www.ewigerbund.org\/aktuelles\/?p=2363"},"modified":"2024-07-31T13:26:19","modified_gmt":"2024-07-31T11:26:19","slug":"110-jahre-kriegszustand","status":"publish","type":"post","link":"https:\/\/www.ewigerbund.org\/aktuelles\/110-jahre-kriegszustand\/","title":{"rendered":"110 Jahre Kriegszustand."},"content":{"rendered":"\n<h2 class=\"wp-block-heading\">110 Jahre im Kriegzustand.<\/h2>\n\n\n\n<p>Am 31. Juli 2024 j\u00e4hrt sich der Beginn des Weltkrieges zum 110ten Male. <br>Was ist der Grund f\u00fcr diesen bis heute andauernden Kriegszustand?<\/p>\n\n\n\n<div style=\"height:50px\" aria-hidden=\"true\" class=\"wp-block-spacer\"><\/div>\n\n\n\n<h2 class=\"wp-block-heading\">Wirtschaftliche Situation des Deutschen Reiches vor 1914.<\/h2>\n\n\n\n<p>Seit der Reichsgr\u00fcndung 1871 ging es im Deutschen Reich wirtschaftlich steil bergauf. Von Anfang an stand die &#8222;Pflege der Wohlfahrt des deutschen Volkes&#8220; an oberster Stelle des Staates. Die Staatswirtschaft hatte sich in Deutschland gr\u00f6\u00dfere Aufgaben gestellt wie in anderen L\u00e4ndern. So waren nicht nur Post, Telefon oder Eisenbahnen in Staatshand, sondern auch gro\u00dfe Fl\u00e4chen der Landwirtschaft, Forsten und Bergwerke. Der f\u00fcrsorgliche Staat sorgte z. B. f\u00fcr Schulunterricht von M\u00e4dchen und Jungen &#8211; so da\u00df es kaum Analphabeten gab -, ordnungsgem\u00e4\u00dfe Verwaltung und ein Gesundheitswesen. Reichskanzler Otto von Bismarck verdanken wir die Sozialversicherungen, von denen wir heute noch profitieren. Nicht nur die Industrie wuchs, auch die Landwirtschaft konnte ihre Ertr\u00e4ge steigern. Beim Zuckerr\u00fcbenanbau lag Deutschland an der Spitze auf der Welt. Die Staatsschulden waren damals pro Kopf geringer, als in den anderen gro\u00dfen europ\u00e4ischen Nachbarstaaten. Auch das Volksverm\u00f6gen und die Arbeiterl\u00f6hne stiegen stark. Entsprechend erh\u00f6hte sich auch der Konsum.<\/p>\n\n\n\n<p>Das Erfolgsmodell des Deutschen Reiches erzeugte auf andere V\u00f6lker, je nach Standpunkt, einen vorbildlichen oder einen zunehmend bedrohlichen Eindruck. Vor allem dem Britischen Empire, der damaligen Weltmacht, gefiel diese Entwicklung gar nicht, wie sich noch zeigen sollte. Der New Yorker Erzbischof Farley soll im Fr\u00fchjahr 1914 gesagt haben: &#8222;Der Krieg, der in Vorbereitung ist, wird ein Kampf zwischen dem internationalen Kapital und den regierenden Dynastien sein&#8220;. <\/p>\n\n\n\n<div class=\"wp-block-columns cat-box-border-mittelgrau is-layout-flex wp-container-core-columns-is-layout-1 wp-block-columns-is-layout-flex\">\n<div class=\"wp-block-column is-vertically-aligned-center is-layout-flow wp-block-column-is-layout-flow\">\n<figure class=\"wp-block-image size-large\"><a href=\"https:\/\/www.ewigerbund.org\/film\/31-die-wirtschaftlichen-kraefte-deutschlands-1913\/\"><img loading=\"lazy\" decoding=\"async\" width=\"750\" height=\"350\" src=\"https:\/\/www.ewigerbund.org\/aktuelles\/wp-content\/uploads\/sites\/37\/2024\/07\/image.jpeg\" alt=\"\" class=\"wp-image-2369\" srcset=\"https:\/\/www.ewigerbund.org\/aktuelles\/wp-content\/uploads\/sites\/37\/2024\/07\/image.jpeg 750w, https:\/\/www.ewigerbund.org\/aktuelles\/wp-content\/uploads\/sites\/37\/2024\/07\/image-300x140.jpeg 300w\" sizes=\"auto, (max-width: 750px) 100vw, 750px\" \/><\/a><\/figure>\n<\/div>\n\n\n\n<div class=\"wp-block-column is-vertically-aligned-center is-layout-flow wp-block-column-is-layout-flow\">\n<p class=\"has-text-align-center\"><strong>Die deutsche Wirtschaft <br>im Jahre 1913.<\/strong><\/p>\n\n\n\n<a class=\"gb-button gb-button-3f122f67 gb-button-text\" href=\"https:\/\/www.ewigerbund.org\/film\/31-die-wirtschaftlichen-kraefte-deutschlands-1913\/\">Wissen ist eine Holschuld 31.<\/a>\n<\/div>\n<\/div>\n\n\n\n<div style=\"height:50px\" aria-hidden=\"true\" class=\"wp-block-spacer\"><\/div>\n\n\n\n<h2 class=\"wp-block-heading\">Kriegsvorbereitungen.<\/h2>\n\n\n\n<p>Das wirtschaftlich florierende Deutsche Reich spielte mehr und mehr eine wachsende Rolle im Welthandel. Dazu kamen Pl\u00e4ne zum Bau einer gro\u00dfen Flotte und die Entwicklung deutscher Schutzgebiete in \u00dcbersee. Solch einen aufsteigenden Konkurrenten konnte das Britische Empire als See-Weltmacht weder ignorieren noch tolerieren. Schon 1896 hie\u00df es in einer ersten Kampfansage: &#8222;W\u00e4re morgen jeder Deutsche beseitigt, es g\u00e4be kein englisches Gesch\u00e4ft, das nicht sofort w\u00fcchse&#8230;. Machet euch fertig zum Kampf mit Deutschland, denn Germania est delenda&#8220; (Deutschland mu\u00df zerst\u00f6rt werden).<\/p>\n\n\n\n<p>Gemeint war nicht nur ein Handelskrieg, sondern die totale Vernichtung Deutschlands. Der Engl\u00e4nder Houston S. Chamberlain sagte einmal: &#8222;[&#8230;] Deutschland war unschlagbar flei\u00dfig in Schulen und Hochschulen. Deutschland erarbeitete, erfand, entdeckte. Deutschland organisierte und gestaltete&#8230;&#8220;.<\/p>\n\n\n\n<p>Nachdem ein B\u00fcndnis zwischen Deutschland und Ru\u00dfland nicht verl\u00e4ngert wurde, streckte England seine F\u00fchler nach Ru\u00dfland aus. Ziel Englands war eine Einkreisungspolitik des Deutschen Reiches.<\/p>\n\n\n\n<div style=\"height:50px\" aria-hidden=\"true\" class=\"wp-block-spacer\"><\/div>\n\n\n\n<div class=\"wp-block-columns cat-box-border-dunkelrot is-layout-flex wp-container-core-columns-is-layout-2 wp-block-columns-is-layout-flex\">\n<div class=\"wp-block-column is-vertically-aligned-center is-layout-flow wp-block-column-is-layout-flow\">\n<figure class=\"wp-block-image size-large\"><a href=\"https:\/\/www.ewigerbund.org\/film\/1914-die-letzten-tage-vor-dem-weltbrand\/\"><img decoding=\"async\" src=\"https:\/\/www.ewigerbund.org\/film\/wp-content\/uploads\/sites\/38\/2024\/07\/film-die-letzten-tage-vor-dem-weltenbrand_v.jpg\" alt=\"\"\/><\/a><\/figure>\n<\/div>\n\n\n\n<div class=\"wp-block-column is-vertically-aligned-center is-layout-flow wp-block-column-is-layout-flow\">\n<p class=\"has-text-align-center has-white-color has-text-color has-link-color wp-elements-808a974a9c039ea39ff89f07bf91094d\"><strong>1914. <br>Die letzten Tage vor dem Weltbrand.<\/strong><\/p>\n\n\n\n<a class=\"gb-button gb-button-c1d0af86 gb-button-text\" href=\"https:\/\/www.ewigerbund.org\/film\/1914-die-letzten-tage-vor-dem-weltbrand\/\">Filmtipp.<\/a>\n<\/div>\n<\/div>\n\n\n\n<div style=\"height:50px\" aria-hidden=\"true\" class=\"wp-block-spacer\"><\/div>\n\n\n\n<h2 class=\"wp-block-heading\">Kriegserkl\u00e4rung.<\/h2>\n\n\n\n<p>Im Juni 1914 wurde in Sarajevo\/Serbien das \u00f6sterreichische Thronfolgerpaar ermordet.<\/p>\n\n\n\n<figure class=\"wp-block-image size-large\"><img loading=\"lazy\" decoding=\"async\" width=\"1024\" height=\"582\" src=\"https:\/\/www.ewigerbund.org\/aktuelles\/wp-content\/uploads\/sites\/37\/2024\/07\/2024-07-14-110-jahre-kriegszustand-sarajevo-1024x582.jpg\" alt=\"Attentat von Sarajevo 1914\" class=\"wp-image-2365\" srcset=\"https:\/\/www.ewigerbund.org\/aktuelles\/wp-content\/uploads\/sites\/37\/2024\/07\/2024-07-14-110-jahre-kriegszustand-sarajevo-1024x582.jpg 1024w, https:\/\/www.ewigerbund.org\/aktuelles\/wp-content\/uploads\/sites\/37\/2024\/07\/2024-07-14-110-jahre-kriegszustand-sarajevo-300x171.jpg 300w, https:\/\/www.ewigerbund.org\/aktuelles\/wp-content\/uploads\/sites\/37\/2024\/07\/2024-07-14-110-jahre-kriegszustand-sarajevo-768x437.jpg 768w, https:\/\/www.ewigerbund.org\/aktuelles\/wp-content\/uploads\/sites\/37\/2024\/07\/2024-07-14-110-jahre-kriegszustand-sarajevo-1536x873.jpg 1536w, https:\/\/www.ewigerbund.org\/aktuelles\/wp-content\/uploads\/sites\/37\/2024\/07\/2024-07-14-110-jahre-kriegszustand-sarajevo.jpg 1748w\" sizes=\"auto, (max-width: 1024px) 100vw, 1024px\" \/><\/figure>\n\n\n\n<p>Am 25. Juli 1914 wurden im Russischen Reich bereits verschl\u00fcsselte Telegramme zur schrittweisen Mobilmachung verschickt. Es wurden nach und nach verschiedene Orte entlang der Landesgrenze zum Deutschen Reich und zu \u00d6sterreich-Ungarn in den Kriegszustand versetzt. Auf diese Weise war es der russischen Heeresleitung m\u00f6glich, umfassend gegen das Deutsche Reich aufzur\u00fcsten ohne dem Kaiserreich offiziell den Krieg erkl\u00e4ren zu m\u00fcssen.<\/p>\n\n\n\n<p>Am 27. Juli erbat der \u00f6sterreichische Au\u00dfenminister von Kaiser Franz Joseph die Unterzeichnung der Kriegserkl\u00e4rung, woraufhin \u00d6sterreich am selben Tag Serbien den Krieg (Beginn des Weltkrieges) erkl\u00e4rte. Ru\u00dfland sah sich als Schutzmacht Serbiens und befahl am 30. Juli 1914 die Generalmobilmachung gegen \u00d6sterreich-Ungarn und setzte damit die europ\u00e4ischen B\u00fcndnisverpflichtungen in Gang. Da das Deutsche Reich im B\u00fcndnis mit \u00d6sterreich-Ungarn stand, war es v\u00f6lkerrechtlich verpflichtet, \u00d6sterreich Beistand zu leisten.<\/p>\n\n\n\n<p>Trotz zahlreicher Bem\u00fchungen seiner Majest\u00e4t den russischen Zaren seinen uneingeschr\u00e4nkten Friedenswillen zu verdeutlichen und den Franzosen ihre Neutralit\u00e4t zur Kriegsbeteiligung abzuringen, mu\u00dfte Kaiser Wilhelm II. am 31. Juli 1914 einen schweren Entschlu\u00df fassen. Er versetzte gem\u00e4\u00df Art. 68 der Reichsverfassung das Deutsche Reich, mit Ausnahme des K\u00f6nigreichs Bayern, das diese Verf\u00fcgung f\u00fcr sich selbst erlassen mu\u00dfte, in den Kriegszustand. Das Z\u00fcnglein an der Waage war die allgemeine Mobilisation des russischen Heeres und dessen Flotte, was einer Kriegserkl\u00e4rung an das Deutsche Reich gleichzusetzen ist.<\/p>\n\n\n\n<div style=\"height:50px\" aria-hidden=\"true\" class=\"wp-block-spacer\"><\/div>\n\n\n\n<h2 class=\"wp-block-heading\">Rechtliche Lage im Krieg.<\/h2>\n\n\n\n<figure class=\"wp-block-image size-large\"><img loading=\"lazy\" decoding=\"async\" width=\"1024\" height=\"582\" src=\"https:\/\/www.ewigerbund.org\/aktuelles\/wp-content\/uploads\/sites\/37\/2024\/07\/2024-07-14-110-jahre-kriegszustand-zeitung-1024x582.jpg\" alt=\"Zeitungsauschnitt 1. August 1914\" class=\"wp-image-2366\" srcset=\"https:\/\/www.ewigerbund.org\/aktuelles\/wp-content\/uploads\/sites\/37\/2024\/07\/2024-07-14-110-jahre-kriegszustand-zeitung-1024x582.jpg 1024w, https:\/\/www.ewigerbund.org\/aktuelles\/wp-content\/uploads\/sites\/37\/2024\/07\/2024-07-14-110-jahre-kriegszustand-zeitung-300x171.jpg 300w, https:\/\/www.ewigerbund.org\/aktuelles\/wp-content\/uploads\/sites\/37\/2024\/07\/2024-07-14-110-jahre-kriegszustand-zeitung-768x437.jpg 768w, https:\/\/www.ewigerbund.org\/aktuelles\/wp-content\/uploads\/sites\/37\/2024\/07\/2024-07-14-110-jahre-kriegszustand-zeitung-1536x873.jpg 1536w, https:\/\/www.ewigerbund.org\/aktuelles\/wp-content\/uploads\/sites\/37\/2024\/07\/2024-07-14-110-jahre-kriegszustand-zeitung.jpg 1748w\" sizes=\"auto, (max-width: 1024px) 100vw, 1024px\" \/><\/figure>\n\n\n\n<p>Am 31. Juli 1914 wurde der Kriegszustand \u00fcber das Reichsgebiet verh\u00e4ngt. Dies hatte zur Folge, da\u00df mit der Bekanntmachung der Erkl\u00e4rung des Belagerungszustandes die vollziehende Gewalt an die Befehlshaber \u00fcbergeht. Dadurch werden alle Zivilverwaltungs- und Gemeindebeh\u00f6rden zu Unterbeh\u00f6rden der Milit\u00e4rkommandanten. Oberster Befehlshaber im Deutschen Reich ist der Deutsche Kaiser. Der Krieg hat zur Folge, da\u00df s\u00e4mtliche Vertr\u00e4ge (V\u00f6lkerrecht) au\u00dfer Kraft gesetzt werden bis auf die, welche speziell f\u00fcr den Kriegsfall vereinbart wurden. Dazu z\u00e4hlt das Abkommen \u00fcber Gesetze und Gebr\u00e4uche des Landkriegs, welches der Zivilbev\u00f6lkerung im Falle kriegerischer Auseinandersetzungen internationalen Schutz gew\u00e4hrt (Haager Landkriegsordnung).<\/p>\n\n\n\n<p>Im Kriegs- und Belagerungszustand sind u.a. folgende Rechte suspendiert (au\u00dfer Kraft gesetzt): Freiheit der Person, Unverletzlichkeit der Wohnung, Meinungsfreiheit, Versammlungsrecht und Vereinigungsrecht.<\/p>\n\n\n\n<div style=\"height:50px\" aria-hidden=\"true\" class=\"wp-block-spacer\"><\/div>\n\n\n\n<h2 class=\"wp-block-heading\">Der Umsturz durch die Sozialdemokraten.<\/h2>\n\n\n\n<p>Im November 1918 wurde das Deutsche Reich gewaltsam seiner Staatsorgane beraubt und damit handlungsunf\u00e4hig gemacht. Eine kleine Gruppe sozialdemokratischer M\u00e4nner hat die verfassungsm\u00e4\u00dfigen Organe des Reichs beseitigt und die Kontrolle der Regierung \u00fcbernommen. Das amtierende Staatsoberhaupt (das Pr\u00e4sidium des Bundes, also der Deutsche Kaiser) wurde am 9. November 1918 durch den gewaltsamen Umsturz ins Exil gezwungen.<\/p>\n\n\n\n<h3 class=\"wp-block-heading\">Wir sind im Krieg!<\/h3>\n\n\n\n<p>In der <a href=\"https:\/\/www.ewigerbund.org\/verfassungsrecht\/staatsrecht-des-ewigen-bundes\/verfassungsurkunde\/\">Bismarckschen Reichsverfassungsurkunde<\/a> hei\u00dft es in Artikel 11:<\/p>\n\n\n\n<p>1) Das Pr\u00e4sidium des Bundes steht dem K\u00f6nige von Preu\u00dfen zu, welcher den Namen Deutscher Kaiser f\u00fchrt. Der Kaiser hat das Reich v\u00f6lkerrechtlich zu vertreten, im Namen des Reichs Krieg zu erkl\u00e4ren und Frieden zu schlie\u00dfen, B\u00fcndnisse und andere Vertr\u00e4ge mit fremden Staaten einzugehen, Gesandte zu beglaubigen und zu empfangen.<\/p>\n\n\n\n<p>2) Zur Erkl\u00e4rung des Krieges im Namen des Reichs ist die Zustimmung des Bundesrates erforderlich, es sei denn, da\u00df ein Angriff auf das Bundesgebiet oder dessen K\u00fcsten erfolgt.<\/p>\n\n\n\n<div class=\"wp-block-columns cat-box-border has-background is-layout-flex wp-container-core-columns-is-layout-3 wp-block-columns-is-layout-flex\" style=\"background-color:#d1d7da\">\n<div class=\"wp-block-column is-vertically-aligned-center is-layout-flow wp-block-column-is-layout-flow\"><div class=\"wp-block-image wp-duotone-rgb21500-rgb22400-1\">\n<figure class=\"aligncenter size-large is-resized\"><img loading=\"lazy\" decoding=\"async\" width=\"100\" height=\"105\" src=\"https:\/\/www.ewigerbund.org\/aktuelles\/wp-content\/uploads\/sites\/37\/2024\/07\/image.png\" alt=\"\" class=\"wp-image-2367\" style=\"width:50px\"\/><\/figure><\/div>\n\n\n<p class=\"gb-headline gb-headline-a04e08b6 gb-headline-text cat-box-titel-h3 has-20-font-size\">Die Reichsverfassung sichert der deutschen Nation die v\u00f6lkerrechtliche Existenz.<\/p>\n\n\n\n<p class=\"has-text-align-center has-text-color has-link-color has-small-font-size wp-elements-494558c75fa320d18161259afc80e46a\" style=\"color:#304148\">&#8211; Otto von Bismarck<\/p>\n<\/div>\n\n\n\n<div class=\"wp-block-column is-vertically-aligned-center is-layout-flow wp-block-column-is-layout-flow\"><div class=\"wp-block-image\">\n<figure class=\"aligncenter size-large is-resized\"><img loading=\"lazy\" decoding=\"async\" width=\"500\" height=\"500\" src=\"https:\/\/www.ewigerbund.org\/aktuelles\/wp-content\/uploads\/sites\/37\/2024\/07\/image-1.png\" alt=\"\" class=\"wp-image-2368\" style=\"width:250px\" srcset=\"https:\/\/www.ewigerbund.org\/aktuelles\/wp-content\/uploads\/sites\/37\/2024\/07\/image-1.png 500w, https:\/\/www.ewigerbund.org\/aktuelles\/wp-content\/uploads\/sites\/37\/2024\/07\/image-1-300x300.png 300w, https:\/\/www.ewigerbund.org\/aktuelles\/wp-content\/uploads\/sites\/37\/2024\/07\/image-1-150x150.png 150w\" sizes=\"auto, (max-width: 500px) 100vw, 500px\" \/><\/figure><\/div><\/div>\n<\/div>\n\n\n\n<p>&#8222;Hieraus ergibt sich umgekehrt f\u00fcr das Verh\u00e4ltnis des Auslandes zum Deutschen Reich, da\u00df sich dieses an den Kaiser zu wenden hat, wenn es mit dem Reiche einen seiner ausschlie\u00dflichen Kompetenz unterliegenden Vertrag, als welchen wir den Friedensvertrag erkannt haben, abschlie\u00dfen will. [&#8230;] Der Kaiser leitet ausschlie\u00dflich die Verhandlungen mit den fremden Staaten ein und f\u00fchrt sie regelm\u00e4\u00dfig durch die von ihm geh\u00f6rig beglaubigten Beamten, die aber immer an seine Weisungen gebunden bleiben&#8220;. (Dissertation &#8222;Friedensvertrag nach Reichsverfassung&#8220; aus dem Jahr 1918)<\/p>\n\n\n\n<p>Gem\u00e4\u00df Reichsverfassung kann nur der Kaiser Frieden schlie\u00dfen und damit den Weltkrieg beenden. Diese M\u00f6glichkeit wurde ihm genommen, indem er ins Exil gezwungen wurde. Das hei\u00dft, es gibt bis heute keinen v\u00f6lkerrechtlichen Friedensschlu\u00df zum am 31. Juli 1914 begonnenen Weltkrieg.<\/p>\n\n\n\n<p>Mit dem Umsturz 1918 wurde das Deutsche Reich e handlungsunf\u00e4hig gemacht und die &#8222;Pflege der Wohlfahrt des deutschen Volkes&#8220; ins Gegenteil verkehrt.<\/p>\n\n\n\n<p>Der Kriegszustand konnte somit zu keinem Zeitpunkt LEGITIM wieder aufgehoben werden, denn die Aufhebung des Kriegszustandes kann auf verfassungsm\u00e4\u00dfigem Weg nur durch das Pr\u00e4sidium des Bundes erfolgen. Seit diesen Tagen wird das sich im Kriegszustand befindliche Deutsche Reich von nicht-legitimierten Vertretern unter Fremdherrschaft verwaltet.<\/p>\n\n\n\n<p>Durch v\u00f6lkerrechtswidrige Ma\u00dfnahmen wie die britische Seehungerblockade wurden die Deutschen gezwungen, handelsrechtliche Vertr\u00e4ge zu schlie\u00dfen, in denen sie verpflichtet wurden, sich selbst zu entrechten und horrende Zahlungen, genannt Reparationen, zu entrichten (Versailler Diktat).<\/p>\n\n\n\n<p>Ein Volk, da\u00df seine Vergangenheit und seine Vorfahren nicht kennt , ist leicht im Sinne der Interessen einer fremden Macht zu manipulieren.<\/p>\n\n\n\n<p>Die Wirkungen der Handlungsunf\u00e4higkeit sind nicht nur nationaler, sondern globaler Natur. Aufgrund der Aufrechterhaltung des Kriegszustandes durch die Einrichtung erst des V\u00f6lkerbundes, dann der Vereinten Nationen, befindet sich die ganze Welt im Kriegszustand, von dem der milit\u00e4risch-industrielle Komplex einer globalen Elite profitiert.<\/p>\n\n\n\n<div style=\"height:50px\" aria-hidden=\"true\" class=\"wp-block-spacer\"><\/div>\n\n\n\n<h2 class=\"wp-block-heading\">Was ist die L\u00f6sung?<\/h2>\n\n\n\n<p>Die Heilung des Umsturzes sowie die Wiederherstellung bzw. Aufrichtung der Staatsorgane im letzten g\u00fcltigen Rechtsstand vom 27. Oktober 1918 mu\u00df deshalb das aktuelle Ziel des deutschen Volkes sein. Dies k\u00f6nnen nicht nur die heute lebenden Deutschen vollbringen., sondern auch hier schon lange lebende Ausl\u00e4nder oder Verb\u00fcndete des Osmanischen Reichs sowie \u00d6sterreich-Ungarns. Um den seit 110 Jahren bestehenden Kriegs- und Belagerungszustand v\u00f6lkerrechtlich beenden zu k\u00f6nnen, m\u00fcssen die Deutschen ins Bewu\u00dftsein kommen und ihren Staat restaurieren, damit der Deutsche Kaiser wieder in sein Amt eingesetzt werden und endlich Frieden schlie\u00dfen kann.<\/p>\n\n\n\n<p>Eine kurze und verst\u00e4ndliche Zusammenfassung findet sich hierzu in den <a href=\"https:\/\/www.ewigerbund.org\/volksschule\/orientierungsstufen\/\">Orientierungsstufen<\/a>.<\/p>\n\n\n\n<div class=\"wp-block-columns cat-box-border-mittelgrau is-layout-flex wp-container-core-columns-is-layout-4 wp-block-columns-is-layout-flex\">\n<div class=\"wp-block-column is-vertically-aligned-center is-layout-flow wp-block-column-is-layout-flow\">\n<figure class=\"wp-block-image size-large\"><a href=\"https:\/\/www.ewigerbund.org\/volksschule\/orientierungsstufen\/\"><img decoding=\"async\" src=\"https:\/\/www.ewigerbund.org\/volksschule\/wp-content\/uploads\/sites\/40\/2023\/08\/EB-Volksschule-OS_v.jpg\" alt=\"\"\/><\/a><\/figure>\n<\/div>\n\n\n\n<div class=\"wp-block-column is-vertically-aligned-center is-layout-flow wp-block-column-is-layout-flow\">\n<p class=\"has-text-align-center\"><strong>Das Grundwissen <br>in K\u00fcrze zusammengefasst.<\/strong><\/p>\n\n\n\n<a class=\"gb-button gb-button-d62b8629 gb-button-text\" href=\"https:\/\/www.ewigerbund.org\/volksschule\/orientierungsstufen\/\"><strong>Orientierungsstufen.<\/strong><\/a>\n<\/div>\n<\/div>\n","protected":false},"excerpt":{"rendered":"<p>110 Jahre im Kriegzustand. Am 31. Juli 2024 j\u00e4hrt sich der Beginn des Weltkrieges zum 110ten Male. Was ist der Grund f\u00fcr diesen bis heute andauernden Kriegszustand? Wirtschaftliche Situation des Deutschen Reiches vor 1914. Seit der Reichsgr\u00fcndung 1871 ging es im Deutschen Reich wirtschaftlich steil bergauf. Von Anfang an stand die &#8222;Pflege der Wohlfahrt des &#8230; <a title=\"110 Jahre Kriegszustand.\" class=\"read-more\" href=\"https:\/\/www.ewigerbund.org\/aktuelles\/110-jahre-kriegszustand\/\" aria-label=\"Mehr zu 110 Jahre Kriegszustand.\">Weiterlesen &#8230;<\/a><\/p>\n","protected":false},"author":8,"featured_media":2364,"comment_status":"open","ping_status":"open","sticky":false,"template":"template-6-beide-seitenleiste.php","format":"standard","meta":{"footnotes":""},"categories":[212],"tags":[265],"class_list":["post-2363","post","type-post","status-publish","format-standard","has-post-thumbnail","hentry","category-neues","tag-neues","resize-featured-image"],"yoast_head":"<!-- This site is optimized with the Yoast SEO plugin v23.1 - https:\/\/yoast.com\/wordpress\/plugins\/seo\/ -->\n<title>110 Jahre Kriegszustand. - Aktuelles<\/title>\n<meta name=\"description\" content=\"Am 31. Juli 2024 j\u00e4hrt sich der Beginn des Weltkrieges zum 110ten Male. Was ist der Grund f\u00fcr diesen bis heute andauernden Kriegszustand?\" \/>\n<meta name=\"robots\" content=\"index, follow, max-snippet:-1, max-image-preview:large, max-video-preview:-1\" \/>\n<link rel=\"canonical\" href=\"https:\/\/www.ewigerbund.org\/aktuelles\/110-jahre-kriegszustand\/\" \/>\n<meta property=\"og:locale\" content=\"de_DE\" \/>\n<meta property=\"og:type\" content=\"article\" \/>\n<meta property=\"og:title\" content=\"110 Jahre Kriegszustand. - Aktuelles\" \/>\n<meta property=\"og:description\" content=\"Am 31. Juli 2024 j\u00e4hrt sich der Beginn des Weltkrieges zum 110ten Male. Was ist der Grund f\u00fcr diesen bis heute andauernden Kriegszustand?\" \/>\n<meta property=\"og:url\" content=\"https:\/\/www.ewigerbund.org\/aktuelles\/110-jahre-kriegszustand\/\" \/>\n<meta property=\"og:site_name\" content=\"Aktuelles\" \/>\n<meta property=\"article:published_time\" content=\"2024-07-31T05:00:00+00:00\" \/>\n<meta property=\"article:modified_time\" content=\"2024-07-31T11:26:19+00:00\" \/>\n<meta property=\"og:image\" content=\"https:\/\/www.ewigerbund.org\/aktuelles\/wp-content\/uploads\/sites\/37\/2024\/07\/2024-07-14-110-jahre-kriegszustand-beitragsbild.jpg\" \/>\n\t<meta property=\"og:image:width\" content=\"1748\" \/>\n\t<meta property=\"og:image:height\" content=\"994\" \/>\n\t<meta property=\"og:image:type\" content=\"image\/jpeg\" \/>\n<meta name=\"author\" content=\"Deutscher\" \/>\n<meta name=\"twitter:card\" content=\"summary_large_image\" \/>\n<meta name=\"twitter:label1\" content=\"Verfasst von\" \/>\n\t<meta name=\"twitter:data1\" content=\"Deutscher\" \/>\n\t<meta name=\"twitter:label2\" content=\"Gesch\u00e4tzte Lesezeit\" \/>\n\t<meta name=\"twitter:data2\" content=\"9\u00a0Minuten\" \/>\n<script type=\"application\/ld+json\" class=\"yoast-schema-graph\">{\"@context\":\"https:\/\/schema.org\",\"@graph\":[{\"@type\":\"Article\",\"@id\":\"https:\/\/www.ewigerbund.org\/aktuelles\/110-jahre-kriegszustand\/#article\",\"isPartOf\":{\"@id\":\"https:\/\/www.ewigerbund.org\/aktuelles\/110-jahre-kriegszustand\/\"},\"author\":{\"name\":\"Deutscher\",\"@id\":\"https:\/\/www.ewigerbund.org\/aktuelles\/#\/schema\/person\/4095e8a5634933bdfc1d6de5b3262507\"},\"headline\":\"110 Jahre Kriegszustand.\",\"datePublished\":\"2024-07-31T05:00:00+00:00\",\"dateModified\":\"2024-07-31T11:26:19+00:00\",\"mainEntityOfPage\":{\"@id\":\"https:\/\/www.ewigerbund.org\/aktuelles\/110-jahre-kriegszustand\/\"},\"wordCount\":1400,\"commentCount\":0,\"publisher\":{\"@id\":\"https:\/\/www.ewigerbund.org\/aktuelles\/#organization\"},\"image\":{\"@id\":\"https:\/\/www.ewigerbund.org\/aktuelles\/110-jahre-kriegszustand\/#primaryimage\"},\"thumbnailUrl\":\"https:\/\/www.ewigerbund.org\/aktuelles\/wp-content\/uploads\/sites\/37\/2024\/07\/2024-07-14-110-jahre-kriegszustand-beitragsbild.jpg\",\"keywords\":[\"neues\"],\"articleSection\":[\"Neues vom ewigen Bund.\"],\"inLanguage\":\"de\",\"potentialAction\":[{\"@type\":\"CommentAction\",\"name\":\"Comment\",\"target\":[\"https:\/\/www.ewigerbund.org\/aktuelles\/110-jahre-kriegszustand\/#respond\"]}]},{\"@type\":\"WebPage\",\"@id\":\"https:\/\/www.ewigerbund.org\/aktuelles\/110-jahre-kriegszustand\/\",\"url\":\"https:\/\/www.ewigerbund.org\/aktuelles\/110-jahre-kriegszustand\/\",\"name\":\"110 Jahre Kriegszustand. - Aktuelles\",\"isPartOf\":{\"@id\":\"https:\/\/www.ewigerbund.org\/aktuelles\/#website\"},\"primaryImageOfPage\":{\"@id\":\"https:\/\/www.ewigerbund.org\/aktuelles\/110-jahre-kriegszustand\/#primaryimage\"},\"image\":{\"@id\":\"https:\/\/www.ewigerbund.org\/aktuelles\/110-jahre-kriegszustand\/#primaryimage\"},\"thumbnailUrl\":\"https:\/\/www.ewigerbund.org\/aktuelles\/wp-content\/uploads\/sites\/37\/2024\/07\/2024-07-14-110-jahre-kriegszustand-beitragsbild.jpg\",\"datePublished\":\"2024-07-31T05:00:00+00:00\",\"dateModified\":\"2024-07-31T11:26:19+00:00\",\"description\":\"Am 31. Juli 2024 j\u00e4hrt sich der Beginn des Weltkrieges zum 110ten Male. Was ist der Grund f\u00fcr diesen bis heute andauernden Kriegszustand?\",\"breadcrumb\":{\"@id\":\"https:\/\/www.ewigerbund.org\/aktuelles\/110-jahre-kriegszustand\/#breadcrumb\"},\"inLanguage\":\"de\",\"potentialAction\":[{\"@type\":\"ReadAction\",\"target\":[\"https:\/\/www.ewigerbund.org\/aktuelles\/110-jahre-kriegszustand\/\"]}]},{\"@type\":\"ImageObject\",\"inLanguage\":\"de\",\"@id\":\"https:\/\/www.ewigerbund.org\/aktuelles\/110-jahre-kriegszustand\/#primaryimage\",\"url\":\"https:\/\/www.ewigerbund.org\/aktuelles\/wp-content\/uploads\/sites\/37\/2024\/07\/2024-07-14-110-jahre-kriegszustand-beitragsbild.jpg\",\"contentUrl\":\"https:\/\/www.ewigerbund.org\/aktuelles\/wp-content\/uploads\/sites\/37\/2024\/07\/2024-07-14-110-jahre-kriegszustand-beitragsbild.jpg\",\"width\":1748,\"height\":994,\"caption\":\"Ausruf des Kriegszustandes\"},{\"@type\":\"BreadcrumbList\",\"@id\":\"https:\/\/www.ewigerbund.org\/aktuelles\/110-jahre-kriegszustand\/#breadcrumb\",\"itemListElement\":[{\"@type\":\"ListItem\",\"position\":1,\"name\":\"Startseite\",\"item\":\"https:\/\/www.ewigerbund.org\/aktuelles\/\"},{\"@type\":\"ListItem\",\"position\":2,\"name\":\"110 Jahre Kriegszustand.\"}]},{\"@type\":\"WebSite\",\"@id\":\"https:\/\/www.ewigerbund.org\/aktuelles\/#website\",\"url\":\"https:\/\/www.ewigerbund.org\/aktuelles\/\",\"name\":\"Aktuelles\",\"description\":\"Verfassungsb\u00fcndnis der deutschen Einzelstaaten.\",\"publisher\":{\"@id\":\"https:\/\/www.ewigerbund.org\/aktuelles\/#organization\"},\"potentialAction\":[{\"@type\":\"SearchAction\",\"target\":{\"@type\":\"EntryPoint\",\"urlTemplate\":\"https:\/\/www.ewigerbund.org\/aktuelles\/?s={search_term_string}\"},\"query-input\":\"required name=search_term_string\"}],\"inLanguage\":\"de\"},{\"@type\":\"Organization\",\"@id\":\"https:\/\/www.ewigerbund.org\/aktuelles\/#organization\",\"name\":\"Aktuelles\",\"url\":\"https:\/\/www.ewigerbund.org\/aktuelles\/\",\"logo\":{\"@type\":\"ImageObject\",\"inLanguage\":\"de\",\"@id\":\"https:\/\/www.ewigerbund.org\/aktuelles\/#\/schema\/logo\/image\/\",\"url\":\"https:\/\/www.ewigerbund.org\/aktuelles\/wp-content\/uploads\/sites\/37\/2022\/11\/2022-09-20-Logo-EB_Schutzzone_V4_Transparent.png\",\"contentUrl\":\"https:\/\/www.ewigerbund.org\/aktuelles\/wp-content\/uploads\/sites\/37\/2022\/11\/2022-09-20-Logo-EB_Schutzzone_V4_Transparent.png\",\"width\":2000,\"height\":1982,\"caption\":\"Aktuelles\"},\"image\":{\"@id\":\"https:\/\/www.ewigerbund.org\/aktuelles\/#\/schema\/logo\/image\/\"}},{\"@type\":\"Person\",\"@id\":\"https:\/\/www.ewigerbund.org\/aktuelles\/#\/schema\/person\/4095e8a5634933bdfc1d6de5b3262507\",\"name\":\"Deutscher\",\"image\":{\"@type\":\"ImageObject\",\"inLanguage\":\"de\",\"@id\":\"https:\/\/www.ewigerbund.org\/aktuelles\/#\/schema\/person\/image\/\",\"url\":\"https:\/\/secure.gravatar.com\/avatar\/5f62619aadce2c8bf5a989b368adff38?s=96&d=mm&r=g\",\"contentUrl\":\"https:\/\/secure.gravatar.com\/avatar\/5f62619aadce2c8bf5a989b368adff38?s=96&d=mm&r=g\",\"caption\":\"Deutscher\"},\"url\":\"https:\/\/www.ewigerbund.org\/aktuelles\/author\/ewigerdaniel\/\"}]}<\/script>\n<!-- \/ Yoast SEO plugin. -->","yoast_head_json":{"title":"110 Jahre Kriegszustand. - Aktuelles","description":"Am 31. Juli 2024 j\u00e4hrt sich der Beginn des Weltkrieges zum 110ten Male. Was ist der Grund f\u00fcr diesen bis heute andauernden Kriegszustand?","robots":{"index":"index","follow":"follow","max-snippet":"max-snippet:-1","max-image-preview":"max-image-preview:large","max-video-preview":"max-video-preview:-1"},"canonical":"https:\/\/www.ewigerbund.org\/aktuelles\/110-jahre-kriegszustand\/","og_locale":"de_DE","og_type":"article","og_title":"110 Jahre Kriegszustand. - Aktuelles","og_description":"Am 31. Juli 2024 j\u00e4hrt sich der Beginn des Weltkrieges zum 110ten Male. Was ist der Grund f\u00fcr diesen bis heute andauernden Kriegszustand?","og_url":"https:\/\/www.ewigerbund.org\/aktuelles\/110-jahre-kriegszustand\/","og_site_name":"Aktuelles","article_published_time":"2024-07-31T05:00:00+00:00","article_modified_time":"2024-07-31T11:26:19+00:00","og_image":[{"width":1748,"height":994,"url":"https:\/\/www.ewigerbund.org\/aktuelles\/wp-content\/uploads\/sites\/37\/2024\/07\/2024-07-14-110-jahre-kriegszustand-beitragsbild.jpg","type":"image\/jpeg"}],"author":"Deutscher","twitter_card":"summary_large_image","twitter_misc":{"Verfasst von":"Deutscher","Gesch\u00e4tzte Lesezeit":"9\u00a0Minuten"},"schema":{"@context":"https:\/\/schema.org","@graph":[{"@type":"Article","@id":"https:\/\/www.ewigerbund.org\/aktuelles\/110-jahre-kriegszustand\/#article","isPartOf":{"@id":"https:\/\/www.ewigerbund.org\/aktuelles\/110-jahre-kriegszustand\/"},"author":{"name":"Deutscher","@id":"https:\/\/www.ewigerbund.org\/aktuelles\/#\/schema\/person\/4095e8a5634933bdfc1d6de5b3262507"},"headline":"110 Jahre Kriegszustand.","datePublished":"2024-07-31T05:00:00+00:00","dateModified":"2024-07-31T11:26:19+00:00","mainEntityOfPage":{"@id":"https:\/\/www.ewigerbund.org\/aktuelles\/110-jahre-kriegszustand\/"},"wordCount":1400,"commentCount":0,"publisher":{"@id":"https:\/\/www.ewigerbund.org\/aktuelles\/#organization"},"image":{"@id":"https:\/\/www.ewigerbund.org\/aktuelles\/110-jahre-kriegszustand\/#primaryimage"},"thumbnailUrl":"https:\/\/www.ewigerbund.org\/aktuelles\/wp-content\/uploads\/sites\/37\/2024\/07\/2024-07-14-110-jahre-kriegszustand-beitragsbild.jpg","keywords":["neues"],"articleSection":["Neues vom ewigen Bund."],"inLanguage":"de","potentialAction":[{"@type":"CommentAction","name":"Comment","target":["https:\/\/www.ewigerbund.org\/aktuelles\/110-jahre-kriegszustand\/#respond"]}]},{"@type":"WebPage","@id":"https:\/\/www.ewigerbund.org\/aktuelles\/110-jahre-kriegszustand\/","url":"https:\/\/www.ewigerbund.org\/aktuelles\/110-jahre-kriegszustand\/","name":"110 Jahre Kriegszustand. - Aktuelles","isPartOf":{"@id":"https:\/\/www.ewigerbund.org\/aktuelles\/#website"},"primaryImageOfPage":{"@id":"https:\/\/www.ewigerbund.org\/aktuelles\/110-jahre-kriegszustand\/#primaryimage"},"image":{"@id":"https:\/\/www.ewigerbund.org\/aktuelles\/110-jahre-kriegszustand\/#primaryimage"},"thumbnailUrl":"https:\/\/www.ewigerbund.org\/aktuelles\/wp-content\/uploads\/sites\/37\/2024\/07\/2024-07-14-110-jahre-kriegszustand-beitragsbild.jpg","datePublished":"2024-07-31T05:00:00+00:00","dateModified":"2024-07-31T11:26:19+00:00","description":"Am 31. Juli 2024 j\u00e4hrt sich der Beginn des Weltkrieges zum 110ten Male. Was ist der Grund f\u00fcr diesen bis heute andauernden Kriegszustand?","breadcrumb":{"@id":"https:\/\/www.ewigerbund.org\/aktuelles\/110-jahre-kriegszustand\/#breadcrumb"},"inLanguage":"de","potentialAction":[{"@type":"ReadAction","target":["https:\/\/www.ewigerbund.org\/aktuelles\/110-jahre-kriegszustand\/"]}]},{"@type":"ImageObject","inLanguage":"de","@id":"https:\/\/www.ewigerbund.org\/aktuelles\/110-jahre-kriegszustand\/#primaryimage","url":"https:\/\/www.ewigerbund.org\/aktuelles\/wp-content\/uploads\/sites\/37\/2024\/07\/2024-07-14-110-jahre-kriegszustand-beitragsbild.jpg","contentUrl":"https:\/\/www.ewigerbund.org\/aktuelles\/wp-content\/uploads\/sites\/37\/2024\/07\/2024-07-14-110-jahre-kriegszustand-beitragsbild.jpg","width":1748,"height":994,"caption":"Ausruf des Kriegszustandes"},{"@type":"BreadcrumbList","@id":"https:\/\/www.ewigerbund.org\/aktuelles\/110-jahre-kriegszustand\/#breadcrumb","itemListElement":[{"@type":"ListItem","position":1,"name":"Startseite","item":"https:\/\/www.ewigerbund.org\/aktuelles\/"},{"@type":"ListItem","position":2,"name":"110 Jahre Kriegszustand."}]},{"@type":"WebSite","@id":"https:\/\/www.ewigerbund.org\/aktuelles\/#website","url":"https:\/\/www.ewigerbund.org\/aktuelles\/","name":"Aktuelles","description":"Verfassungsb\u00fcndnis der deutschen Einzelstaaten.","publisher":{"@id":"https:\/\/www.ewigerbund.org\/aktuelles\/#organization"},"potentialAction":[{"@type":"SearchAction","target":{"@type":"EntryPoint","urlTemplate":"https:\/\/www.ewigerbund.org\/aktuelles\/?s={search_term_string}"},"query-input":"required name=search_term_string"}],"inLanguage":"de"},{"@type":"Organization","@id":"https:\/\/www.ewigerbund.org\/aktuelles\/#organization","name":"Aktuelles","url":"https:\/\/www.ewigerbund.org\/aktuelles\/","logo":{"@type":"ImageObject","inLanguage":"de","@id":"https:\/\/www.ewigerbund.org\/aktuelles\/#\/schema\/logo\/image\/","url":"https:\/\/www.ewigerbund.org\/aktuelles\/wp-content\/uploads\/sites\/37\/2022\/11\/2022-09-20-Logo-EB_Schutzzone_V4_Transparent.png","contentUrl":"https:\/\/www.ewigerbund.org\/aktuelles\/wp-content\/uploads\/sites\/37\/2022\/11\/2022-09-20-Logo-EB_Schutzzone_V4_Transparent.png","width":2000,"height":1982,"caption":"Aktuelles"},"image":{"@id":"https:\/\/www.ewigerbund.org\/aktuelles\/#\/schema\/logo\/image\/"}},{"@type":"Person","@id":"https:\/\/www.ewigerbund.org\/aktuelles\/#\/schema\/person\/4095e8a5634933bdfc1d6de5b3262507","name":"Deutscher","image":{"@type":"ImageObject","inLanguage":"de","@id":"https:\/\/www.ewigerbund.org\/aktuelles\/#\/schema\/person\/image\/","url":"https:\/\/secure.gravatar.com\/avatar\/5f62619aadce2c8bf5a989b368adff38?s=96&d=mm&r=g","contentUrl":"https:\/\/secure.gravatar.com\/avatar\/5f62619aadce2c8bf5a989b368adff38?s=96&d=mm&r=g","caption":"Deutscher"},"url":"https:\/\/www.ewigerbund.org\/aktuelles\/author\/ewigerdaniel\/"}]}},"_links":{"self":[{"href":"https:\/\/www.ewigerbund.org\/aktuelles\/wp-json\/wp\/v2\/posts\/2363","targetHints":{"allow":["GET"]}}],"collection":[{"href":"https:\/\/www.ewigerbund.org\/aktuelles\/wp-json\/wp\/v2\/posts"}],"about":[{"href":"https:\/\/www.ewigerbund.org\/aktuelles\/wp-json\/wp\/v2\/types\/post"}],"author":[{"embeddable":true,"href":"https:\/\/www.ewigerbund.org\/aktuelles\/wp-json\/wp\/v2\/users\/8"}],"replies":[{"embeddable":true,"href":"https:\/\/www.ewigerbund.org\/aktuelles\/wp-json\/wp\/v2\/comments?post=2363"}],"version-history":[{"count":20,"href":"https:\/\/www.ewigerbund.org\/aktuelles\/wp-json\/wp\/v2\/posts\/2363\/revisions"}],"predecessor-version":[{"id":2409,"href":"https:\/\/www.ewigerbund.org\/aktuelles\/wp-json\/wp\/v2\/posts\/2363\/revisions\/2409"}],"wp:featuredmedia":[{"embeddable":true,"href":"https:\/\/www.ewigerbund.org\/aktuelles\/wp-json\/wp\/v2\/media\/2364"}],"wp:attachment":[{"href":"https:\/\/www.ewigerbund.org\/aktuelles\/wp-json\/wp\/v2\/media?parent=2363"}],"wp:term":[{"taxonomy":"category","embeddable":true,"href":"https:\/\/www.ewigerbund.org\/aktuelles\/wp-json\/wp\/v2\/categories?post=2363"},{"taxonomy":"post_tag","embeddable":true,"href":"https:\/\/www.ewigerbund.org\/aktuelles\/wp-json\/wp\/v2\/tags?post=2363"}],"curies":[{"name":"wp","href":"https:\/\/api.w.org\/{rel}","templated":true}]}}