{"id":1965,"date":"2023-11-21T18:27:11","date_gmt":"2023-11-21T17:27:11","guid":{"rendered":"https:\/\/www.ewigerbund.org\/aktuelles\/?p=1965"},"modified":"2025-02-13T20:35:58","modified_gmt":"2025-02-13T19:35:58","slug":"fanale-zum-105-jahrestag-des-putsches","status":"publish","type":"post","link":"https:\/\/www.ewigerbund.org\/aktuelles\/fanale-zum-105-jahrestag-des-putsches\/","title":{"rendered":"Fanale 9. November 2024."},"content":{"rendered":"<div style=\"padding:57% 0 0 0;position:relative;\"><iframe src=\"https:\/\/player.vimeo.com\/video\/886952550?h=078342b976&amp;badge=0&amp;autopause=0&amp;player_id=0&amp;app_id=58479\" allow=\"autoplay; fullscreen; picture-in-picture\" allowfullscreen=\"\" style=\"position:absolute;top:0;left:0;width:100%;height:100%;\" frameborder=\"0\"><\/iframe><\/div><script src=\"https:\/\/player.vimeo.com\/api\/player.js\"><\/script>\n\n\n\n<h2 class=\"wp-block-heading\">Fanale zum 105. Jahrestag des Staatsumsturzes.<\/h2>\n\n\n\n<p>Am 9. November 1918 <strong>steigerte<\/strong> sich das Unheil der Deutschen und der ganzen Welt nach vier Jahren Krieg noch einmal. Durch lange geplante Intrigen, L\u00fcgen und Falschmeldungen wurde der Kaiser aus Berlin gelockt. Kaum war er weg, wurden er und seine <strong>Regierung geputscht<\/strong>. Seit diesem Moment werden deutsche Gesetze, die die Deutschen sch\u00fctzen sollen, mit F\u00fc\u00dfen getreten. Seit diesem Moment hat der Krieg gegen die Deutschen immer neue Formen und heute eine ungeahnte Intensit\u00e4t angenommen. Seit diesem Moment <strong>versinkt die Welt zusehends im Chaos<\/strong>.<\/p>\n\n\n\n<p>Mit den Fanalen erinnern wir an jenem Schicksalstag, mahnen das herrschende Unrecht an und rufen gleichzeitig jeden dazu auf, sich an der <strong>Heilung des Deutschen Gesamtstaates<\/strong> und damit der ganzen Welt zu beteiligen.<\/p>\n\n\n\n<div class=\"wp-block-columns cat-box-border-anthrazit is-layout-flex wp-container-core-columns-is-layout-1 wp-block-columns-is-layout-flex\">\n<div class=\"wp-block-column is-layout-flow wp-block-column-is-layout-flow\">\n<figure class=\"wp-block-image size-large\"><img loading=\"lazy\" decoding=\"async\" width=\"1024\" height=\"582\" src=\"https:\/\/www.ewigerbund.org\/aktuelles\/wp-content\/uploads\/sites\/37\/2022\/11\/EB-EwigerBund-SchicksalstagDerDeutschen-1024x582.jpg\" alt=\"November 1918 - Schicksaltag der Deutschen.\" class=\"wp-image-1801\" srcset=\"https:\/\/www.ewigerbund.org\/aktuelles\/wp-content\/uploads\/sites\/37\/2022\/11\/EB-EwigerBund-SchicksalstagDerDeutschen-1024x582.jpg 1024w, https:\/\/www.ewigerbund.org\/aktuelles\/wp-content\/uploads\/sites\/37\/2022\/11\/EB-EwigerBund-SchicksalstagDerDeutschen-300x171.jpg 300w, https:\/\/www.ewigerbund.org\/aktuelles\/wp-content\/uploads\/sites\/37\/2022\/11\/EB-EwigerBund-SchicksalstagDerDeutschen-768x437.jpg 768w, https:\/\/www.ewigerbund.org\/aktuelles\/wp-content\/uploads\/sites\/37\/2022\/11\/EB-EwigerBund-SchicksalstagDerDeutschen-1536x873.jpg 1536w, https:\/\/www.ewigerbund.org\/aktuelles\/wp-content\/uploads\/sites\/37\/2022\/11\/EB-EwigerBund-SchicksalstagDerDeutschen.jpg 1748w\" sizes=\"auto, (max-width: 1024px) 100vw, 1024px\" \/><\/figure>\n<\/div>\n\n\n\n<div class=\"wp-block-column is-vertically-aligned-center is-layout-flow wp-block-column-is-layout-flow\">\n<p class=\"has-text-align-center has-white-color has-text-color\">9. November 1918<\/p>\n\n\n\n<h2 class=\"wp-block-heading has-text-align-center has-white-color has-text-color\" style=\"font-size:22px\">Der Schicksalstag der Deutschen.<\/h2>\n\n\n\n<a class=\"gb-button gb-button-ee987015 gb-button-text\" href=\"https:\/\/www.ewigerbund.org\/aktuelles\/november-schicksalstag-der-deutschen-2022\/\">Zum Video.<\/a>\n<\/div>\n<\/div>\n\n\n\n<p><\/p>\n","protected":false},"excerpt":{"rendered":"<p>Fanale zum 105. Jahrestag des Staatsumsturzes. Am 9. November 1918 steigerte sich das Unheil der Deutschen und der ganzen Welt nach vier Jahren Krieg noch einmal. Durch lange geplante Intrigen, L\u00fcgen und Falschmeldungen wurde der Kaiser aus Berlin gelockt. Kaum war er weg, wurden er und seine Regierung geputscht. Seit diesem Moment werden deutsche Gesetze, &#8230; <a title=\"Fanale 9. November 2024.\" class=\"read-more\" href=\"https:\/\/www.ewigerbund.org\/aktuelles\/fanale-zum-105-jahrestag-des-putsches\/\" aria-label=\"Mehr zu Fanale 9. November 2024.\">Weiterlesen &#8230;<\/a><\/p>\n","protected":false},"author":8,"featured_media":2700,"comment_status":"open","ping_status":"open","sticky":false,"template":"template-6-beide-seitenleiste.php","format":"standard","meta":{"footnotes":""},"categories":[263],"tags":[264],"class_list":["post-1965","post","type-post","status-publish","format-standard","has-post-thumbnail","hentry","category-fanale","tag-fanaleeb","resize-featured-image"],"yoast_head":"<!-- This site is optimized with the Yoast SEO plugin v23.1 - https:\/\/yoast.com\/wordpress\/plugins\/seo\/ -->\n<title>Fanale 9. November 2024. - Aktuelles<\/title>\n<meta name=\"robots\" content=\"index, follow, max-snippet:-1, max-image-preview:large, max-video-preview:-1\" \/>\n<link rel=\"canonical\" href=\"https:\/\/www.ewigerbund.org\/aktuelles\/fanale-zum-105-jahrestag-des-putsches\/\" \/>\n<meta property=\"og:locale\" content=\"de_DE\" \/>\n<meta property=\"og:type\" content=\"article\" \/>\n<meta property=\"og:title\" content=\"Fanale 9. November 2024. - Aktuelles\" \/>\n<meta property=\"og:description\" content=\"Fanale zum 105. Jahrestag des Staatsumsturzes. Am 9. November 1918 steigerte sich das Unheil der Deutschen und der ganzen Welt nach vier Jahren Krieg noch einmal. Durch lange geplante Intrigen, L\u00fcgen und Falschmeldungen wurde der Kaiser aus Berlin gelockt. Kaum war er weg, wurden er und seine Regierung geputscht. Seit diesem Moment werden deutsche Gesetze, ... Weiterlesen ...\" \/>\n<meta property=\"og:url\" content=\"https:\/\/www.ewigerbund.org\/aktuelles\/fanale-zum-105-jahrestag-des-putsches\/\" \/>\n<meta property=\"og:site_name\" content=\"Aktuelles\" \/>\n<meta property=\"article:published_time\" content=\"2023-11-21T17:27:11+00:00\" \/>\n<meta property=\"article:modified_time\" content=\"2025-02-13T19:35:58+00:00\" \/>\n<meta property=\"og:image\" content=\"https:\/\/www.ewigerbund.org\/aktuelles\/wp-content\/uploads\/sites\/37\/2023\/11\/EB-EwigerBund-Fanale-11-2023.jpg\" \/>\n\t<meta property=\"og:image:width\" content=\"1748\" \/>\n\t<meta property=\"og:image:height\" content=\"994\" \/>\n\t<meta property=\"og:image:type\" content=\"image\/jpeg\" \/>\n<meta name=\"author\" content=\"Deutscher\" \/>\n<meta name=\"twitter:card\" content=\"summary_large_image\" \/>\n<meta name=\"twitter:image\" content=\"https:\/\/www.ewigerbund.org\/aktuelles\/wp-content\/uploads\/sites\/37\/2023\/11\/EB-EwigerBund-Fanale-11-2023.jpg\" \/>\n<meta name=\"twitter:label1\" content=\"Verfasst von\" \/>\n\t<meta name=\"twitter:data1\" content=\"Deutscher\" \/>\n\t<meta name=\"twitter:label2\" content=\"Gesch\u00e4tzte Lesezeit\" \/>\n\t<meta name=\"twitter:data2\" content=\"2\u00a0Minuten\" \/>\n<script type=\"application\/ld+json\" class=\"yoast-schema-graph\">{\"@context\":\"https:\/\/schema.org\",\"@graph\":[{\"@type\":\"Article\",\"@id\":\"https:\/\/www.ewigerbund.org\/aktuelles\/fanale-zum-105-jahrestag-des-putsches\/#article\",\"isPartOf\":{\"@id\":\"https:\/\/www.ewigerbund.org\/aktuelles\/fanale-zum-105-jahrestag-des-putsches\/\"},\"author\":{\"name\":\"Deutscher\",\"@id\":\"https:\/\/www.ewigerbund.org\/aktuelles\/#\/schema\/person\/4095e8a5634933bdfc1d6de5b3262507\"},\"headline\":\"Fanale 9. November 2024.\",\"datePublished\":\"2023-11-21T17:27:11+00:00\",\"dateModified\":\"2025-02-13T19:35:58+00:00\",\"mainEntityOfPage\":{\"@id\":\"https:\/\/www.ewigerbund.org\/aktuelles\/fanale-zum-105-jahrestag-des-putsches\/\"},\"wordCount\":139,\"commentCount\":0,\"publisher\":{\"@id\":\"https:\/\/www.ewigerbund.org\/aktuelles\/#organization\"},\"image\":{\"@id\":\"https:\/\/www.ewigerbund.org\/aktuelles\/fanale-zum-105-jahrestag-des-putsches\/#primaryimage\"},\"thumbnailUrl\":\"https:\/\/www.ewigerbund.org\/aktuelles\/wp-content\/uploads\/sites\/37\/2023\/11\/EB-EwigerBund-Fanale-11-2023-1.jpg\",\"keywords\":[\"fanaleeb\"],\"articleSection\":[\"Fanale des ewigen Bundes.\"],\"inLanguage\":\"de\",\"potentialAction\":[{\"@type\":\"CommentAction\",\"name\":\"Comment\",\"target\":[\"https:\/\/www.ewigerbund.org\/aktuelles\/fanale-zum-105-jahrestag-des-putsches\/#respond\"]}]},{\"@type\":\"WebPage\",\"@id\":\"https:\/\/www.ewigerbund.org\/aktuelles\/fanale-zum-105-jahrestag-des-putsches\/\",\"url\":\"https:\/\/www.ewigerbund.org\/aktuelles\/fanale-zum-105-jahrestag-des-putsches\/\",\"name\":\"Fanale 9. November 2024. - Aktuelles\",\"isPartOf\":{\"@id\":\"https:\/\/www.ewigerbund.org\/aktuelles\/#website\"},\"primaryImageOfPage\":{\"@id\":\"https:\/\/www.ewigerbund.org\/aktuelles\/fanale-zum-105-jahrestag-des-putsches\/#primaryimage\"},\"image\":{\"@id\":\"https:\/\/www.ewigerbund.org\/aktuelles\/fanale-zum-105-jahrestag-des-putsches\/#primaryimage\"},\"thumbnailUrl\":\"https:\/\/www.ewigerbund.org\/aktuelles\/wp-content\/uploads\/sites\/37\/2023\/11\/EB-EwigerBund-Fanale-11-2023-1.jpg\",\"datePublished\":\"2023-11-21T17:27:11+00:00\",\"dateModified\":\"2025-02-13T19:35:58+00:00\",\"breadcrumb\":{\"@id\":\"https:\/\/www.ewigerbund.org\/aktuelles\/fanale-zum-105-jahrestag-des-putsches\/#breadcrumb\"},\"inLanguage\":\"de\",\"potentialAction\":[{\"@type\":\"ReadAction\",\"target\":[\"https:\/\/www.ewigerbund.org\/aktuelles\/fanale-zum-105-jahrestag-des-putsches\/\"]}]},{\"@type\":\"ImageObject\",\"inLanguage\":\"de\",\"@id\":\"https:\/\/www.ewigerbund.org\/aktuelles\/fanale-zum-105-jahrestag-des-putsches\/#primaryimage\",\"url\":\"https:\/\/www.ewigerbund.org\/aktuelles\/wp-content\/uploads\/sites\/37\/2023\/11\/EB-EwigerBund-Fanale-11-2023-1.jpg\",\"contentUrl\":\"https:\/\/www.ewigerbund.org\/aktuelles\/wp-content\/uploads\/sites\/37\/2023\/11\/EB-EwigerBund-Fanale-11-2023-1.jpg\",\"width\":1748,\"height\":994,\"caption\":\"Fanal 9. November 2024 Staatsumsturz\"},{\"@type\":\"BreadcrumbList\",\"@id\":\"https:\/\/www.ewigerbund.org\/aktuelles\/fanale-zum-105-jahrestag-des-putsches\/#breadcrumb\",\"itemListElement\":[{\"@type\":\"ListItem\",\"position\":1,\"name\":\"Startseite\",\"item\":\"https:\/\/www.ewigerbund.org\/aktuelles\/\"},{\"@type\":\"ListItem\",\"position\":2,\"name\":\"Fanale 9. November 2024.\"}]},{\"@type\":\"WebSite\",\"@id\":\"https:\/\/www.ewigerbund.org\/aktuelles\/#website\",\"url\":\"https:\/\/www.ewigerbund.org\/aktuelles\/\",\"name\":\"Aktuelles\",\"description\":\"Verfassungsb\u00fcndnis der deutschen Einzelstaaten.\",\"publisher\":{\"@id\":\"https:\/\/www.ewigerbund.org\/aktuelles\/#organization\"},\"potentialAction\":[{\"@type\":\"SearchAction\",\"target\":{\"@type\":\"EntryPoint\",\"urlTemplate\":\"https:\/\/www.ewigerbund.org\/aktuelles\/?s={search_term_string}\"},\"query-input\":\"required name=search_term_string\"}],\"inLanguage\":\"de\"},{\"@type\":\"Organization\",\"@id\":\"https:\/\/www.ewigerbund.org\/aktuelles\/#organization\",\"name\":\"Aktuelles\",\"url\":\"https:\/\/www.ewigerbund.org\/aktuelles\/\",\"logo\":{\"@type\":\"ImageObject\",\"inLanguage\":\"de\",\"@id\":\"https:\/\/www.ewigerbund.org\/aktuelles\/#\/schema\/logo\/image\/\",\"url\":\"https:\/\/www.ewigerbund.org\/aktuelles\/wp-content\/uploads\/sites\/37\/2022\/11\/2022-09-20-Logo-EB_Schutzzone_V4_Transparent.png\",\"contentUrl\":\"https:\/\/www.ewigerbund.org\/aktuelles\/wp-content\/uploads\/sites\/37\/2022\/11\/2022-09-20-Logo-EB_Schutzzone_V4_Transparent.png\",\"width\":2000,\"height\":1982,\"caption\":\"Aktuelles\"},\"image\":{\"@id\":\"https:\/\/www.ewigerbund.org\/aktuelles\/#\/schema\/logo\/image\/\"}},{\"@type\":\"Person\",\"@id\":\"https:\/\/www.ewigerbund.org\/aktuelles\/#\/schema\/person\/4095e8a5634933bdfc1d6de5b3262507\",\"name\":\"Deutscher\",\"image\":{\"@type\":\"ImageObject\",\"inLanguage\":\"de\",\"@id\":\"https:\/\/www.ewigerbund.org\/aktuelles\/#\/schema\/person\/image\/\",\"url\":\"https:\/\/secure.gravatar.com\/avatar\/5f62619aadce2c8bf5a989b368adff38?s=96&d=mm&r=g\",\"contentUrl\":\"https:\/\/secure.gravatar.com\/avatar\/5f62619aadce2c8bf5a989b368adff38?s=96&d=mm&r=g\",\"caption\":\"Deutscher\"},\"url\":\"https:\/\/www.ewigerbund.org\/aktuelles\/author\/ewigerdaniel\/\"}]}<\/script>\n<!-- \/ Yoast SEO plugin. -->","yoast_head_json":{"title":"Fanale 9. November 2024. - Aktuelles","robots":{"index":"index","follow":"follow","max-snippet":"max-snippet:-1","max-image-preview":"max-image-preview:large","max-video-preview":"max-video-preview:-1"},"canonical":"https:\/\/www.ewigerbund.org\/aktuelles\/fanale-zum-105-jahrestag-des-putsches\/","og_locale":"de_DE","og_type":"article","og_title":"Fanale 9. November 2024. - Aktuelles","og_description":"Fanale zum 105. Jahrestag des Staatsumsturzes. Am 9. November 1918 steigerte sich das Unheil der Deutschen und der ganzen Welt nach vier Jahren Krieg noch einmal. Durch lange geplante Intrigen, L\u00fcgen und Falschmeldungen wurde der Kaiser aus Berlin gelockt. Kaum war er weg, wurden er und seine Regierung geputscht. Seit diesem Moment werden deutsche Gesetze, ... Weiterlesen ...","og_url":"https:\/\/www.ewigerbund.org\/aktuelles\/fanale-zum-105-jahrestag-des-putsches\/","og_site_name":"Aktuelles","article_published_time":"2023-11-21T17:27:11+00:00","article_modified_time":"2025-02-13T19:35:58+00:00","og_image":[{"width":1748,"height":994,"url":"https:\/\/www.ewigerbund.org\/aktuelles\/wp-content\/uploads\/sites\/37\/2023\/11\/EB-EwigerBund-Fanale-11-2023.jpg","type":"image\/jpeg"}],"author":"Deutscher","twitter_card":"summary_large_image","twitter_image":"https:\/\/www.ewigerbund.org\/aktuelles\/wp-content\/uploads\/sites\/37\/2023\/11\/EB-EwigerBund-Fanale-11-2023.jpg","twitter_misc":{"Verfasst von":"Deutscher","Gesch\u00e4tzte Lesezeit":"2\u00a0Minuten"},"schema":{"@context":"https:\/\/schema.org","@graph":[{"@type":"Article","@id":"https:\/\/www.ewigerbund.org\/aktuelles\/fanale-zum-105-jahrestag-des-putsches\/#article","isPartOf":{"@id":"https:\/\/www.ewigerbund.org\/aktuelles\/fanale-zum-105-jahrestag-des-putsches\/"},"author":{"name":"Deutscher","@id":"https:\/\/www.ewigerbund.org\/aktuelles\/#\/schema\/person\/4095e8a5634933bdfc1d6de5b3262507"},"headline":"Fanale 9. November 2024.","datePublished":"2023-11-21T17:27:11+00:00","dateModified":"2025-02-13T19:35:58+00:00","mainEntityOfPage":{"@id":"https:\/\/www.ewigerbund.org\/aktuelles\/fanale-zum-105-jahrestag-des-putsches\/"},"wordCount":139,"commentCount":0,"publisher":{"@id":"https:\/\/www.ewigerbund.org\/aktuelles\/#organization"},"image":{"@id":"https:\/\/www.ewigerbund.org\/aktuelles\/fanale-zum-105-jahrestag-des-putsches\/#primaryimage"},"thumbnailUrl":"https:\/\/www.ewigerbund.org\/aktuelles\/wp-content\/uploads\/sites\/37\/2023\/11\/EB-EwigerBund-Fanale-11-2023-1.jpg","keywords":["fanaleeb"],"articleSection":["Fanale des ewigen Bundes."],"inLanguage":"de","potentialAction":[{"@type":"CommentAction","name":"Comment","target":["https:\/\/www.ewigerbund.org\/aktuelles\/fanale-zum-105-jahrestag-des-putsches\/#respond"]}]},{"@type":"WebPage","@id":"https:\/\/www.ewigerbund.org\/aktuelles\/fanale-zum-105-jahrestag-des-putsches\/","url":"https:\/\/www.ewigerbund.org\/aktuelles\/fanale-zum-105-jahrestag-des-putsches\/","name":"Fanale 9. November 2024. - Aktuelles","isPartOf":{"@id":"https:\/\/www.ewigerbund.org\/aktuelles\/#website"},"primaryImageOfPage":{"@id":"https:\/\/www.ewigerbund.org\/aktuelles\/fanale-zum-105-jahrestag-des-putsches\/#primaryimage"},"image":{"@id":"https:\/\/www.ewigerbund.org\/aktuelles\/fanale-zum-105-jahrestag-des-putsches\/#primaryimage"},"thumbnailUrl":"https:\/\/www.ewigerbund.org\/aktuelles\/wp-content\/uploads\/sites\/37\/2023\/11\/EB-EwigerBund-Fanale-11-2023-1.jpg","datePublished":"2023-11-21T17:27:11+00:00","dateModified":"2025-02-13T19:35:58+00:00","breadcrumb":{"@id":"https:\/\/www.ewigerbund.org\/aktuelles\/fanale-zum-105-jahrestag-des-putsches\/#breadcrumb"},"inLanguage":"de","potentialAction":[{"@type":"ReadAction","target":["https:\/\/www.ewigerbund.org\/aktuelles\/fanale-zum-105-jahrestag-des-putsches\/"]}]},{"@type":"ImageObject","inLanguage":"de","@id":"https:\/\/www.ewigerbund.org\/aktuelles\/fanale-zum-105-jahrestag-des-putsches\/#primaryimage","url":"https:\/\/www.ewigerbund.org\/aktuelles\/wp-content\/uploads\/sites\/37\/2023\/11\/EB-EwigerBund-Fanale-11-2023-1.jpg","contentUrl":"https:\/\/www.ewigerbund.org\/aktuelles\/wp-content\/uploads\/sites\/37\/2023\/11\/EB-EwigerBund-Fanale-11-2023-1.jpg","width":1748,"height":994,"caption":"Fanal 9. November 2024 Staatsumsturz"},{"@type":"BreadcrumbList","@id":"https:\/\/www.ewigerbund.org\/aktuelles\/fanale-zum-105-jahrestag-des-putsches\/#breadcrumb","itemListElement":[{"@type":"ListItem","position":1,"name":"Startseite","item":"https:\/\/www.ewigerbund.org\/aktuelles\/"},{"@type":"ListItem","position":2,"name":"Fanale 9. November 2024."}]},{"@type":"WebSite","@id":"https:\/\/www.ewigerbund.org\/aktuelles\/#website","url":"https:\/\/www.ewigerbund.org\/aktuelles\/","name":"Aktuelles","description":"Verfassungsb\u00fcndnis der deutschen Einzelstaaten.","publisher":{"@id":"https:\/\/www.ewigerbund.org\/aktuelles\/#organization"},"potentialAction":[{"@type":"SearchAction","target":{"@type":"EntryPoint","urlTemplate":"https:\/\/www.ewigerbund.org\/aktuelles\/?s={search_term_string}"},"query-input":"required name=search_term_string"}],"inLanguage":"de"},{"@type":"Organization","@id":"https:\/\/www.ewigerbund.org\/aktuelles\/#organization","name":"Aktuelles","url":"https:\/\/www.ewigerbund.org\/aktuelles\/","logo":{"@type":"ImageObject","inLanguage":"de","@id":"https:\/\/www.ewigerbund.org\/aktuelles\/#\/schema\/logo\/image\/","url":"https:\/\/www.ewigerbund.org\/aktuelles\/wp-content\/uploads\/sites\/37\/2022\/11\/2022-09-20-Logo-EB_Schutzzone_V4_Transparent.png","contentUrl":"https:\/\/www.ewigerbund.org\/aktuelles\/wp-content\/uploads\/sites\/37\/2022\/11\/2022-09-20-Logo-EB_Schutzzone_V4_Transparent.png","width":2000,"height":1982,"caption":"Aktuelles"},"image":{"@id":"https:\/\/www.ewigerbund.org\/aktuelles\/#\/schema\/logo\/image\/"}},{"@type":"Person","@id":"https:\/\/www.ewigerbund.org\/aktuelles\/#\/schema\/person\/4095e8a5634933bdfc1d6de5b3262507","name":"Deutscher","image":{"@type":"ImageObject","inLanguage":"de","@id":"https:\/\/www.ewigerbund.org\/aktuelles\/#\/schema\/person\/image\/","url":"https:\/\/secure.gravatar.com\/avatar\/5f62619aadce2c8bf5a989b368adff38?s=96&d=mm&r=g","contentUrl":"https:\/\/secure.gravatar.com\/avatar\/5f62619aadce2c8bf5a989b368adff38?s=96&d=mm&r=g","caption":"Deutscher"},"url":"https:\/\/www.ewigerbund.org\/aktuelles\/author\/ewigerdaniel\/"}]}},"_links":{"self":[{"href":"https:\/\/www.ewigerbund.org\/aktuelles\/wp-json\/wp\/v2\/posts\/1965","targetHints":{"allow":["GET"]}}],"collection":[{"href":"https:\/\/www.ewigerbund.org\/aktuelles\/wp-json\/wp\/v2\/posts"}],"about":[{"href":"https:\/\/www.ewigerbund.org\/aktuelles\/wp-json\/wp\/v2\/types\/post"}],"author":[{"embeddable":true,"href":"https:\/\/www.ewigerbund.org\/aktuelles\/wp-json\/wp\/v2\/users\/8"}],"replies":[{"embeddable":true,"href":"https:\/\/www.ewigerbund.org\/aktuelles\/wp-json\/wp\/v2\/comments?post=1965"}],"version-history":[{"count":14,"href":"https:\/\/www.ewigerbund.org\/aktuelles\/wp-json\/wp\/v2\/posts\/1965\/revisions"}],"predecessor-version":[{"id":2699,"href":"https:\/\/www.ewigerbund.org\/aktuelles\/wp-json\/wp\/v2\/posts\/1965\/revisions\/2699"}],"wp:featuredmedia":[{"embeddable":true,"href":"https:\/\/www.ewigerbund.org\/aktuelles\/wp-json\/wp\/v2\/media\/2700"}],"wp:attachment":[{"href":"https:\/\/www.ewigerbund.org\/aktuelles\/wp-json\/wp\/v2\/media?parent=1965"}],"wp:term":[{"taxonomy":"category","embeddable":true,"href":"https:\/\/www.ewigerbund.org\/aktuelles\/wp-json\/wp\/v2\/categories?post=1965"},{"taxonomy":"post_tag","embeddable":true,"href":"https:\/\/www.ewigerbund.org\/aktuelles\/wp-json\/wp\/v2\/tags?post=1965"}],"curies":[{"name":"wp","href":"https:\/\/api.w.org\/{rel}","templated":true}]}}