{"id":1851,"date":"2023-04-01T11:36:00","date_gmt":"2023-04-01T09:36:00","guid":{"rendered":"https:\/\/www.ewigerbund.org\/aktuelles\/?p=1851"},"modified":"2025-02-13T20:41:57","modified_gmt":"2025-02-13T19:41:57","slug":"fanale-1-april-2023-wiegenfest-otto-von-bismarck","status":"publish","type":"post","link":"https:\/\/www.ewigerbund.org\/aktuelles\/fanale-1-april-2023-wiegenfest-otto-von-bismarck\/","title":{"rendered":"Fanale 1. April 2023."},"content":{"rendered":"<div style=\"padding:57% 0 0 0;position:relative;\"><iframe src=\"https:\/\/player.vimeo.com\/video\/816154805?h=55b5c094a4&amp;badge=0&amp;autopause=0&amp;player_id=0&amp;app_id=58479\" allow=\"autoplay; fullscreen; picture-in-picture\" allowfullscreen=\"\" style=\"position:absolute;top:0;left:0;width:100%;height:100%;\" frameborder=\"0\"><\/iframe><\/div><script src=\"https:\/\/player.vimeo.com\/api\/player.js\"><\/script>\n\n\n\n<h2 class=\"wp-block-heading\">Wiegenfest Otto von Bismarcks.<\/h2>\n\n\n\n<p>Am 1. April 2023 haben Deutsche an verschiedenen Bismarckt\u00fcrmen im ganzen Bundesgebiet die alte Tradition wieder aufleben lassen. Die Entz\u00fcndung von Feuern auf Bismarckt\u00fcrmen, auch bekannt als &#8222;Bismarckfeuer&#8220; oder &#8222;G\u00f6tterd\u00e4mmerung&#8220;, ist eine Praxis, die ihren Ursprung im sp\u00e4ten 19. Jahrhundert hat und bis heute in einigen Regionen Deutschlands gepflegt wird.<\/p>\n\n\n\n<p>Die Tradition des Bismarckfeuers geht auf das Jahr 1898 zur\u00fcck, als zum 83. Geburtstag des Staatsmannes Otto von Bismarck erstmals Feuer auf den T\u00fcrmen entz\u00fcndet wurden. Bismarck, der ma\u00dfgeblich an der Gr\u00fcndung des Deutschen Reiches beteiligt war und als einer der bedeutendsten deutschen Staatsm\u00e4nner gilt, wurde damit geehrt und in Erinnerung gehalten.<\/p>\n\n\n\n<p>Heutzutage hat sich die Tradition des Bismarckfeuers in einigen Regionen Deutschlands zu einer regelm\u00e4\u00dfigen Veranstaltung entwickelt. Zum Geburtstag Bismarcks oder zu anderen besonderen Anl\u00e4ssen versammeln sich Menschen an den Bismarckt\u00fcrmen, um die Feuer zu entz\u00fcnden und an die gro\u00dfen Taten des Reichsgr\u00fcnders zu erinnern.<\/p>\n\n\n\n<p>Das Bismarckfeuer ist ein Zeichen der Verbundenheit mit der deutschen Geschichte und Identit\u00e4t. Es steht f\u00fcr den Zusammenhalt und die Kraft, die das Deutsche Reich und seine Einigungsbewegung hervorgebracht haben. Es zeigt auch, da\u00df Traditionen und Rituale eine wichtige Rolle in unserer Gesellschaft spielen und uns dabei helfen, unsere Identit\u00e4t und Geschichte zu bewahren.<\/p>\n\n\n\n<p>Der n\u00e4chste Termin ist der 31. Juli, an dem an die Erkl\u00e4rung des Kriegszustandes gedacht wird.<\/p>\n","protected":false},"excerpt":{"rendered":"<p>Wiegenfest Otto von Bismarcks. Am 1. April 2023 haben Deutsche an verschiedenen Bismarckt\u00fcrmen im ganzen Bundesgebiet die alte Tradition wieder aufleben lassen. Die Entz\u00fcndung von Feuern auf Bismarckt\u00fcrmen, auch bekannt als &#8222;Bismarckfeuer&#8220; oder &#8222;G\u00f6tterd\u00e4mmerung&#8220;, ist eine Praxis, die ihren Ursprung im sp\u00e4ten 19. Jahrhundert hat und bis heute in einigen Regionen Deutschlands gepflegt wird. Die &#8230; <a title=\"Fanale 1. April 2023.\" class=\"read-more\" href=\"https:\/\/www.ewigerbund.org\/aktuelles\/fanale-1-april-2023-wiegenfest-otto-von-bismarck\/\" aria-label=\"Mehr zu Fanale 1. April 2023.\">Weiterlesen &#8230;<\/a><\/p>\n","protected":false},"author":1,"featured_media":1852,"comment_status":"open","ping_status":"open","sticky":false,"template":"template-6-beide-seitenleiste.php","format":"standard","meta":{"footnotes":""},"categories":[263],"tags":[264],"class_list":["post-1851","post","type-post","status-publish","format-standard","has-post-thumbnail","hentry","category-fanale","tag-fanaleeb","resize-featured-image"],"yoast_head":"<!-- This site is optimized with the Yoast SEO plugin v23.1 - https:\/\/yoast.com\/wordpress\/plugins\/seo\/ -->\n<title>Fanale 1. April 2023. - Aktuelles<\/title>\n<meta name=\"description\" content=\"Am heutigen Tag, den 1. April 2023, ist das Wiegenfest von Otto Eduard Leopold von Bismarck-Sch\u00f6nhausen, Graf von Bismarck-Sch\u00f6nhausen, F\u00fcrst von Bismarck, Herzog zu Lauenburg.\" \/>\n<meta name=\"robots\" content=\"index, follow, max-snippet:-1, max-image-preview:large, max-video-preview:-1\" \/>\n<link rel=\"canonical\" href=\"https:\/\/www.ewigerbund.org\/aktuelles\/fanale-1-april-2023-wiegenfest-otto-von-bismarck\/\" \/>\n<meta property=\"og:locale\" content=\"de_DE\" \/>\n<meta property=\"og:type\" content=\"article\" \/>\n<meta property=\"og:title\" content=\"Fanale 1. April 2023. Wiegenfest Otto von Bismarck.\" \/>\n<meta property=\"og:description\" content=\"Am heutigen Tag, den 1. April 2023, ist das Wiegenfest von Otto Eduard Leopold von Bismarck-Sch\u00f6nhausen, Graf von Bismarck-Sch\u00f6nhausen, F\u00fcrst von Bismarck, Herzog zu Lauenburg.\" \/>\n<meta property=\"og:url\" content=\"https:\/\/www.ewigerbund.org\/aktuelles\/fanale-1-april-2023-wiegenfest-otto-von-bismarck\/\" \/>\n<meta property=\"og:site_name\" content=\"Aktuelles\" \/>\n<meta property=\"article:published_time\" content=\"2023-04-01T09:36:00+00:00\" \/>\n<meta property=\"article:modified_time\" content=\"2025-02-13T19:41:57+00:00\" \/>\n<meta property=\"og:image\" content=\"https:\/\/www.ewigerbund.org\/aktuelles\/wp-content\/uploads\/sites\/37\/2023\/04\/EB-Aktuelles-Fanale-April2023_v.jpg\" \/>\n\t<meta property=\"og:image:width\" content=\"750\" \/>\n\t<meta property=\"og:image:height\" content=\"350\" \/>\n\t<meta property=\"og:image:type\" content=\"image\/jpeg\" \/>\n<meta name=\"author\" content=\"Ewiger Bund (Offiziell)\" \/>\n<meta name=\"twitter:card\" content=\"summary_large_image\" \/>\n<meta name=\"twitter:title\" content=\"Fanale 1. April 2023. Wiegenfest Otto von Bismarck.\" \/>\n<meta name=\"twitter:description\" content=\"Am heutigen Tag, den 1. April 2023, ist das Wiegenfest von Otto Eduard Leopold von Bismarck-Sch\u00f6nhausen, Graf von Bismarck-Sch\u00f6nhausen, F\u00fcrst von Bismarck, Herzog zu Lauenburg.\" \/>\n<meta name=\"twitter:image\" content=\"https:\/\/www.ewigerbund.org\/aktuelles\/wp-content\/uploads\/sites\/37\/2023\/04\/EB-Aktuelles-Fanale-April2023_v.jpg\" \/>\n<meta name=\"twitter:label1\" content=\"Verfasst von\" \/>\n\t<meta name=\"twitter:data1\" content=\"Ewiger Bund (Offiziell)\" \/>\n\t<meta name=\"twitter:label2\" content=\"Gesch\u00e4tzte Lesezeit\" \/>\n\t<meta name=\"twitter:data2\" content=\"2\u00a0Minuten\" \/>\n<script type=\"application\/ld+json\" class=\"yoast-schema-graph\">{\"@context\":\"https:\/\/schema.org\",\"@graph\":[{\"@type\":\"Article\",\"@id\":\"https:\/\/www.ewigerbund.org\/aktuelles\/fanale-1-april-2023-wiegenfest-otto-von-bismarck\/#article\",\"isPartOf\":{\"@id\":\"https:\/\/www.ewigerbund.org\/aktuelles\/fanale-1-april-2023-wiegenfest-otto-von-bismarck\/\"},\"author\":{\"name\":\"Ewiger Bund (Offiziell)\",\"@id\":\"https:\/\/www.ewigerbund.org\/aktuelles\/#\/schema\/person\/0362e92185f3785946d79eb35c5d3b96\"},\"headline\":\"Fanale 1. April 2023.\",\"datePublished\":\"2023-04-01T09:36:00+00:00\",\"dateModified\":\"2025-02-13T19:41:57+00:00\",\"mainEntityOfPage\":{\"@id\":\"https:\/\/www.ewigerbund.org\/aktuelles\/fanale-1-april-2023-wiegenfest-otto-von-bismarck\/\"},\"wordCount\":247,\"commentCount\":0,\"publisher\":{\"@id\":\"https:\/\/www.ewigerbund.org\/aktuelles\/#organization\"},\"image\":{\"@id\":\"https:\/\/www.ewigerbund.org\/aktuelles\/fanale-1-april-2023-wiegenfest-otto-von-bismarck\/#primaryimage\"},\"thumbnailUrl\":\"https:\/\/www.ewigerbund.org\/aktuelles\/wp-content\/uploads\/sites\/37\/2023\/04\/EB-Aktuelles-Fanale-April2023.jpg\",\"keywords\":[\"fanaleeb\"],\"articleSection\":[\"Fanale des ewigen Bundes.\"],\"inLanguage\":\"de\",\"potentialAction\":[{\"@type\":\"CommentAction\",\"name\":\"Comment\",\"target\":[\"https:\/\/www.ewigerbund.org\/aktuelles\/fanale-1-april-2023-wiegenfest-otto-von-bismarck\/#respond\"]}]},{\"@type\":\"WebPage\",\"@id\":\"https:\/\/www.ewigerbund.org\/aktuelles\/fanale-1-april-2023-wiegenfest-otto-von-bismarck\/\",\"url\":\"https:\/\/www.ewigerbund.org\/aktuelles\/fanale-1-april-2023-wiegenfest-otto-von-bismarck\/\",\"name\":\"Fanale 1. April 2023. - Aktuelles\",\"isPartOf\":{\"@id\":\"https:\/\/www.ewigerbund.org\/aktuelles\/#website\"},\"primaryImageOfPage\":{\"@id\":\"https:\/\/www.ewigerbund.org\/aktuelles\/fanale-1-april-2023-wiegenfest-otto-von-bismarck\/#primaryimage\"},\"image\":{\"@id\":\"https:\/\/www.ewigerbund.org\/aktuelles\/fanale-1-april-2023-wiegenfest-otto-von-bismarck\/#primaryimage\"},\"thumbnailUrl\":\"https:\/\/www.ewigerbund.org\/aktuelles\/wp-content\/uploads\/sites\/37\/2023\/04\/EB-Aktuelles-Fanale-April2023.jpg\",\"datePublished\":\"2023-04-01T09:36:00+00:00\",\"dateModified\":\"2025-02-13T19:41:57+00:00\",\"description\":\"Am heutigen Tag, den 1. April 2023, ist das Wiegenfest von Otto Eduard Leopold von Bismarck-Sch\u00f6nhausen, Graf von Bismarck-Sch\u00f6nhausen, F\u00fcrst von Bismarck, Herzog zu Lauenburg.\",\"breadcrumb\":{\"@id\":\"https:\/\/www.ewigerbund.org\/aktuelles\/fanale-1-april-2023-wiegenfest-otto-von-bismarck\/#breadcrumb\"},\"inLanguage\":\"de\",\"potentialAction\":[{\"@type\":\"ReadAction\",\"target\":[\"https:\/\/www.ewigerbund.org\/aktuelles\/fanale-1-april-2023-wiegenfest-otto-von-bismarck\/\"]}]},{\"@type\":\"ImageObject\",\"inLanguage\":\"de\",\"@id\":\"https:\/\/www.ewigerbund.org\/aktuelles\/fanale-1-april-2023-wiegenfest-otto-von-bismarck\/#primaryimage\",\"url\":\"https:\/\/www.ewigerbund.org\/aktuelles\/wp-content\/uploads\/sites\/37\/2023\/04\/EB-Aktuelles-Fanale-April2023.jpg\",\"contentUrl\":\"https:\/\/www.ewigerbund.org\/aktuelles\/wp-content\/uploads\/sites\/37\/2023\/04\/EB-Aktuelles-Fanale-April2023.jpg\",\"width\":1748,\"height\":994},{\"@type\":\"BreadcrumbList\",\"@id\":\"https:\/\/www.ewigerbund.org\/aktuelles\/fanale-1-april-2023-wiegenfest-otto-von-bismarck\/#breadcrumb\",\"itemListElement\":[{\"@type\":\"ListItem\",\"position\":1,\"name\":\"Startseite\",\"item\":\"https:\/\/www.ewigerbund.org\/aktuelles\/\"},{\"@type\":\"ListItem\",\"position\":2,\"name\":\"Fanale 1. April 2023.\"}]},{\"@type\":\"WebSite\",\"@id\":\"https:\/\/www.ewigerbund.org\/aktuelles\/#website\",\"url\":\"https:\/\/www.ewigerbund.org\/aktuelles\/\",\"name\":\"Aktuelles\",\"description\":\"Verfassungsb\u00fcndnis der deutschen Einzelstaaten.\",\"publisher\":{\"@id\":\"https:\/\/www.ewigerbund.org\/aktuelles\/#organization\"},\"potentialAction\":[{\"@type\":\"SearchAction\",\"target\":{\"@type\":\"EntryPoint\",\"urlTemplate\":\"https:\/\/www.ewigerbund.org\/aktuelles\/?s={search_term_string}\"},\"query-input\":\"required name=search_term_string\"}],\"inLanguage\":\"de\"},{\"@type\":\"Organization\",\"@id\":\"https:\/\/www.ewigerbund.org\/aktuelles\/#organization\",\"name\":\"Aktuelles\",\"url\":\"https:\/\/www.ewigerbund.org\/aktuelles\/\",\"logo\":{\"@type\":\"ImageObject\",\"inLanguage\":\"de\",\"@id\":\"https:\/\/www.ewigerbund.org\/aktuelles\/#\/schema\/logo\/image\/\",\"url\":\"https:\/\/www.ewigerbund.org\/aktuelles\/wp-content\/uploads\/sites\/37\/2022\/11\/2022-09-20-Logo-EB_Schutzzone_V4_Transparent.png\",\"contentUrl\":\"https:\/\/www.ewigerbund.org\/aktuelles\/wp-content\/uploads\/sites\/37\/2022\/11\/2022-09-20-Logo-EB_Schutzzone_V4_Transparent.png\",\"width\":2000,\"height\":1982,\"caption\":\"Aktuelles\"},\"image\":{\"@id\":\"https:\/\/www.ewigerbund.org\/aktuelles\/#\/schema\/logo\/image\/\"}},{\"@type\":\"Person\",\"@id\":\"https:\/\/www.ewigerbund.org\/aktuelles\/#\/schema\/person\/0362e92185f3785946d79eb35c5d3b96\",\"name\":\"Ewiger Bund (Offiziell)\",\"image\":{\"@type\":\"ImageObject\",\"inLanguage\":\"de\",\"@id\":\"https:\/\/www.ewigerbund.org\/aktuelles\/#\/schema\/person\/image\/\",\"url\":\"https:\/\/secure.gravatar.com\/avatar\/1e3f022cd8f681d14f459ffaa89a6798?s=96&d=mm&r=g\",\"contentUrl\":\"https:\/\/secure.gravatar.com\/avatar\/1e3f022cd8f681d14f459ffaa89a6798?s=96&d=mm&r=g\",\"caption\":\"Ewiger Bund (Offiziell)\"},\"url\":\"https:\/\/www.ewigerbund.org\/aktuelles\/author\/deutscher\/\"}]}<\/script>\n<!-- \/ Yoast SEO plugin. -->","yoast_head_json":{"title":"Fanale 1. April 2023. - Aktuelles","description":"Am heutigen Tag, den 1. April 2023, ist das Wiegenfest von Otto Eduard Leopold von Bismarck-Sch\u00f6nhausen, Graf von Bismarck-Sch\u00f6nhausen, F\u00fcrst von Bismarck, Herzog zu Lauenburg.","robots":{"index":"index","follow":"follow","max-snippet":"max-snippet:-1","max-image-preview":"max-image-preview:large","max-video-preview":"max-video-preview:-1"},"canonical":"https:\/\/www.ewigerbund.org\/aktuelles\/fanale-1-april-2023-wiegenfest-otto-von-bismarck\/","og_locale":"de_DE","og_type":"article","og_title":"Fanale 1. April 2023. Wiegenfest Otto von Bismarck.","og_description":"Am heutigen Tag, den 1. April 2023, ist das Wiegenfest von Otto Eduard Leopold von Bismarck-Sch\u00f6nhausen, Graf von Bismarck-Sch\u00f6nhausen, F\u00fcrst von Bismarck, Herzog zu Lauenburg.","og_url":"https:\/\/www.ewigerbund.org\/aktuelles\/fanale-1-april-2023-wiegenfest-otto-von-bismarck\/","og_site_name":"Aktuelles","article_published_time":"2023-04-01T09:36:00+00:00","article_modified_time":"2025-02-13T19:41:57+00:00","og_image":[{"width":750,"height":350,"url":"https:\/\/www.ewigerbund.org\/aktuelles\/wp-content\/uploads\/sites\/37\/2023\/04\/EB-Aktuelles-Fanale-April2023_v.jpg","type":"image\/jpeg"}],"author":"Ewiger Bund (Offiziell)","twitter_card":"summary_large_image","twitter_title":"Fanale 1. April 2023. Wiegenfest Otto von Bismarck.","twitter_description":"Am heutigen Tag, den 1. April 2023, ist das Wiegenfest von Otto Eduard Leopold von Bismarck-Sch\u00f6nhausen, Graf von Bismarck-Sch\u00f6nhausen, F\u00fcrst von Bismarck, Herzog zu Lauenburg.","twitter_image":"https:\/\/www.ewigerbund.org\/aktuelles\/wp-content\/uploads\/sites\/37\/2023\/04\/EB-Aktuelles-Fanale-April2023_v.jpg","twitter_misc":{"Verfasst von":"Ewiger Bund (Offiziell)","Gesch\u00e4tzte Lesezeit":"2\u00a0Minuten"},"schema":{"@context":"https:\/\/schema.org","@graph":[{"@type":"Article","@id":"https:\/\/www.ewigerbund.org\/aktuelles\/fanale-1-april-2023-wiegenfest-otto-von-bismarck\/#article","isPartOf":{"@id":"https:\/\/www.ewigerbund.org\/aktuelles\/fanale-1-april-2023-wiegenfest-otto-von-bismarck\/"},"author":{"name":"Ewiger Bund (Offiziell)","@id":"https:\/\/www.ewigerbund.org\/aktuelles\/#\/schema\/person\/0362e92185f3785946d79eb35c5d3b96"},"headline":"Fanale 1. April 2023.","datePublished":"2023-04-01T09:36:00+00:00","dateModified":"2025-02-13T19:41:57+00:00","mainEntityOfPage":{"@id":"https:\/\/www.ewigerbund.org\/aktuelles\/fanale-1-april-2023-wiegenfest-otto-von-bismarck\/"},"wordCount":247,"commentCount":0,"publisher":{"@id":"https:\/\/www.ewigerbund.org\/aktuelles\/#organization"},"image":{"@id":"https:\/\/www.ewigerbund.org\/aktuelles\/fanale-1-april-2023-wiegenfest-otto-von-bismarck\/#primaryimage"},"thumbnailUrl":"https:\/\/www.ewigerbund.org\/aktuelles\/wp-content\/uploads\/sites\/37\/2023\/04\/EB-Aktuelles-Fanale-April2023.jpg","keywords":["fanaleeb"],"articleSection":["Fanale des ewigen Bundes."],"inLanguage":"de","potentialAction":[{"@type":"CommentAction","name":"Comment","target":["https:\/\/www.ewigerbund.org\/aktuelles\/fanale-1-april-2023-wiegenfest-otto-von-bismarck\/#respond"]}]},{"@type":"WebPage","@id":"https:\/\/www.ewigerbund.org\/aktuelles\/fanale-1-april-2023-wiegenfest-otto-von-bismarck\/","url":"https:\/\/www.ewigerbund.org\/aktuelles\/fanale-1-april-2023-wiegenfest-otto-von-bismarck\/","name":"Fanale 1. April 2023. - Aktuelles","isPartOf":{"@id":"https:\/\/www.ewigerbund.org\/aktuelles\/#website"},"primaryImageOfPage":{"@id":"https:\/\/www.ewigerbund.org\/aktuelles\/fanale-1-april-2023-wiegenfest-otto-von-bismarck\/#primaryimage"},"image":{"@id":"https:\/\/www.ewigerbund.org\/aktuelles\/fanale-1-april-2023-wiegenfest-otto-von-bismarck\/#primaryimage"},"thumbnailUrl":"https:\/\/www.ewigerbund.org\/aktuelles\/wp-content\/uploads\/sites\/37\/2023\/04\/EB-Aktuelles-Fanale-April2023.jpg","datePublished":"2023-04-01T09:36:00+00:00","dateModified":"2025-02-13T19:41:57+00:00","description":"Am heutigen Tag, den 1. April 2023, ist das Wiegenfest von Otto Eduard Leopold von Bismarck-Sch\u00f6nhausen, Graf von Bismarck-Sch\u00f6nhausen, F\u00fcrst von Bismarck, Herzog zu Lauenburg.","breadcrumb":{"@id":"https:\/\/www.ewigerbund.org\/aktuelles\/fanale-1-april-2023-wiegenfest-otto-von-bismarck\/#breadcrumb"},"inLanguage":"de","potentialAction":[{"@type":"ReadAction","target":["https:\/\/www.ewigerbund.org\/aktuelles\/fanale-1-april-2023-wiegenfest-otto-von-bismarck\/"]}]},{"@type":"ImageObject","inLanguage":"de","@id":"https:\/\/www.ewigerbund.org\/aktuelles\/fanale-1-april-2023-wiegenfest-otto-von-bismarck\/#primaryimage","url":"https:\/\/www.ewigerbund.org\/aktuelles\/wp-content\/uploads\/sites\/37\/2023\/04\/EB-Aktuelles-Fanale-April2023.jpg","contentUrl":"https:\/\/www.ewigerbund.org\/aktuelles\/wp-content\/uploads\/sites\/37\/2023\/04\/EB-Aktuelles-Fanale-April2023.jpg","width":1748,"height":994},{"@type":"BreadcrumbList","@id":"https:\/\/www.ewigerbund.org\/aktuelles\/fanale-1-april-2023-wiegenfest-otto-von-bismarck\/#breadcrumb","itemListElement":[{"@type":"ListItem","position":1,"name":"Startseite","item":"https:\/\/www.ewigerbund.org\/aktuelles\/"},{"@type":"ListItem","position":2,"name":"Fanale 1. April 2023."}]},{"@type":"WebSite","@id":"https:\/\/www.ewigerbund.org\/aktuelles\/#website","url":"https:\/\/www.ewigerbund.org\/aktuelles\/","name":"Aktuelles","description":"Verfassungsb\u00fcndnis der deutschen Einzelstaaten.","publisher":{"@id":"https:\/\/www.ewigerbund.org\/aktuelles\/#organization"},"potentialAction":[{"@type":"SearchAction","target":{"@type":"EntryPoint","urlTemplate":"https:\/\/www.ewigerbund.org\/aktuelles\/?s={search_term_string}"},"query-input":"required name=search_term_string"}],"inLanguage":"de"},{"@type":"Organization","@id":"https:\/\/www.ewigerbund.org\/aktuelles\/#organization","name":"Aktuelles","url":"https:\/\/www.ewigerbund.org\/aktuelles\/","logo":{"@type":"ImageObject","inLanguage":"de","@id":"https:\/\/www.ewigerbund.org\/aktuelles\/#\/schema\/logo\/image\/","url":"https:\/\/www.ewigerbund.org\/aktuelles\/wp-content\/uploads\/sites\/37\/2022\/11\/2022-09-20-Logo-EB_Schutzzone_V4_Transparent.png","contentUrl":"https:\/\/www.ewigerbund.org\/aktuelles\/wp-content\/uploads\/sites\/37\/2022\/11\/2022-09-20-Logo-EB_Schutzzone_V4_Transparent.png","width":2000,"height":1982,"caption":"Aktuelles"},"image":{"@id":"https:\/\/www.ewigerbund.org\/aktuelles\/#\/schema\/logo\/image\/"}},{"@type":"Person","@id":"https:\/\/www.ewigerbund.org\/aktuelles\/#\/schema\/person\/0362e92185f3785946d79eb35c5d3b96","name":"Ewiger Bund (Offiziell)","image":{"@type":"ImageObject","inLanguage":"de","@id":"https:\/\/www.ewigerbund.org\/aktuelles\/#\/schema\/person\/image\/","url":"https:\/\/secure.gravatar.com\/avatar\/1e3f022cd8f681d14f459ffaa89a6798?s=96&d=mm&r=g","contentUrl":"https:\/\/secure.gravatar.com\/avatar\/1e3f022cd8f681d14f459ffaa89a6798?s=96&d=mm&r=g","caption":"Ewiger Bund (Offiziell)"},"url":"https:\/\/www.ewigerbund.org\/aktuelles\/author\/deutscher\/"}]}},"_links":{"self":[{"href":"https:\/\/www.ewigerbund.org\/aktuelles\/wp-json\/wp\/v2\/posts\/1851","targetHints":{"allow":["GET"]}}],"collection":[{"href":"https:\/\/www.ewigerbund.org\/aktuelles\/wp-json\/wp\/v2\/posts"}],"about":[{"href":"https:\/\/www.ewigerbund.org\/aktuelles\/wp-json\/wp\/v2\/types\/post"}],"author":[{"embeddable":true,"href":"https:\/\/www.ewigerbund.org\/aktuelles\/wp-json\/wp\/v2\/users\/1"}],"replies":[{"embeddable":true,"href":"https:\/\/www.ewigerbund.org\/aktuelles\/wp-json\/wp\/v2\/comments?post=1851"}],"version-history":[{"count":11,"href":"https:\/\/www.ewigerbund.org\/aktuelles\/wp-json\/wp\/v2\/posts\/1851\/revisions"}],"predecessor-version":[{"id":2714,"href":"https:\/\/www.ewigerbund.org\/aktuelles\/wp-json\/wp\/v2\/posts\/1851\/revisions\/2714"}],"wp:featuredmedia":[{"embeddable":true,"href":"https:\/\/www.ewigerbund.org\/aktuelles\/wp-json\/wp\/v2\/media\/1852"}],"wp:attachment":[{"href":"https:\/\/www.ewigerbund.org\/aktuelles\/wp-json\/wp\/v2\/media?parent=1851"}],"wp:term":[{"taxonomy":"category","embeddable":true,"href":"https:\/\/www.ewigerbund.org\/aktuelles\/wp-json\/wp\/v2\/categories?post=1851"},{"taxonomy":"post_tag","embeddable":true,"href":"https:\/\/www.ewigerbund.org\/aktuelles\/wp-json\/wp\/v2\/tags?post=1851"}],"curies":[{"name":"wp","href":"https:\/\/api.w.org\/{rel}","templated":true}]}}