{"id":1829,"date":"2021-10-03T21:43:00","date_gmt":"2021-10-03T19:43:00","guid":{"rendered":"https:\/\/www.ewigerbund.org\/aktuelles\/?p=1829"},"modified":"2023-04-10T13:04:44","modified_gmt":"2023-04-10T11:04:44","slug":"tag-der-deutschen-einheit-wir-arbeiten-daran","status":"publish","type":"post","link":"https:\/\/www.ewigerbund.org\/aktuelles\/tag-der-deutschen-einheit-wir-arbeiten-daran\/","title":{"rendered":"Tag der Deutschen Einheit? Wir arbeiten daran."},"content":{"rendered":"<div class=\"gb-container gb-container-3b7879cf\"><div class=\"gb-inside-container\">\n\n<div class=\"wp-block-columns cat-box-border-dunkelrot is-layout-flex wp-container-core-columns-is-layout-1 wp-block-columns-is-layout-flex\">\n<div class=\"wp-block-column is-vertically-aligned-center is-layout-flow wp-block-column-is-layout-flow\">\n<figure class=\"wp-block-image size-full\"><img loading=\"lazy\" decoding=\"async\" width=\"750\" height=\"350\" src=\"https:\/\/www.ewigerbund.org\/aktuelles\/wp-content\/uploads\/sites\/37\/2021\/10\/EB-Aktuelles-TagDerDeutschenEinheit_v.jpg\" alt=\"\" class=\"wp-image-1858\" srcset=\"https:\/\/www.ewigerbund.org\/aktuelles\/wp-content\/uploads\/sites\/37\/2021\/10\/EB-Aktuelles-TagDerDeutschenEinheit_v.jpg 750w, https:\/\/www.ewigerbund.org\/aktuelles\/wp-content\/uploads\/sites\/37\/2021\/10\/EB-Aktuelles-TagDerDeutschenEinheit_v-300x140.jpg 300w\" sizes=\"auto, (max-width: 750px) 100vw, 750px\" \/><\/figure>\n<\/div>\n\n\n\n<div class=\"wp-block-column is-vertically-aligned-center is-layout-flow wp-block-column-is-layout-flow\">\n<p class=\"cat-box-titel-h3 has-white-color has-text-color\">Erst die territoriale Wiederherstellung Preu\u00dfens ist die deutsche Einheit.<\/p>\n\n\n\n<p class=\"has-white-color has-text-color has-small-font-size\">Prof. Dr. Hans-Joachim Schoeps am 18. januar 1951 zum 250. Gr\u00fcndungstag des preu\u00dfischen Staates im Auditorium Maximum der Universit\u00e4t Erlangen.<\/p>\n<\/div>\n<\/div>\n\n<\/div><\/div>\n\n\n<p>Heute vor genau einem Jahr wurden die Videos &#8222;<a href=\"https:\/\/wissen.ewigerbund.org\/an-die-deutsche-nation\/\" target=\"_blank\" rel=\"noreferrer noopener\">An die deutsche Nation.<\/a>&#8220; und &#8222;<a href=\"https:\/\/wissen.ewigerbund.org\/der-vaterlaendische-hilfsdienst-und-die-loesung-der-deutschen-frage\/\" target=\"_blank\" rel=\"noreferrer noopener\">Der Vaterl\u00e4ndische Hilfsdienst und die L\u00f6sung der deutschen Frage<\/a>&#8220; ver\u00f6ffentlicht. Der Inhalt ist aktueller denn je.<\/p>\n\n\n\n<div class=\"wp-block-columns is-layout-flex wp-container-core-columns-is-layout-2 wp-block-columns-is-layout-flex\">\n<div class=\"wp-block-column cat-box-border is-layout-flow wp-block-column-is-layout-flow\">\n<figure class=\"wp-block-image size-large\"><a href=\"https:\/\/wissen.ewigerbund.org\/an-die-deutsche-nation\/\" rel=\"An die deustche Nation.\"><img decoding=\"async\" src=\"https:\/\/www.ewigerbund.org\/film\/wp-content\/uploads\/sites\/38\/2023\/01\/EB-Mediathek-AnDieDeutscheNation_v-1.jpg\" alt=\"\"\/><\/a><\/figure>\n\n\n\n<h3 class=\"wp-block-heading\">An die deutsche Nation.<\/h3>\n\n\n\n<p>Gesetzliche Deutsche erkl\u00e4ren, was sie gepr\u00fcft haben und f\u00fcr wahr erkennen.<\/p>\n<\/div>\n\n\n\n<div class=\"wp-block-column cat-box-border is-layout-flow wp-block-column-is-layout-flow\">\n<figure class=\"wp-block-image size-large\"><a href=\"https:\/\/wissen.ewigerbund.org\/der-vaterlaendische-hilfsdienst-und-die-loesung-der-deutschen-frage\/\"><img decoding=\"async\" src=\"https:\/\/www.ewigerbund.org\/film\/wp-content\/uploads\/sites\/38\/2023\/02\/EB-Mediathek-VHD-Loesung_v.jpg\" alt=\"\"\/><\/a><\/figure>\n\n\n\n<h3 class=\"wp-block-heading\">Die L\u00f6sung der deutschen Frage.<\/h3>\n\n\n\n<p>Der vaterl\u00e4ndische Hilfsdienst und die L\u00f6sung zum Weltfrieden. <\/p>\n<\/div>\n<\/div>\n\n\n\n<blockquote class=\"wp-block-quote is-layout-flow wp-block-quote-is-layout-flow\">\n<p class=\"zitat-style\">Die meisten Menschen \u00fcbersch\u00e4tzen, was sie kurzfristig leisten k\u00f6nnen und untersch\u00e4tzen, was sie langfristig leisten k\u00f6nnen.<\/p>\n<\/blockquote>\n\n\n\n<p>Inzwischen arbeiten viele Deutsche in Vollzeit an der Re-Organisation des Deutschen Reichs. Genau dieses besonnene Arbeiten ist der gr\u00f6\u00dfte Erfolgsfaktor unserer Aufgabe. Es ist erstaunlich, was in dieser kurzen Zeit schon alles geschafft wurde. Diese Vorgehensweise macht ein Scheitern unm\u00f6glich. Der Vaterl\u00e4ndische Hilfsdienst verf\u00e4llt nicht in blinden Aktionismus sondern arbeitet Schritt f\u00fcr Schritt an der Re-Organisation unseres legitimen Gesamtstaates.<\/p>\n\n\n\n<p>Schau dir nochmal die beiden Videos an und arbeite dann mit uns f\u00fcr eine gl\u00e4nzende Zukunft.<br><a href=\"https:\/\/www.ewigerbund.org\/eb\/heute\/\">https:\/\/www.ewigerbund.org\/eb\/heute\/<\/a><\/p>\n","protected":false},"excerpt":{"rendered":"<p>Erst die territoriale Wiederherstellung Preu\u00dfens ist die deutsche Einheit. Prof. Dr. Hans-Joachim Schoeps am 18. januar 1951 zum 250. Gr\u00fcndungstag des preu\u00dfischen Staates im Auditorium Maximum der Universit\u00e4t Erlangen. Heute vor genau einem Jahr wurden die Videos &#8222;An die deutsche Nation.&#8220; und &#8222;Der Vaterl\u00e4ndische Hilfsdienst und die L\u00f6sung der deutschen Frage&#8220; ver\u00f6ffentlicht. Der Inhalt ist &#8230; <a title=\"Tag der Deutschen Einheit? Wir arbeiten daran.\" class=\"read-more\" href=\"https:\/\/www.ewigerbund.org\/aktuelles\/tag-der-deutschen-einheit-wir-arbeiten-daran\/\" aria-label=\"Mehr zu Tag der Deutschen Einheit? Wir arbeiten daran.\">Weiterlesen &#8230;<\/a><\/p>\n","protected":false},"author":8,"featured_media":1843,"comment_status":"open","ping_status":"open","sticky":false,"template":"template-4-linke-seitenleiste.php","format":"standard","meta":{"footnotes":""},"categories":[212],"tags":[265],"class_list":["post-1829","post","type-post","status-publish","format-standard","has-post-thumbnail","hentry","category-neues","tag-neues","resize-featured-image"],"yoast_head":"<!-- This site is optimized with the Yoast SEO plugin v23.1 - https:\/\/yoast.com\/wordpress\/plugins\/seo\/ -->\n<title>Tag der Deutschen Einheit? Wir arbeiten daran. - Aktuelles<\/title>\n<meta name=\"robots\" content=\"index, follow, max-snippet:-1, max-image-preview:large, max-video-preview:-1\" \/>\n<link rel=\"canonical\" href=\"https:\/\/www.ewigerbund.org\/aktuelles\/tag-der-deutschen-einheit-wir-arbeiten-daran\/\" \/>\n<meta property=\"og:locale\" content=\"de_DE\" \/>\n<meta property=\"og:type\" content=\"article\" \/>\n<meta property=\"og:title\" content=\"Tag der Deutschen Einheit? Wir arbeiten daran. - Aktuelles\" \/>\n<meta property=\"og:description\" content=\"Erst die territoriale Wiederherstellung Preu\u00dfens ist die deutsche Einheit. Prof. Dr. Hans-Joachim Schoeps am 18. januar 1951 zum 250. Gr\u00fcndungstag des preu\u00dfischen Staates im Auditorium Maximum der Universit\u00e4t Erlangen. Heute vor genau einem Jahr wurden die Videos &#8222;An die deutsche Nation.&#8220; und &#8222;Der Vaterl\u00e4ndische Hilfsdienst und die L\u00f6sung der deutschen Frage&#8220; ver\u00f6ffentlicht. Der Inhalt ist ... Weiterlesen ...\" \/>\n<meta property=\"og:url\" content=\"https:\/\/www.ewigerbund.org\/aktuelles\/tag-der-deutschen-einheit-wir-arbeiten-daran\/\" \/>\n<meta property=\"og:site_name\" content=\"Aktuelles\" \/>\n<meta property=\"article:published_time\" content=\"2021-10-03T19:43:00+00:00\" \/>\n<meta property=\"article:modified_time\" content=\"2023-04-10T11:04:44+00:00\" \/>\n<meta property=\"og:image\" content=\"https:\/\/www.ewigerbund.org\/aktuelles\/wp-content\/uploads\/sites\/37\/2021\/10\/EB-Aktuelles-TagDerDeutschenEinheit.jpg\" \/>\n\t<meta property=\"og:image:width\" content=\"1748\" \/>\n\t<meta property=\"og:image:height\" content=\"994\" \/>\n\t<meta property=\"og:image:type\" content=\"image\/jpeg\" \/>\n<meta name=\"author\" content=\"Deutscher\" \/>\n<meta name=\"twitter:card\" content=\"summary_large_image\" \/>\n<meta name=\"twitter:label1\" content=\"Verfasst von\" \/>\n\t<meta name=\"twitter:data1\" content=\"Deutscher\" \/>\n\t<meta name=\"twitter:label2\" content=\"Gesch\u00e4tzte Lesezeit\" \/>\n\t<meta name=\"twitter:data2\" content=\"2\u00a0Minuten\" \/>\n<script type=\"application\/ld+json\" class=\"yoast-schema-graph\">{\"@context\":\"https:\/\/schema.org\",\"@graph\":[{\"@type\":\"Article\",\"@id\":\"https:\/\/www.ewigerbund.org\/aktuelles\/tag-der-deutschen-einheit-wir-arbeiten-daran\/#article\",\"isPartOf\":{\"@id\":\"https:\/\/www.ewigerbund.org\/aktuelles\/tag-der-deutschen-einheit-wir-arbeiten-daran\/\"},\"author\":{\"name\":\"Deutscher\",\"@id\":\"https:\/\/www.ewigerbund.org\/aktuelles\/#\/schema\/person\/4095e8a5634933bdfc1d6de5b3262507\"},\"headline\":\"Tag der Deutschen Einheit? Wir arbeiten daran.\",\"datePublished\":\"2021-10-03T19:43:00+00:00\",\"dateModified\":\"2023-04-10T11:04:44+00:00\",\"mainEntityOfPage\":{\"@id\":\"https:\/\/www.ewigerbund.org\/aktuelles\/tag-der-deutschen-einheit-wir-arbeiten-daran\/\"},\"wordCount\":211,\"commentCount\":0,\"publisher\":{\"@id\":\"https:\/\/www.ewigerbund.org\/aktuelles\/#organization\"},\"image\":{\"@id\":\"https:\/\/www.ewigerbund.org\/aktuelles\/tag-der-deutschen-einheit-wir-arbeiten-daran\/#primaryimage\"},\"thumbnailUrl\":\"https:\/\/www.ewigerbund.org\/aktuelles\/wp-content\/uploads\/sites\/37\/2021\/10\/EB-Aktuelles-TagDerDeutschenEinheit.jpg\",\"keywords\":[\"neues\"],\"articleSection\":[\"Neues vom ewigen Bund.\"],\"inLanguage\":\"de\",\"potentialAction\":[{\"@type\":\"CommentAction\",\"name\":\"Comment\",\"target\":[\"https:\/\/www.ewigerbund.org\/aktuelles\/tag-der-deutschen-einheit-wir-arbeiten-daran\/#respond\"]}]},{\"@type\":\"WebPage\",\"@id\":\"https:\/\/www.ewigerbund.org\/aktuelles\/tag-der-deutschen-einheit-wir-arbeiten-daran\/\",\"url\":\"https:\/\/www.ewigerbund.org\/aktuelles\/tag-der-deutschen-einheit-wir-arbeiten-daran\/\",\"name\":\"Tag der Deutschen Einheit? Wir arbeiten daran. - Aktuelles\",\"isPartOf\":{\"@id\":\"https:\/\/www.ewigerbund.org\/aktuelles\/#website\"},\"primaryImageOfPage\":{\"@id\":\"https:\/\/www.ewigerbund.org\/aktuelles\/tag-der-deutschen-einheit-wir-arbeiten-daran\/#primaryimage\"},\"image\":{\"@id\":\"https:\/\/www.ewigerbund.org\/aktuelles\/tag-der-deutschen-einheit-wir-arbeiten-daran\/#primaryimage\"},\"thumbnailUrl\":\"https:\/\/www.ewigerbund.org\/aktuelles\/wp-content\/uploads\/sites\/37\/2021\/10\/EB-Aktuelles-TagDerDeutschenEinheit.jpg\",\"datePublished\":\"2021-10-03T19:43:00+00:00\",\"dateModified\":\"2023-04-10T11:04:44+00:00\",\"breadcrumb\":{\"@id\":\"https:\/\/www.ewigerbund.org\/aktuelles\/tag-der-deutschen-einheit-wir-arbeiten-daran\/#breadcrumb\"},\"inLanguage\":\"de\",\"potentialAction\":[{\"@type\":\"ReadAction\",\"target\":[\"https:\/\/www.ewigerbund.org\/aktuelles\/tag-der-deutschen-einheit-wir-arbeiten-daran\/\"]}]},{\"@type\":\"ImageObject\",\"inLanguage\":\"de\",\"@id\":\"https:\/\/www.ewigerbund.org\/aktuelles\/tag-der-deutschen-einheit-wir-arbeiten-daran\/#primaryimage\",\"url\":\"https:\/\/www.ewigerbund.org\/aktuelles\/wp-content\/uploads\/sites\/37\/2021\/10\/EB-Aktuelles-TagDerDeutschenEinheit.jpg\",\"contentUrl\":\"https:\/\/www.ewigerbund.org\/aktuelles\/wp-content\/uploads\/sites\/37\/2021\/10\/EB-Aktuelles-TagDerDeutschenEinheit.jpg\",\"width\":1748,\"height\":994},{\"@type\":\"BreadcrumbList\",\"@id\":\"https:\/\/www.ewigerbund.org\/aktuelles\/tag-der-deutschen-einheit-wir-arbeiten-daran\/#breadcrumb\",\"itemListElement\":[{\"@type\":\"ListItem\",\"position\":1,\"name\":\"Startseite\",\"item\":\"https:\/\/www.ewigerbund.org\/aktuelles\/\"},{\"@type\":\"ListItem\",\"position\":2,\"name\":\"Tag der Deutschen Einheit? Wir arbeiten daran.\"}]},{\"@type\":\"WebSite\",\"@id\":\"https:\/\/www.ewigerbund.org\/aktuelles\/#website\",\"url\":\"https:\/\/www.ewigerbund.org\/aktuelles\/\",\"name\":\"Aktuelles\",\"description\":\"Verfassungsb\u00fcndnis der deutschen Einzelstaaten.\",\"publisher\":{\"@id\":\"https:\/\/www.ewigerbund.org\/aktuelles\/#organization\"},\"potentialAction\":[{\"@type\":\"SearchAction\",\"target\":{\"@type\":\"EntryPoint\",\"urlTemplate\":\"https:\/\/www.ewigerbund.org\/aktuelles\/?s={search_term_string}\"},\"query-input\":\"required name=search_term_string\"}],\"inLanguage\":\"de\"},{\"@type\":\"Organization\",\"@id\":\"https:\/\/www.ewigerbund.org\/aktuelles\/#organization\",\"name\":\"Aktuelles\",\"url\":\"https:\/\/www.ewigerbund.org\/aktuelles\/\",\"logo\":{\"@type\":\"ImageObject\",\"inLanguage\":\"de\",\"@id\":\"https:\/\/www.ewigerbund.org\/aktuelles\/#\/schema\/logo\/image\/\",\"url\":\"https:\/\/www.ewigerbund.org\/aktuelles\/wp-content\/uploads\/sites\/37\/2022\/11\/2022-09-20-Logo-EB_Schutzzone_V4_Transparent.png\",\"contentUrl\":\"https:\/\/www.ewigerbund.org\/aktuelles\/wp-content\/uploads\/sites\/37\/2022\/11\/2022-09-20-Logo-EB_Schutzzone_V4_Transparent.png\",\"width\":2000,\"height\":1982,\"caption\":\"Aktuelles\"},\"image\":{\"@id\":\"https:\/\/www.ewigerbund.org\/aktuelles\/#\/schema\/logo\/image\/\"}},{\"@type\":\"Person\",\"@id\":\"https:\/\/www.ewigerbund.org\/aktuelles\/#\/schema\/person\/4095e8a5634933bdfc1d6de5b3262507\",\"name\":\"Deutscher\",\"image\":{\"@type\":\"ImageObject\",\"inLanguage\":\"de\",\"@id\":\"https:\/\/www.ewigerbund.org\/aktuelles\/#\/schema\/person\/image\/\",\"url\":\"https:\/\/secure.gravatar.com\/avatar\/5f62619aadce2c8bf5a989b368adff38?s=96&d=mm&r=g\",\"contentUrl\":\"https:\/\/secure.gravatar.com\/avatar\/5f62619aadce2c8bf5a989b368adff38?s=96&d=mm&r=g\",\"caption\":\"Deutscher\"},\"url\":\"https:\/\/www.ewigerbund.org\/aktuelles\/author\/ewigerdaniel\/\"}]}<\/script>\n<!-- \/ Yoast SEO plugin. -->","yoast_head_json":{"title":"Tag der Deutschen Einheit? Wir arbeiten daran. - Aktuelles","robots":{"index":"index","follow":"follow","max-snippet":"max-snippet:-1","max-image-preview":"max-image-preview:large","max-video-preview":"max-video-preview:-1"},"canonical":"https:\/\/www.ewigerbund.org\/aktuelles\/tag-der-deutschen-einheit-wir-arbeiten-daran\/","og_locale":"de_DE","og_type":"article","og_title":"Tag der Deutschen Einheit? Wir arbeiten daran. - Aktuelles","og_description":"Erst die territoriale Wiederherstellung Preu\u00dfens ist die deutsche Einheit. Prof. Dr. Hans-Joachim Schoeps am 18. januar 1951 zum 250. Gr\u00fcndungstag des preu\u00dfischen Staates im Auditorium Maximum der Universit\u00e4t Erlangen. Heute vor genau einem Jahr wurden die Videos &#8222;An die deutsche Nation.&#8220; und &#8222;Der Vaterl\u00e4ndische Hilfsdienst und die L\u00f6sung der deutschen Frage&#8220; ver\u00f6ffentlicht. Der Inhalt ist ... Weiterlesen ...","og_url":"https:\/\/www.ewigerbund.org\/aktuelles\/tag-der-deutschen-einheit-wir-arbeiten-daran\/","og_site_name":"Aktuelles","article_published_time":"2021-10-03T19:43:00+00:00","article_modified_time":"2023-04-10T11:04:44+00:00","og_image":[{"width":1748,"height":994,"url":"https:\/\/www.ewigerbund.org\/aktuelles\/wp-content\/uploads\/sites\/37\/2021\/10\/EB-Aktuelles-TagDerDeutschenEinheit.jpg","type":"image\/jpeg"}],"author":"Deutscher","twitter_card":"summary_large_image","twitter_misc":{"Verfasst von":"Deutscher","Gesch\u00e4tzte Lesezeit":"2\u00a0Minuten"},"schema":{"@context":"https:\/\/schema.org","@graph":[{"@type":"Article","@id":"https:\/\/www.ewigerbund.org\/aktuelles\/tag-der-deutschen-einheit-wir-arbeiten-daran\/#article","isPartOf":{"@id":"https:\/\/www.ewigerbund.org\/aktuelles\/tag-der-deutschen-einheit-wir-arbeiten-daran\/"},"author":{"name":"Deutscher","@id":"https:\/\/www.ewigerbund.org\/aktuelles\/#\/schema\/person\/4095e8a5634933bdfc1d6de5b3262507"},"headline":"Tag der Deutschen Einheit? Wir arbeiten daran.","datePublished":"2021-10-03T19:43:00+00:00","dateModified":"2023-04-10T11:04:44+00:00","mainEntityOfPage":{"@id":"https:\/\/www.ewigerbund.org\/aktuelles\/tag-der-deutschen-einheit-wir-arbeiten-daran\/"},"wordCount":211,"commentCount":0,"publisher":{"@id":"https:\/\/www.ewigerbund.org\/aktuelles\/#organization"},"image":{"@id":"https:\/\/www.ewigerbund.org\/aktuelles\/tag-der-deutschen-einheit-wir-arbeiten-daran\/#primaryimage"},"thumbnailUrl":"https:\/\/www.ewigerbund.org\/aktuelles\/wp-content\/uploads\/sites\/37\/2021\/10\/EB-Aktuelles-TagDerDeutschenEinheit.jpg","keywords":["neues"],"articleSection":["Neues vom ewigen Bund."],"inLanguage":"de","potentialAction":[{"@type":"CommentAction","name":"Comment","target":["https:\/\/www.ewigerbund.org\/aktuelles\/tag-der-deutschen-einheit-wir-arbeiten-daran\/#respond"]}]},{"@type":"WebPage","@id":"https:\/\/www.ewigerbund.org\/aktuelles\/tag-der-deutschen-einheit-wir-arbeiten-daran\/","url":"https:\/\/www.ewigerbund.org\/aktuelles\/tag-der-deutschen-einheit-wir-arbeiten-daran\/","name":"Tag der Deutschen Einheit? Wir arbeiten daran. - Aktuelles","isPartOf":{"@id":"https:\/\/www.ewigerbund.org\/aktuelles\/#website"},"primaryImageOfPage":{"@id":"https:\/\/www.ewigerbund.org\/aktuelles\/tag-der-deutschen-einheit-wir-arbeiten-daran\/#primaryimage"},"image":{"@id":"https:\/\/www.ewigerbund.org\/aktuelles\/tag-der-deutschen-einheit-wir-arbeiten-daran\/#primaryimage"},"thumbnailUrl":"https:\/\/www.ewigerbund.org\/aktuelles\/wp-content\/uploads\/sites\/37\/2021\/10\/EB-Aktuelles-TagDerDeutschenEinheit.jpg","datePublished":"2021-10-03T19:43:00+00:00","dateModified":"2023-04-10T11:04:44+00:00","breadcrumb":{"@id":"https:\/\/www.ewigerbund.org\/aktuelles\/tag-der-deutschen-einheit-wir-arbeiten-daran\/#breadcrumb"},"inLanguage":"de","potentialAction":[{"@type":"ReadAction","target":["https:\/\/www.ewigerbund.org\/aktuelles\/tag-der-deutschen-einheit-wir-arbeiten-daran\/"]}]},{"@type":"ImageObject","inLanguage":"de","@id":"https:\/\/www.ewigerbund.org\/aktuelles\/tag-der-deutschen-einheit-wir-arbeiten-daran\/#primaryimage","url":"https:\/\/www.ewigerbund.org\/aktuelles\/wp-content\/uploads\/sites\/37\/2021\/10\/EB-Aktuelles-TagDerDeutschenEinheit.jpg","contentUrl":"https:\/\/www.ewigerbund.org\/aktuelles\/wp-content\/uploads\/sites\/37\/2021\/10\/EB-Aktuelles-TagDerDeutschenEinheit.jpg","width":1748,"height":994},{"@type":"BreadcrumbList","@id":"https:\/\/www.ewigerbund.org\/aktuelles\/tag-der-deutschen-einheit-wir-arbeiten-daran\/#breadcrumb","itemListElement":[{"@type":"ListItem","position":1,"name":"Startseite","item":"https:\/\/www.ewigerbund.org\/aktuelles\/"},{"@type":"ListItem","position":2,"name":"Tag der Deutschen Einheit? Wir arbeiten daran."}]},{"@type":"WebSite","@id":"https:\/\/www.ewigerbund.org\/aktuelles\/#website","url":"https:\/\/www.ewigerbund.org\/aktuelles\/","name":"Aktuelles","description":"Verfassungsb\u00fcndnis der deutschen Einzelstaaten.","publisher":{"@id":"https:\/\/www.ewigerbund.org\/aktuelles\/#organization"},"potentialAction":[{"@type":"SearchAction","target":{"@type":"EntryPoint","urlTemplate":"https:\/\/www.ewigerbund.org\/aktuelles\/?s={search_term_string}"},"query-input":"required name=search_term_string"}],"inLanguage":"de"},{"@type":"Organization","@id":"https:\/\/www.ewigerbund.org\/aktuelles\/#organization","name":"Aktuelles","url":"https:\/\/www.ewigerbund.org\/aktuelles\/","logo":{"@type":"ImageObject","inLanguage":"de","@id":"https:\/\/www.ewigerbund.org\/aktuelles\/#\/schema\/logo\/image\/","url":"https:\/\/www.ewigerbund.org\/aktuelles\/wp-content\/uploads\/sites\/37\/2022\/11\/2022-09-20-Logo-EB_Schutzzone_V4_Transparent.png","contentUrl":"https:\/\/www.ewigerbund.org\/aktuelles\/wp-content\/uploads\/sites\/37\/2022\/11\/2022-09-20-Logo-EB_Schutzzone_V4_Transparent.png","width":2000,"height":1982,"caption":"Aktuelles"},"image":{"@id":"https:\/\/www.ewigerbund.org\/aktuelles\/#\/schema\/logo\/image\/"}},{"@type":"Person","@id":"https:\/\/www.ewigerbund.org\/aktuelles\/#\/schema\/person\/4095e8a5634933bdfc1d6de5b3262507","name":"Deutscher","image":{"@type":"ImageObject","inLanguage":"de","@id":"https:\/\/www.ewigerbund.org\/aktuelles\/#\/schema\/person\/image\/","url":"https:\/\/secure.gravatar.com\/avatar\/5f62619aadce2c8bf5a989b368adff38?s=96&d=mm&r=g","contentUrl":"https:\/\/secure.gravatar.com\/avatar\/5f62619aadce2c8bf5a989b368adff38?s=96&d=mm&r=g","caption":"Deutscher"},"url":"https:\/\/www.ewigerbund.org\/aktuelles\/author\/ewigerdaniel\/"}]}},"_links":{"self":[{"href":"https:\/\/www.ewigerbund.org\/aktuelles\/wp-json\/wp\/v2\/posts\/1829","targetHints":{"allow":["GET"]}}],"collection":[{"href":"https:\/\/www.ewigerbund.org\/aktuelles\/wp-json\/wp\/v2\/posts"}],"about":[{"href":"https:\/\/www.ewigerbund.org\/aktuelles\/wp-json\/wp\/v2\/types\/post"}],"author":[{"embeddable":true,"href":"https:\/\/www.ewigerbund.org\/aktuelles\/wp-json\/wp\/v2\/users\/8"}],"replies":[{"embeddable":true,"href":"https:\/\/www.ewigerbund.org\/aktuelles\/wp-json\/wp\/v2\/comments?post=1829"}],"version-history":[{"count":10,"href":"https:\/\/www.ewigerbund.org\/aktuelles\/wp-json\/wp\/v2\/posts\/1829\/revisions"}],"predecessor-version":[{"id":1875,"href":"https:\/\/www.ewigerbund.org\/aktuelles\/wp-json\/wp\/v2\/posts\/1829\/revisions\/1875"}],"wp:featuredmedia":[{"embeddable":true,"href":"https:\/\/www.ewigerbund.org\/aktuelles\/wp-json\/wp\/v2\/media\/1843"}],"wp:attachment":[{"href":"https:\/\/www.ewigerbund.org\/aktuelles\/wp-json\/wp\/v2\/media?parent=1829"}],"wp:term":[{"taxonomy":"category","embeddable":true,"href":"https:\/\/www.ewigerbund.org\/aktuelles\/wp-json\/wp\/v2\/categories?post=1829"},{"taxonomy":"post_tag","embeddable":true,"href":"https:\/\/www.ewigerbund.org\/aktuelles\/wp-json\/wp\/v2\/tags?post=1829"}],"curies":[{"name":"wp","href":"https:\/\/api.w.org\/{rel}","templated":true}]}}