{"id":1564,"date":"2021-04-16T10:41:00","date_gmt":"2021-04-16T08:41:00","guid":{"rendered":"https:\/\/www.ewigerbund.org\/aktuelles\/?p=1564"},"modified":"2023-03-18T21:31:56","modified_gmt":"2023-03-18T20:31:56","slug":"150-jahre-reichsverfassung-die-zeit-ist-reif-16-april-2021","status":"publish","type":"post","link":"https:\/\/www.ewigerbund.org\/aktuelles\/150-jahre-reichsverfassung-die-zeit-ist-reif-16-april-2021\/","title":{"rendered":"150 Jahre Reichsverfassung \u2013 Die Zeit ist reif (16. April 2021)"},"content":{"rendered":"\n<h2 class=\"wp-block-heading\">Ein gro\u00dfer Feiertag.<\/h2>\n\n\n<div style=\"padding:57% 0 0 0;position:relative;\"><iframe src=\"https:\/\/player.vimeo.com\/video\/614357643?h=f44e1ee517&amp;badge=0&amp;autopause=0&amp;player_id=0&amp;app_id=58479\" allow=\"autoplay; fullscreen; picture-in-picture\" allowfullscreen=\"\" style=\"position:absolute;top:0;left:0;width:100%;height:100%;\" frameborder=\"0\"><\/iframe><\/div><script src=\"https:\/\/player.vimeo.com\/api\/player.js\"><\/script>\n\n\n\n<p>150 Jahre sind eine lange Zeit. \u00dcber 100 Jahre davon wurden genutzt, den Deutschen das Wissen und vor allem das Bewu\u00dftsein um die Bedeutung des 16. April 1871 auszutreiben.<\/p>\n\n\n\n<p>Wenn es nicht gelungen w\u00e4re, das Deutsche Reich 1914 in den bis heute andauernden Weltkrieg zu zwingen, dann w\u00fcrden wir Deutsche den 16. April 2021 feierlich, stolz und voller W\u00fcrde begehen.<\/p>\n\n\n\n<p>Unsere am 16. April 1871 verabschiedete Reichsverfassung ist nach wie vor die g\u00fcltige deutsche Verfassung. Sie ist das gro\u00dfe Einheitswerk, wovon Deutsche 65 Jahre lang tr\u00e4umten, wof\u00fcr sie stritten, k\u00e4mpften und starben. Mit der Vollendung der Reichsgr\u00fcndung war durch Einigkeit die Freiheit errungen. Auf dieser Grundlage schrieben unsere Vorv\u00e4ter das h\u00f6chste Gesetz aller Deutschen: Salus publica, das allgemeine Wohl! Sie nutzten die Freiheit um die Pflege der Wohlfahrt f\u00fcr das gesamte deutsche Volke auf ewig zum obersten Staatszweck zu machen. Einigkeit und Recht und Freiheit sind des Gl\u00fcckes Unterpfand!<\/p>\n\n\n\n<p>All das Leid der Deutschen, sowohl im 20. als auch im noch jungen 21. Jahrhundert, hat seinen Ursprung darin, da\u00df die Deutschen dazu verleitet wurden, sich nicht mehr an ihre g\u00fcltigen Gesetze und damit nat\u00fcrlich auch nicht mehr an ihre gute Verfassung zu halten.<\/p>\n\n\n\n<p>Das muss und darf nicht so bleiben. Da\u00df es nicht so bleiben wird ist daran erkennbar, da\u00df immer mehr Deutsche sich er-innern, welch kostbares Erbe in der Reichsverfassung liegt. Mit der Erinnerung kommt die Be-sinn-ung und es w\u00e4chst die Er-kennt-nis, was nun notwendigerweise zu tun ist, um unser Erbe geltend und dem Leid ein Ende zu machen.<\/p>\n\n\n\n<p>Sobald die Deutschen sich wieder an die g\u00fcltigen deutschen Gesetze halten ist auch der aktuelle Spuk vorbei. Das klingt einfach und das ist es auch. Wir brauchen es einfach nur tun!<\/p>\n\n\n\n<p>Gedenkverantstaltungen.<\/p>\n\n\n\n<p>Auch im VHD wurde das das Jubil\u00e4um des h\u00f6chsten Gesetzes der Deutschen angemessen gefeiert. Hilfsdienstkr\u00e4fte trafen sich bundesweit in kleinen und gr\u00f6\u00dferen Gruppen um der gro\u00dfen Leistung unserer Ahnen zu gedenken. Dabei blieb es nicht nur beim R\u00fcckblick, vielmehr wurde der Fokus auf die aktuelle Zeit gelegt. Nie war es wichtiger, dass die Deutschen sich ihres legitimen Deutschen Staates,<br>sowie der bis heute g\u00fcltigen Verfassung von 1871, bewusst werden. Genau dieses not-wendige \u201eBewusst\u201c werden, passiert jeden Tag, Bundesweit. In diesem Sinne stellen wir an der Stelle einige Eindr\u00fccke des Tages vor.<\/p>\n\n\n<div style=\"padding:57% 0 0 0;position:relative;\"><iframe src=\"https:\/\/player.vimeo.com\/video\/538291005?h=c90c835993&amp;badge=0&amp;autopause=0&amp;player_id=0&amp;app_id=58479\" allow=\"autoplay; fullscreen; picture-in-picture\" allowfullscreen=\"\" style=\"position:absolute;top:0;left:0;width:100%;height:100%;\" frameborder=\"0\"><\/iframe><\/div><script src=\"https:\/\/player.vimeo.com\/api\/player.js\"><\/script>\n\n\n\n<p>Eine Abordnung des VHDs besuchte das Bismarck Nationaldenkmal in Berlin und legte Blumen mit B\u00e4ndern nieder. Es w\u00e4chst zusammen was zusammen geh\u00f6rt. Danke an die Initiatoren.<\/p>\n\n\n\n<hr class=\"wp-block-separator has-alpha-channel-opacity\"\/>\n\n\n\n<div style=\"height:50px\" aria-hidden=\"true\" class=\"wp-block-spacer\"><\/div>\n\n\n<div style=\"padding:57% 0 0 0;position:relative;\"><iframe src=\"https:\/\/player.vimeo.com\/video\/538291014?h=2aefcc7173&amp;badge=0&amp;autopause=0&amp;player_id=0&amp;app_id=58479\" allow=\"autoplay; fullscreen; picture-in-picture\" allowfullscreen=\"\" style=\"position:absolute;top:0;left:0;width:100%;height:100%;\" frameborder=\"0\"><\/iframe><\/div><script src=\"https:\/\/player.vimeo.com\/api\/player.js\"><\/script>\n\n\n\n<p>Eine andere Hilfsdienstkraft des VHDs, meldete sich mit einer ergreifenden Ansprache mit anschlie\u00dfendem Gesang zu Wort. Tr\u00e4nen unter den Mitgliedern des VHDs blieben nicht aus. Danke f\u00fcr diesem wundervollen Beitrag.<\/p>\n\n\n\n<hr class=\"wp-block-separator has-alpha-channel-opacity\"\/>\n\n\n\n<div style=\"height:50px\" aria-hidden=\"true\" class=\"wp-block-spacer\"><\/div>\n\n\n\n<figure class=\"wp-block-image size-large\"><img loading=\"lazy\" decoding=\"async\" width=\"1024\" height=\"726\" src=\"https:\/\/www.ewigerbund.org\/aktuelles\/wp-content\/uploads\/sites\/37\/2023\/03\/1.-AKB-Jugendtreffen3-1024x726.jpg\" alt=\"\" class=\"wp-image-1810\" srcset=\"https:\/\/www.ewigerbund.org\/aktuelles\/wp-content\/uploads\/sites\/37\/2023\/03\/1.-AKB-Jugendtreffen3-1024x726.jpg 1024w, https:\/\/www.ewigerbund.org\/aktuelles\/wp-content\/uploads\/sites\/37\/2023\/03\/1.-AKB-Jugendtreffen3-300x213.jpg 300w, https:\/\/www.ewigerbund.org\/aktuelles\/wp-content\/uploads\/sites\/37\/2023\/03\/1.-AKB-Jugendtreffen3-768x545.jpg 768w, https:\/\/www.ewigerbund.org\/aktuelles\/wp-content\/uploads\/sites\/37\/2023\/03\/1.-AKB-Jugendtreffen3-1536x1090.jpg 1536w, https:\/\/www.ewigerbund.org\/aktuelles\/wp-content\/uploads\/sites\/37\/2023\/03\/1.-AKB-Jugendtreffen3.jpg 1748w\" sizes=\"auto, (max-width: 1024px) 100vw, 1024px\" \/><\/figure>\n\n\n\n<p>Im S\u00fcden des Reichs entstand dieses Symboltr\u00e4chtige Foto. Es ist allgemein bekannt, dass sich die Badener und die W\u00fcrttemberger nicht immer gr\u00fcn sind, doch wenn es um die wirklich wichtigen Dinge im Leben geht, halten sie zusammen. Eine kleine Abordnung traf sich im Wald, ganz im Stil der Befreiungskriege, um ihren Teil dazu beizutragen, die Reichsverfassung wieder geltend zu machen.<\/p>\n","protected":false},"excerpt":{"rendered":"<p>Ein gro\u00dfer Feiertag. 150 Jahre sind eine lange Zeit. \u00dcber 100 Jahre davon wurden genutzt, den Deutschen das Wissen und vor allem das Bewu\u00dftsein um die Bedeutung des 16. April 1871 auszutreiben. Wenn es nicht gelungen w\u00e4re, das Deutsche Reich 1914 in den bis heute andauernden Weltkrieg zu zwingen, dann w\u00fcrden wir Deutsche den 16. &#8230; <a title=\"150 Jahre Reichsverfassung \u2013 Die Zeit ist reif (16. April 2021)\" class=\"read-more\" href=\"https:\/\/www.ewigerbund.org\/aktuelles\/150-jahre-reichsverfassung-die-zeit-ist-reif-16-april-2021\/\" aria-label=\"Mehr zu 150 Jahre Reichsverfassung \u2013 Die Zeit ist reif (16. April 2021)\">Weiterlesen &#8230;<\/a><\/p>\n","protected":false},"author":8,"featured_media":725,"comment_status":"open","ping_status":"open","sticky":false,"template":"template-6-beide-seitenleiste.php","format":"standard","meta":{"footnotes":""},"categories":[212],"tags":[265],"class_list":["post-1564","post","type-post","status-publish","format-standard","has-post-thumbnail","hentry","category-neues","tag-neues","resize-featured-image"],"yoast_head":"<!-- This site is optimized with the Yoast SEO plugin v23.1 - https:\/\/yoast.com\/wordpress\/plugins\/seo\/ -->\n<title>150 Jahre Reichsverfassung \u2013 Die Zeit ist reif (16. April 2021) - Aktuelles<\/title>\n<meta name=\"robots\" content=\"index, follow, max-snippet:-1, max-image-preview:large, max-video-preview:-1\" \/>\n<link rel=\"canonical\" href=\"https:\/\/www.ewigerbund.org\/aktuelles\/150-jahre-reichsverfassung-die-zeit-ist-reif-16-april-2021\/\" \/>\n<meta property=\"og:locale\" content=\"de_DE\" \/>\n<meta property=\"og:type\" content=\"article\" \/>\n<meta property=\"og:title\" content=\"150 Jahre Reichsverfassung \u2013 Die Zeit ist reif (16. April 2021) - Aktuelles\" \/>\n<meta property=\"og:description\" content=\"Ein gro\u00dfer Feiertag. 150 Jahre sind eine lange Zeit. \u00dcber 100 Jahre davon wurden genutzt, den Deutschen das Wissen und vor allem das Bewu\u00dftsein um die Bedeutung des 16. April 1871 auszutreiben. Wenn es nicht gelungen w\u00e4re, das Deutsche Reich 1914 in den bis heute andauernden Weltkrieg zu zwingen, dann w\u00fcrden wir Deutsche den 16. ... Weiterlesen ...\" \/>\n<meta property=\"og:url\" content=\"https:\/\/www.ewigerbund.org\/aktuelles\/150-jahre-reichsverfassung-die-zeit-ist-reif-16-april-2021\/\" \/>\n<meta property=\"og:site_name\" content=\"Aktuelles\" \/>\n<meta property=\"article:published_time\" content=\"2021-04-16T08:41:00+00:00\" \/>\n<meta property=\"article:modified_time\" content=\"2023-03-18T20:31:56+00:00\" \/>\n<meta property=\"og:image\" content=\"https:\/\/www.ewigerbund.org\/aktuelles\/wp-content\/uploads\/sites\/37\/2021\/04\/EB-Aktuelles-Reichsverfassung-16-April-21.jpg\" \/>\n\t<meta property=\"og:image:width\" content=\"1748\" \/>\n\t<meta property=\"og:image:height\" content=\"994\" \/>\n\t<meta property=\"og:image:type\" content=\"image\/jpeg\" \/>\n<meta name=\"author\" content=\"Deutscher\" \/>\n<meta name=\"twitter:card\" content=\"summary_large_image\" \/>\n<meta name=\"twitter:image\" content=\"https:\/\/www.ewigerbund.org\/aktuelles\/wp-content\/uploads\/sites\/37\/2021\/04\/EB-Aktuelles-Reichsverfassung-16-April-21.jpg\" \/>\n<meta name=\"twitter:label1\" content=\"Verfasst von\" \/>\n\t<meta name=\"twitter:data1\" content=\"Deutscher\" \/>\n\t<meta name=\"twitter:label2\" content=\"Gesch\u00e4tzte Lesezeit\" \/>\n\t<meta name=\"twitter:data2\" content=\"3\u00a0Minuten\" \/>\n<script type=\"application\/ld+json\" class=\"yoast-schema-graph\">{\"@context\":\"https:\/\/schema.org\",\"@graph\":[{\"@type\":\"Article\",\"@id\":\"https:\/\/www.ewigerbund.org\/aktuelles\/150-jahre-reichsverfassung-die-zeit-ist-reif-16-april-2021\/#article\",\"isPartOf\":{\"@id\":\"https:\/\/www.ewigerbund.org\/aktuelles\/150-jahre-reichsverfassung-die-zeit-ist-reif-16-april-2021\/\"},\"author\":{\"name\":\"Deutscher\",\"@id\":\"https:\/\/www.ewigerbund.org\/aktuelles\/#\/schema\/person\/4095e8a5634933bdfc1d6de5b3262507\"},\"headline\":\"150 Jahre Reichsverfassung \u2013 Die Zeit ist reif (16. April 2021)\",\"datePublished\":\"2021-04-16T08:41:00+00:00\",\"dateModified\":\"2023-03-18T20:31:56+00:00\",\"mainEntityOfPage\":{\"@id\":\"https:\/\/www.ewigerbund.org\/aktuelles\/150-jahre-reichsverfassung-die-zeit-ist-reif-16-april-2021\/\"},\"wordCount\":544,\"commentCount\":0,\"publisher\":{\"@id\":\"https:\/\/www.ewigerbund.org\/aktuelles\/#organization\"},\"image\":{\"@id\":\"https:\/\/www.ewigerbund.org\/aktuelles\/150-jahre-reichsverfassung-die-zeit-ist-reif-16-april-2021\/#primaryimage\"},\"thumbnailUrl\":\"https:\/\/www.ewigerbund.org\/aktuelles\/wp-content\/uploads\/sites\/37\/2022\/11\/B02-Aktuelles-1920x270px.jpg\",\"keywords\":[\"neues\"],\"articleSection\":[\"Neues vom ewigen Bund.\"],\"inLanguage\":\"de\",\"potentialAction\":[{\"@type\":\"CommentAction\",\"name\":\"Comment\",\"target\":[\"https:\/\/www.ewigerbund.org\/aktuelles\/150-jahre-reichsverfassung-die-zeit-ist-reif-16-april-2021\/#respond\"]}]},{\"@type\":\"WebPage\",\"@id\":\"https:\/\/www.ewigerbund.org\/aktuelles\/150-jahre-reichsverfassung-die-zeit-ist-reif-16-april-2021\/\",\"url\":\"https:\/\/www.ewigerbund.org\/aktuelles\/150-jahre-reichsverfassung-die-zeit-ist-reif-16-april-2021\/\",\"name\":\"150 Jahre Reichsverfassung \u2013 Die Zeit ist reif (16. April 2021) - Aktuelles\",\"isPartOf\":{\"@id\":\"https:\/\/www.ewigerbund.org\/aktuelles\/#website\"},\"primaryImageOfPage\":{\"@id\":\"https:\/\/www.ewigerbund.org\/aktuelles\/150-jahre-reichsverfassung-die-zeit-ist-reif-16-april-2021\/#primaryimage\"},\"image\":{\"@id\":\"https:\/\/www.ewigerbund.org\/aktuelles\/150-jahre-reichsverfassung-die-zeit-ist-reif-16-april-2021\/#primaryimage\"},\"thumbnailUrl\":\"https:\/\/www.ewigerbund.org\/aktuelles\/wp-content\/uploads\/sites\/37\/2022\/11\/B02-Aktuelles-1920x270px.jpg\",\"datePublished\":\"2021-04-16T08:41:00+00:00\",\"dateModified\":\"2023-03-18T20:31:56+00:00\",\"breadcrumb\":{\"@id\":\"https:\/\/www.ewigerbund.org\/aktuelles\/150-jahre-reichsverfassung-die-zeit-ist-reif-16-april-2021\/#breadcrumb\"},\"inLanguage\":\"de\",\"potentialAction\":[{\"@type\":\"ReadAction\",\"target\":[\"https:\/\/www.ewigerbund.org\/aktuelles\/150-jahre-reichsverfassung-die-zeit-ist-reif-16-april-2021\/\"]}]},{\"@type\":\"ImageObject\",\"inLanguage\":\"de\",\"@id\":\"https:\/\/www.ewigerbund.org\/aktuelles\/150-jahre-reichsverfassung-die-zeit-ist-reif-16-april-2021\/#primaryimage\",\"url\":\"https:\/\/www.ewigerbund.org\/aktuelles\/wp-content\/uploads\/sites\/37\/2022\/11\/B02-Aktuelles-1920x270px.jpg\",\"contentUrl\":\"https:\/\/www.ewigerbund.org\/aktuelles\/wp-content\/uploads\/sites\/37\/2022\/11\/B02-Aktuelles-1920x270px.jpg\",\"width\":1920,\"height\":270},{\"@type\":\"BreadcrumbList\",\"@id\":\"https:\/\/www.ewigerbund.org\/aktuelles\/150-jahre-reichsverfassung-die-zeit-ist-reif-16-april-2021\/#breadcrumb\",\"itemListElement\":[{\"@type\":\"ListItem\",\"position\":1,\"name\":\"Startseite\",\"item\":\"https:\/\/www.ewigerbund.org\/aktuelles\/\"},{\"@type\":\"ListItem\",\"position\":2,\"name\":\"150 Jahre Reichsverfassung \u2013 Die Zeit ist reif (16. April 2021)\"}]},{\"@type\":\"WebSite\",\"@id\":\"https:\/\/www.ewigerbund.org\/aktuelles\/#website\",\"url\":\"https:\/\/www.ewigerbund.org\/aktuelles\/\",\"name\":\"Aktuelles\",\"description\":\"Verfassungsb\u00fcndnis der deutschen Einzelstaaten.\",\"publisher\":{\"@id\":\"https:\/\/www.ewigerbund.org\/aktuelles\/#organization\"},\"potentialAction\":[{\"@type\":\"SearchAction\",\"target\":{\"@type\":\"EntryPoint\",\"urlTemplate\":\"https:\/\/www.ewigerbund.org\/aktuelles\/?s={search_term_string}\"},\"query-input\":\"required name=search_term_string\"}],\"inLanguage\":\"de\"},{\"@type\":\"Organization\",\"@id\":\"https:\/\/www.ewigerbund.org\/aktuelles\/#organization\",\"name\":\"Aktuelles\",\"url\":\"https:\/\/www.ewigerbund.org\/aktuelles\/\",\"logo\":{\"@type\":\"ImageObject\",\"inLanguage\":\"de\",\"@id\":\"https:\/\/www.ewigerbund.org\/aktuelles\/#\/schema\/logo\/image\/\",\"url\":\"https:\/\/www.ewigerbund.org\/aktuelles\/wp-content\/uploads\/sites\/37\/2022\/11\/2022-09-20-Logo-EB_Schutzzone_V4_Transparent.png\",\"contentUrl\":\"https:\/\/www.ewigerbund.org\/aktuelles\/wp-content\/uploads\/sites\/37\/2022\/11\/2022-09-20-Logo-EB_Schutzzone_V4_Transparent.png\",\"width\":2000,\"height\":1982,\"caption\":\"Aktuelles\"},\"image\":{\"@id\":\"https:\/\/www.ewigerbund.org\/aktuelles\/#\/schema\/logo\/image\/\"}},{\"@type\":\"Person\",\"@id\":\"https:\/\/www.ewigerbund.org\/aktuelles\/#\/schema\/person\/4095e8a5634933bdfc1d6de5b3262507\",\"name\":\"Deutscher\",\"image\":{\"@type\":\"ImageObject\",\"inLanguage\":\"de\",\"@id\":\"https:\/\/www.ewigerbund.org\/aktuelles\/#\/schema\/person\/image\/\",\"url\":\"https:\/\/secure.gravatar.com\/avatar\/5f62619aadce2c8bf5a989b368adff38?s=96&d=mm&r=g\",\"contentUrl\":\"https:\/\/secure.gravatar.com\/avatar\/5f62619aadce2c8bf5a989b368adff38?s=96&d=mm&r=g\",\"caption\":\"Deutscher\"},\"url\":\"https:\/\/www.ewigerbund.org\/aktuelles\/author\/ewigerdaniel\/\"}]}<\/script>\n<!-- \/ Yoast SEO plugin. -->","yoast_head_json":{"title":"150 Jahre Reichsverfassung \u2013 Die Zeit ist reif (16. April 2021) - Aktuelles","robots":{"index":"index","follow":"follow","max-snippet":"max-snippet:-1","max-image-preview":"max-image-preview:large","max-video-preview":"max-video-preview:-1"},"canonical":"https:\/\/www.ewigerbund.org\/aktuelles\/150-jahre-reichsverfassung-die-zeit-ist-reif-16-april-2021\/","og_locale":"de_DE","og_type":"article","og_title":"150 Jahre Reichsverfassung \u2013 Die Zeit ist reif (16. April 2021) - Aktuelles","og_description":"Ein gro\u00dfer Feiertag. 150 Jahre sind eine lange Zeit. \u00dcber 100 Jahre davon wurden genutzt, den Deutschen das Wissen und vor allem das Bewu\u00dftsein um die Bedeutung des 16. April 1871 auszutreiben. Wenn es nicht gelungen w\u00e4re, das Deutsche Reich 1914 in den bis heute andauernden Weltkrieg zu zwingen, dann w\u00fcrden wir Deutsche den 16. ... Weiterlesen ...","og_url":"https:\/\/www.ewigerbund.org\/aktuelles\/150-jahre-reichsverfassung-die-zeit-ist-reif-16-april-2021\/","og_site_name":"Aktuelles","article_published_time":"2021-04-16T08:41:00+00:00","article_modified_time":"2023-03-18T20:31:56+00:00","og_image":[{"width":1748,"height":994,"url":"https:\/\/www.ewigerbund.org\/aktuelles\/wp-content\/uploads\/sites\/37\/2021\/04\/EB-Aktuelles-Reichsverfassung-16-April-21.jpg","type":"image\/jpeg"}],"author":"Deutscher","twitter_card":"summary_large_image","twitter_image":"https:\/\/www.ewigerbund.org\/aktuelles\/wp-content\/uploads\/sites\/37\/2021\/04\/EB-Aktuelles-Reichsverfassung-16-April-21.jpg","twitter_misc":{"Verfasst von":"Deutscher","Gesch\u00e4tzte Lesezeit":"3\u00a0Minuten"},"schema":{"@context":"https:\/\/schema.org","@graph":[{"@type":"Article","@id":"https:\/\/www.ewigerbund.org\/aktuelles\/150-jahre-reichsverfassung-die-zeit-ist-reif-16-april-2021\/#article","isPartOf":{"@id":"https:\/\/www.ewigerbund.org\/aktuelles\/150-jahre-reichsverfassung-die-zeit-ist-reif-16-april-2021\/"},"author":{"name":"Deutscher","@id":"https:\/\/www.ewigerbund.org\/aktuelles\/#\/schema\/person\/4095e8a5634933bdfc1d6de5b3262507"},"headline":"150 Jahre Reichsverfassung \u2013 Die Zeit ist reif (16. April 2021)","datePublished":"2021-04-16T08:41:00+00:00","dateModified":"2023-03-18T20:31:56+00:00","mainEntityOfPage":{"@id":"https:\/\/www.ewigerbund.org\/aktuelles\/150-jahre-reichsverfassung-die-zeit-ist-reif-16-april-2021\/"},"wordCount":544,"commentCount":0,"publisher":{"@id":"https:\/\/www.ewigerbund.org\/aktuelles\/#organization"},"image":{"@id":"https:\/\/www.ewigerbund.org\/aktuelles\/150-jahre-reichsverfassung-die-zeit-ist-reif-16-april-2021\/#primaryimage"},"thumbnailUrl":"https:\/\/www.ewigerbund.org\/aktuelles\/wp-content\/uploads\/sites\/37\/2022\/11\/B02-Aktuelles-1920x270px.jpg","keywords":["neues"],"articleSection":["Neues vom ewigen Bund."],"inLanguage":"de","potentialAction":[{"@type":"CommentAction","name":"Comment","target":["https:\/\/www.ewigerbund.org\/aktuelles\/150-jahre-reichsverfassung-die-zeit-ist-reif-16-april-2021\/#respond"]}]},{"@type":"WebPage","@id":"https:\/\/www.ewigerbund.org\/aktuelles\/150-jahre-reichsverfassung-die-zeit-ist-reif-16-april-2021\/","url":"https:\/\/www.ewigerbund.org\/aktuelles\/150-jahre-reichsverfassung-die-zeit-ist-reif-16-april-2021\/","name":"150 Jahre Reichsverfassung \u2013 Die Zeit ist reif (16. April 2021) - Aktuelles","isPartOf":{"@id":"https:\/\/www.ewigerbund.org\/aktuelles\/#website"},"primaryImageOfPage":{"@id":"https:\/\/www.ewigerbund.org\/aktuelles\/150-jahre-reichsverfassung-die-zeit-ist-reif-16-april-2021\/#primaryimage"},"image":{"@id":"https:\/\/www.ewigerbund.org\/aktuelles\/150-jahre-reichsverfassung-die-zeit-ist-reif-16-april-2021\/#primaryimage"},"thumbnailUrl":"https:\/\/www.ewigerbund.org\/aktuelles\/wp-content\/uploads\/sites\/37\/2022\/11\/B02-Aktuelles-1920x270px.jpg","datePublished":"2021-04-16T08:41:00+00:00","dateModified":"2023-03-18T20:31:56+00:00","breadcrumb":{"@id":"https:\/\/www.ewigerbund.org\/aktuelles\/150-jahre-reichsverfassung-die-zeit-ist-reif-16-april-2021\/#breadcrumb"},"inLanguage":"de","potentialAction":[{"@type":"ReadAction","target":["https:\/\/www.ewigerbund.org\/aktuelles\/150-jahre-reichsverfassung-die-zeit-ist-reif-16-april-2021\/"]}]},{"@type":"ImageObject","inLanguage":"de","@id":"https:\/\/www.ewigerbund.org\/aktuelles\/150-jahre-reichsverfassung-die-zeit-ist-reif-16-april-2021\/#primaryimage","url":"https:\/\/www.ewigerbund.org\/aktuelles\/wp-content\/uploads\/sites\/37\/2022\/11\/B02-Aktuelles-1920x270px.jpg","contentUrl":"https:\/\/www.ewigerbund.org\/aktuelles\/wp-content\/uploads\/sites\/37\/2022\/11\/B02-Aktuelles-1920x270px.jpg","width":1920,"height":270},{"@type":"BreadcrumbList","@id":"https:\/\/www.ewigerbund.org\/aktuelles\/150-jahre-reichsverfassung-die-zeit-ist-reif-16-april-2021\/#breadcrumb","itemListElement":[{"@type":"ListItem","position":1,"name":"Startseite","item":"https:\/\/www.ewigerbund.org\/aktuelles\/"},{"@type":"ListItem","position":2,"name":"150 Jahre Reichsverfassung \u2013 Die Zeit ist reif (16. April 2021)"}]},{"@type":"WebSite","@id":"https:\/\/www.ewigerbund.org\/aktuelles\/#website","url":"https:\/\/www.ewigerbund.org\/aktuelles\/","name":"Aktuelles","description":"Verfassungsb\u00fcndnis der deutschen Einzelstaaten.","publisher":{"@id":"https:\/\/www.ewigerbund.org\/aktuelles\/#organization"},"potentialAction":[{"@type":"SearchAction","target":{"@type":"EntryPoint","urlTemplate":"https:\/\/www.ewigerbund.org\/aktuelles\/?s={search_term_string}"},"query-input":"required name=search_term_string"}],"inLanguage":"de"},{"@type":"Organization","@id":"https:\/\/www.ewigerbund.org\/aktuelles\/#organization","name":"Aktuelles","url":"https:\/\/www.ewigerbund.org\/aktuelles\/","logo":{"@type":"ImageObject","inLanguage":"de","@id":"https:\/\/www.ewigerbund.org\/aktuelles\/#\/schema\/logo\/image\/","url":"https:\/\/www.ewigerbund.org\/aktuelles\/wp-content\/uploads\/sites\/37\/2022\/11\/2022-09-20-Logo-EB_Schutzzone_V4_Transparent.png","contentUrl":"https:\/\/www.ewigerbund.org\/aktuelles\/wp-content\/uploads\/sites\/37\/2022\/11\/2022-09-20-Logo-EB_Schutzzone_V4_Transparent.png","width":2000,"height":1982,"caption":"Aktuelles"},"image":{"@id":"https:\/\/www.ewigerbund.org\/aktuelles\/#\/schema\/logo\/image\/"}},{"@type":"Person","@id":"https:\/\/www.ewigerbund.org\/aktuelles\/#\/schema\/person\/4095e8a5634933bdfc1d6de5b3262507","name":"Deutscher","image":{"@type":"ImageObject","inLanguage":"de","@id":"https:\/\/www.ewigerbund.org\/aktuelles\/#\/schema\/person\/image\/","url":"https:\/\/secure.gravatar.com\/avatar\/5f62619aadce2c8bf5a989b368adff38?s=96&d=mm&r=g","contentUrl":"https:\/\/secure.gravatar.com\/avatar\/5f62619aadce2c8bf5a989b368adff38?s=96&d=mm&r=g","caption":"Deutscher"},"url":"https:\/\/www.ewigerbund.org\/aktuelles\/author\/ewigerdaniel\/"}]}},"_links":{"self":[{"href":"https:\/\/www.ewigerbund.org\/aktuelles\/wp-json\/wp\/v2\/posts\/1564","targetHints":{"allow":["GET"]}}],"collection":[{"href":"https:\/\/www.ewigerbund.org\/aktuelles\/wp-json\/wp\/v2\/posts"}],"about":[{"href":"https:\/\/www.ewigerbund.org\/aktuelles\/wp-json\/wp\/v2\/types\/post"}],"author":[{"embeddable":true,"href":"https:\/\/www.ewigerbund.org\/aktuelles\/wp-json\/wp\/v2\/users\/8"}],"replies":[{"embeddable":true,"href":"https:\/\/www.ewigerbund.org\/aktuelles\/wp-json\/wp\/v2\/comments?post=1564"}],"version-history":[{"count":8,"href":"https:\/\/www.ewigerbund.org\/aktuelles\/wp-json\/wp\/v2\/posts\/1564\/revisions"}],"predecessor-version":[{"id":1816,"href":"https:\/\/www.ewigerbund.org\/aktuelles\/wp-json\/wp\/v2\/posts\/1564\/revisions\/1816"}],"wp:featuredmedia":[{"embeddable":true,"href":"https:\/\/www.ewigerbund.org\/aktuelles\/wp-json\/wp\/v2\/media\/725"}],"wp:attachment":[{"href":"https:\/\/www.ewigerbund.org\/aktuelles\/wp-json\/wp\/v2\/media?parent=1564"}],"wp:term":[{"taxonomy":"category","embeddable":true,"href":"https:\/\/www.ewigerbund.org\/aktuelles\/wp-json\/wp\/v2\/categories?post=1564"},{"taxonomy":"post_tag","embeddable":true,"href":"https:\/\/www.ewigerbund.org\/aktuelles\/wp-json\/wp\/v2\/tags?post=1564"}],"curies":[{"name":"wp","href":"https:\/\/api.w.org\/{rel}","templated":true}]}}